{"id":20885,"date":"2022-12-13T13:46:16","date_gmt":"2022-12-13T12:46:16","guid":{"rendered":"https:\/\/www.generationsanstabac.org\/actualites\/interruption-de-la-baisse-du-tabagisme-en-particulier-chez-les-femmes-et-les-plus-precaires\/"},"modified":"2022-12-13T13:46:16","modified_gmt":"2022-12-13T12:46:16","slug":"interruption-de-la-baisse-du-tabagisme-en-particulier-chez-les-femmes-et-les-plus-precaires","status":"publish","type":"actualites","link":"https:\/\/www.generationsanstabac.org\/en\/actualites\/interruption-de-la-baisse-du-tabagisme-en-particulier-chez-les-femmes-et-les-plus-precaires\/","title":{"rendered":"Halting the decline in smoking, particularly among women and the most vulnerable"},"content":{"rendered":"<p style=\"text-align: justify;\"><em>Apr\u00e8s une baisse importante du tabagisme en France entre 2014 et 2019, \u00e0 la suite de l\u2019adoption de nombreuses mesures antitabac efficaces, la pr\u00e9valence des 18-75 ans s&rsquo;est stabilis\u00e9e en 2020 et 2021 pour la consommation quotidienne mais la pr\u00e9valence g\u00e9n\u00e9rale incluant les fumeurs occasionnels a augment\u00e9 en 2021.  Ainsi en 2021, en France m\u00e9tropolitaine, plus de 3 personnes sur 10 \u00e2g\u00e9es de 18 \u00e0 75 ans d\u00e9claraient fumer (31,9% contre 30,4% en 2019) et un quart d&rsquo;entre elles \u00e9taient des fumeurs quotidiens (25,3 %). Cette hausse concerne plus particuli\u00e8rement les populations les plus pr\u00e9caires et les femmes<a href=\"#_ftn1\" name=\"_ftnref1\"><strong>[1]<\/strong><\/a>.<\/em><\/p>\n<p style=\"text-align: justify;\">Les donn\u00e9es proviennent du Barom\u00e8tre sant\u00e9 2021 de Sant\u00e9 publique France (SPF)<a href=\"#_ftn2\" name=\"_ftnref2\">[2]<\/a>, une enqu\u00eate t\u00e9l\u00e9phonique sur un \u00e9chantillon repr\u00e9sentatif de la population selon une m\u00e9thodologie d\u2019\u00e9chantillon al\u00e9atoire de la population fran\u00e7aise \u00e2g\u00e9e de 18 \u00e0 75 ans, r\u00e9alis\u00e9e entre f\u00e9vrier et d\u00e9cembre 2021, aupr\u00e8s de 24 514 individus r\u00e9sidant en France m\u00e9tropolitaine, et de 6 519 individus r\u00e9sidant en Outre-mer.<\/p>\n<h2 style=\"text-align: justify;\"><strong>Une hausse cons\u00e9quente de tabagisme f\u00e9minin<\/strong><\/h2>\n<p style=\"text-align: justify;\">Selon les r\u00e9sultats, en 2021, 31,9% des personnes \u00e2g\u00e9es de 18 \u00e0 75 ans ont d\u00e9clar\u00e9 fumer du tabac : 34,7% des hommes et 29,2% des femmes. La pr\u00e9valence du tabagisme quotidien s\u2019\u00e9levait quant \u00e0 elle \u00e0 25,3%, soit 27,8% parmi les hommes et 23% parmi les femmes. Elles \u00e9taient 20,7% \u00e0 fumer quotidiennement en 2019 soit plus d&rsquo;un million de fumeuses en plus en 2021 par rapport \u00e0 2019. Il s&rsquo;agit selon SPF de femmes qui n&rsquo;ont jamais fum\u00e9 auparavant, ou d&rsquo;un retour \u00e0 la cigarette apr\u00e8s un arr\u00eat. Au total, on d\u00e9nombre 15 millions de fumeurs en France dont 12 millions de fumeurs quotidiens.<\/p>\n<p style=\"text-align: justify;\">Les in\u00e9galit\u00e9s territoriales restent \u00e9galement marqu\u00e9es puisque le tabagisme quotidien variait de 21,7% \u00e0 29,1% selon les r\u00e9gions de France m\u00e9tropolitaine. Seules deux r\u00e9gions ont une pr\u00e9valence moins \u00e9lev\u00e9e que la moyenne nationale (\u00cele-de-France et Pays de la Loire avec 22,4%) alors que l\u2019Occitanie (28,5%) et Provence-Alpes-C\u00f4te d\u2019Azur (29,1%) ont une pr\u00e9valence plus \u00e9lev\u00e9e.<\/p>\n<h2 style=\"text-align: justify;\"><strong>Le tabagisme reste un marqueur social <\/strong><\/h2>\n<p style=\"text-align: justify;\">La pr\u00e9valence du tabagisme quotidien reste en 2021 nettement plus \u00e9lev\u00e9e chez les personnes ayant un niveau de dipl\u00f4me plus faible : 32% des personnes n\u2019ayant aucun dipl\u00f4me ou un dipl\u00f4me inf\u00e9rieur au baccalaur\u00e9at ont d\u00e9clar\u00e9 fumer quotidiennement contre 17,1% des titulaires d\u2019un dipl\u00f4me sup\u00e9rieur au baccalaur\u00e9at. Ils \u00e9taient 29% et 17,7% en 2019<\/p>\n<p style=\"text-align: justify;\">On retrouve un sch\u00e9ma similaire concernant les revenus : 32,3% des personnes dont le revenu correspondait au tercile le plus bas ont d\u00e9clar\u00e9 fumer quotidiennement (29,8% en 2019) contre 17% pour le tercile le plus \u00e9lev\u00e9 (18,2% en 2019). Parmi les personnes au ch\u00f4mage,  45,7% (39,9% en 2019) ont d\u00e9clar\u00e9 fumer quotidiennement contre 26,6% des actifs occup\u00e9s (25,3% en 2019).<\/p>\n<h2 style=\"text-align: justify;\"><strong>Un d\u00e9sengagement politique et la crise sanitaire \u00e0 l\u2019origine de la hausse <\/strong><\/h2>\n<p style=\"text-align: justify;\">Sant\u00e9 publique France explique cette hausse du tabagisme, en particulier chez certains groupes de populations, par un contexte de crise sociale depuis fin 2018 en France, accentu\u00e9 par la crise du Covid19 depuis 2020. Cette crise a entra\u00een\u00e9 des cons\u00e9quences psychologiques, \u00e9conomiques et sociales importantes davantage marqu\u00e9es parmi les femmes et les populations d\u00e9favoris\u00e9es.<\/p>\n<p style=\"text-align: justify;\">L\u2019agence pr\u00e9cise ainsi que les femmes ont \u00ab <em>connu une d\u00e9gradation de leurs conditions de travail, et pour les femmes t\u00e9l\u00e9travaillant, une pr\u00e9sence plus fr\u00e9quente des enfants dans la m\u00eame pi\u00e8ce. La charge mentale a ainsi pu augmenter pour les femmes, en particulier pendant les confinements, avec une gestion du quotidien et de la famille accentu\u00e9e<\/em> \u00bb.<\/p>\n<p style=\"text-align: justify;\">La sant\u00e9 mentale de la population s\u2019est \u00e9galement d\u00e9grad\u00e9e pendant la crise. L\u2019enqu\u00eate Coviprev (vague de fin 2021) a montr\u00e9 qu\u2019un tiers de la population souffrait d\u2019un \u00e9tat anxieux ou d\u00e9pressif et la cigarette peut \u00eatre per\u00e7ue, pour ces personnes, comme un outil pour soulager le stress. Si la majorit\u00e9 des fumeurs n\u2019a pas modifi\u00e9 sa consommation de tabac pendant les confinements, ils sont 27% \u00e0 l\u2019avoir augment\u00e9, contre 19% qui l\u2019ont r\u00e9duite.<\/p>\n<p style=\"text-align: justify;\">La pand\u00e9mie a \u00e9galement eu un impact sur les politiques de lutte antitabac en France qui se sont affaiblies pendant la p\u00e9riode. Les campagnes de pr\u00e9vention ont re\u00e7u un \u00e9cho moins important dans les m\u00e9dias en raison de la communication principalement cibl\u00e9e sur le covid. De plus, aussi bien en France que dans les autres pays, les efforts des gouvernements et pouvoirs publics pour limiter l\u2019influence de l\u2019industrie du tabac se sont affaiblis pendant la pand\u00e9mie.<\/p>\n<p style=\"text-align: justify;\">Selon l\u2019indice d\u2019interf\u00e9rence de l\u2019industrie du tabac, publi\u00e9 fin 2021<a href=\"#_ftn3\" name=\"_ftnref3\">[3]<\/a>, aucun pays n\u2019a \u00e9t\u00e9 \u00e9pargn\u00e9 par l\u2019ing\u00e9rence de l\u2019industrie du tabac qui a intensifi\u00e9 son lobby, en particulier pour promouvoir ses nouveaux produits \u00e0 base de nicotine, notamment le tabac chauff\u00e9 et fait pression pour b\u00e9n\u00e9ficier de r\u00e9glementations favorables \u00e0 ses int\u00e9r\u00eats.<\/p>\n<p><strong>Mots-cl\u00e9s : Sant\u00e9 publique France, BEH, pr\u00e9valence, hausse tabagisme, politiques antitabac, covid, femmes, pr\u00e9carit\u00e9, marqueur social<\/strong><\/p>\n<p style=\"text-align: justify;\"><strong><a href=\"https:\/\/www.generationsanstabac.org\/\">\u00a9G\u00e9n\u00e9ration Sans Tabac<\/a><\/strong><\/p>\n<p style=\"text-align: right;\"><strong><em>AE<\/em><\/strong><\/p>\n<hr \/>\n<p><a href=\"#_ftnref1\" name=\"_ftn1\">[1]<\/a> Pauline Verge, <a href=\"https:\/\/www.lesechos.fr\/economie-france\/social\/tabac-en-2021-les-francais-ont-arrete-darreter-de-fumer-1888523\">Tabac : en 2021, les Fran\u00e7ais ont arr\u00eat\u00e9 d&rsquo;arr\u00eater de fumer<\/a>, les Echos, publi\u00e9 le 13 d\u00e9cembre 2022, consult\u00e9 le jour m\u00eame<\/p>\n<p><a href=\"#_ftnref2\" name=\"_ftn2\">[2]<\/a> Communiqu\u00e9 de presse, <a href=\"https:\/\/www.santepubliquefrance.fr\/presse\/2022\/l-interruption-de-la-baisse-de-la-prevalence-du-tabagisme-se-confirme-en-2021\">L\u2019interruption de la baisse de la pr\u00e9valence du tabagisme se confirme en 2021<\/a>, Sant\u00e9 publique France, publi\u00e9 le 13 d\u00e9cembre 2022, consult\u00e9 le jour m\u00eame<\/p>\n<p><a href=\"#_ftnref3\" name=\"_ftn3\">[3]<\/a> G\u00e9n\u00e9ration sans tabac, <a href=\"https:\/\/www.generationsanstabac.org\/actualites\/industrie-tabac-a-intensifie-ses-efforts-influence-pendant-la-pandemie-de-covid19\/\">L\u2019industrie du tabac a intensifi\u00e9 ses efforts d\u2019influence pendant la pand\u00e9mie de Covid19<\/a>, publi\u00e9 le 4 novembre 2021, consult\u00e9 le 13 d\u00e9cembre 2022<\/p>\n<p><span style=\"color: #999999;\"><strong><a style=\"color: #999999;\" href=\"http:\/\/www.cnct.fr\/\" target=\"_blank\" rel=\"noopener noreferrer\">Comit\u00e9 national contre le tabagisme |<\/a><\/strong><\/span><\/p>\n","protected":false},"excerpt":{"rendered":"<p>After a significant decline in smoking in France between 2014 and 2019, following the adoption of numerous effective anti-smoking measures, the prevalence of 18-75 year-olds stabilized in 2020 and 2021 for daily consumption, but the general prevalence including occasional smokers increased in 2021. <\/p>","protected":false},"featured_media":11312,"template":"","tags":[],"thematique":[474],"class_list":["post-20885","actualites","type-actualites","status-publish","has-post-thumbnail","hentry","thematique-sante"],"acf":[],"_links":{"self":[{"href":"https:\/\/www.generationsanstabac.org\/en\/wp-json\/wp\/v2\/actualites\/20885","targetHints":{"allow":["GET"]}}],"collection":[{"href":"https:\/\/www.generationsanstabac.org\/en\/wp-json\/wp\/v2\/actualites"}],"about":[{"href":"https:\/\/www.generationsanstabac.org\/en\/wp-json\/wp\/v2\/types\/actualites"}],"version-history":[{"count":0,"href":"https:\/\/www.generationsanstabac.org\/en\/wp-json\/wp\/v2\/actualites\/20885\/revisions"}],"wp:featuredmedia":[{"embeddable":true,"href":"https:\/\/www.generationsanstabac.org\/en\/wp-json\/wp\/v2\/media\/11312"}],"wp:attachment":[{"href":"https:\/\/www.generationsanstabac.org\/en\/wp-json\/wp\/v2\/media?parent=20885"}],"wp:term":[{"taxonomy":"post_tag","embeddable":true,"href":"https:\/\/www.generationsanstabac.org\/en\/wp-json\/wp\/v2\/tags?post=20885"},{"taxonomy":"thematique","embeddable":true,"href":"https:\/\/www.generationsanstabac.org\/en\/wp-json\/wp\/v2\/thematique?post=20885"}],"curies":[{"name":"wp","href":"https:\/\/api.w.org\/{rel}","templated":true}]}}