{"id":20872,"date":"2022-11-28T10:19:58","date_gmt":"2022-11-28T09:19:58","guid":{"rendered":"https:\/\/www.generationsanstabac.org\/actualites\/commission-europeenne-un-conflit-dinterets-entre-un-haut-fonctionnaire-et-lindustrie-du-tabac\/"},"modified":"2022-11-28T10:19:58","modified_gmt":"2022-11-28T09:19:58","slug":"commission-europeenne-un-conflit-dinterets-entre-un-haut-fonctionnaire-et-lindustrie-du-tabac","status":"publish","type":"actualites","link":"https:\/\/www.generationsanstabac.org\/en\/actualites\/commission-europeenne-un-conflit-dinterets-entre-un-haut-fonctionnaire-et-lindustrie-du-tabac\/","title":{"rendered":"European Commission: Conflict of interest between senior official and tobacco industry"},"content":{"rendered":"<p style=\"text-align: justify;\"><em>L\u2019eurod\u00e9put\u00e9e \u00e9cologiste Mich\u00e8le Rivasi a \u00e9crit une lettre ouverte afin de d\u00e9noncer les pratiques de \u00ab portes tournantes \u00bb entre les instances de l\u2019Union europ\u00e9enne et l\u2019industrie du tabac. En cause : un haut fonctionnaire de la Commission europ\u00e9enne, en lien avec une entreprise cl\u00e9 pour l\u2019industrie du tabac, se retrouvant peu apr\u00e8s directeur des affaires r\u00e9glementaires de cette m\u00eame soci\u00e9t\u00e9.<\/em><\/p>\n<p style=\"text-align: justify;\">La lettre ouverte, publi\u00e9e sur le site internet de l\u2019eurod\u00e9put\u00e9e, s\u2019adresse \u00e0 la M\u00e9diatrice de l\u2019Union europ\u00e9enne Emily O\u2019Reilly, afin que celle-ci enqu\u00eate sur ce \u00ab cas tr\u00e8s probl\u00e9matique de conflit d\u2019int\u00e9r\u00eat \u00bb<a href=\"#_ftn1\" name=\"_ftnref1\">[1]<\/a>.<\/p>\n<h2 style=\"text-align: justify;\"><strong>Le s\u00e9lectionneur embauch\u00e9 par l\u2019entreprise s\u00e9lectionn\u00e9e<\/strong><\/h2>\n<p style=\"text-align: justify;\">Selon Mich\u00e8le Rivasi, un ancien haut fonctionnaire de la Direction G\u00e9n\u00e9rale de la Sant\u00e9 de la Commission europ\u00e9enne, Jan Hoffmann, \u00e9tait en charge de l\u2019\u00e9laboration du syst\u00e8me de s\u00e9lection de l\u2019acteur retenu par l\u2019Union europ\u00e9enne sur la question de la tra\u00e7abilit\u00e9, notamment des produits du tabac. Jan Hoffmann \u00e9tait \u00e9galement en charge de l\u2019\u00e9valuation de l\u2019efficacit\u00e9 de ce prestataire. Quelques mois seulement apr\u00e8s le d\u00e9part du haut fonctionnaire de la DG Sant\u00e9, celui-ci a \u00e9t\u00e9 embauch\u00e9 par ce m\u00eame prestataire, Dentsu, en qualit\u00e9 de directeur des affaires r\u00e9glementaires.<\/p>\n<h2 style=\"text-align: justify;\"><strong>Un acteur de la tra\u00e7abilit\u00e9 li\u00e9 \u00e0 l\u2019industrie du tabac<\/strong><\/h2>\n<p style=\"text-align: justify;\">Au-del\u00e0 des pratiques de \u00ab portes tournantes \u00bb (revolving doors) que soul\u00e8ve cette embauche du fonctionnaire aupr\u00e8s du prestataire s\u00e9lectionn\u00e9, les activit\u00e9s de ce dernier posent la question de l\u2019influence de l\u2019industrie du tabac dans la d\u00e9cision publique europ\u00e9enne. En effet, il appara\u00eet que la soci\u00e9t\u00e9 Dentsu est li\u00e9e directement et indirectement \u00e0 l\u2019industrie du tabac. D\u2019une part, Dentsu a rachet\u00e9 l\u2019entreprise Blue-Infinity, sp\u00e9cialis\u00e9e dans la technologie num\u00e9rique et \u00e9troitement associ\u00e9e \u00e0 l\u2019industrie du tabac. D\u2019autre part, la soci\u00e9t\u00e9, dans son versant communication, compte \u00e9galement parmi ses client le fabricant Japan Tobacco International. Les liens \u00e9vidents entre Dentsu et les cigarettiers, comme le passage du haut fonctionnaire de la Commission europ\u00e9enne \u00e0 la soci\u00e9t\u00e9 de tra\u00e7abilit\u00e9, posent la question de l\u2019ind\u00e9pendance de la d\u00e9cision publique \u00e0 l\u2019\u00e9gard de l\u2019influence de l\u2019industrie du tabac.<\/p>\n<p style=\"text-align: justify;\">Cette situation est d\u2019autant plus probl\u00e9matique que l&rsquo;Union europ\u00e9enne a affirm\u00e9 que le syst\u00e8me qu&rsquo;elle mettait en place \u00e9tait conforme au protocole de l&rsquo;OMS de lutte contre le commerce illicite des produits du tabac. Ainsi, les crit\u00e8res d&rsquo;ind\u00e9pendance juridique mis en place par l\u2019Union europ\u00e9enne ne semblent pas \u00eatre suffisamment efficaces.<\/p>\n<h2 style=\"text-align: justify;\"><strong>L\u2019industrie du tabac impliqu\u00e9e dans les march\u00e9s parall\u00e8les, l\u00e9gaux comme ill\u00e9gaux<\/strong><\/h2>\n<p style=\"text-align: justify;\">L\u2019attribution probl\u00e9matique de la tra\u00e7abilit\u00e9 \u00e0 un acteur \u00e9troitement li\u00e9 \u00e0 l\u2019industrie du tabac peut \u00e9galement questionner au regard du caract\u00e8re essentiel que repr\u00e9sente ce sujet pour les cigarettiers. En effet, l\u2019industrie du tabac est impliqu\u00e9e dans l\u2019alimentation des march\u00e9s parall\u00e8les l\u00e9gaux, \u00e0 travers le sur-approvisionnement d\u00e9lib\u00e9r\u00e9 de march\u00e9s comme celui du Luxembourg, en r\u00e9alit\u00e9 destin\u00e9 aux fumeurs frontaliers fran\u00e7ais. Mais l\u2019industrie du tabac est \u00e9galement impliqu\u00e9e dans la facilitation et l\u2019organisation du commerce illicite mondial, y compris dans des zones de conflits, comme en Afrique de l\u2019Ouest. C\u2019est pr\u00e9cis\u00e9ment pour cette raison que le Protocole de l\u2019Organisation mondiale de la sant\u00e9 pour \u00e9liminer le commerce illicite des produits du tabac, ratifi\u00e9 par la France et l\u2019Union europ\u00e9enne, oblige les Parties \u00e0 la mise en place d\u2019un syst\u00e8me de suivi et de tra\u00e7abilit\u00e9 rigoureusement ind\u00e9pendant de l\u2019industrie du tabac.<\/p>\n<p><strong>Mots-cl\u00e9s : Rivasi, Tra\u00e7abilit\u00e9, Protocole, OMS, Dentsu<br \/>\n<\/strong><\/p>\n<p><strong><a href=\"https:\/\/www.generationsanstabac.org\/\">\u00a9G\u00e9n\u00e9ration Sans Tabac<\/a><\/strong><\/p>\n<p style=\"text-align: right;\"><em><strong>FT<\/strong><\/em><\/p>\n<hr \/>\n<p style=\"text-align: justify;\"><a href=\"#_ftnref1\" name=\"_ftn1\">[1]<\/a> Mich\u00e8le Rivasi, <a href=\"https:\/\/www.michele-rivasi.eu\/politique\/lettre-ouverte-affaire-dentsu-tracking-jan-hoffman-un-cas-emblematique-de-conflits-dinterets\">Affaire Dentsu Tracking \/ Jan Hoffman : un cas embl\u00e9matique de conflits d\u2019int\u00e9r\u00eats ?<\/a>, 28\/10\/2022<\/p>\n<p><span style=\"color: #999999;\"><strong><a style=\"color: #999999;\" href=\"http:\/\/www.cnct.fr\/\" target=\"_blank\" rel=\"noopener noreferrer\">Comit\u00e9 national contre le tabagisme |<\/a><\/strong><\/span><\/p>\n","protected":false},"excerpt":{"rendered":"<p>Green MEP Mich\u00e8le Rivasi has written an open letter to denounce the &quot;revolving door&quot; practices between European Union bodies and the tobacco industry. The cause: a senior official of the European Commission, with ties to a key company for the tobacco industry, who soon after found himself director of regulatory affairs for the same company.<\/p>","protected":false},"featured_media":11292,"template":"","tags":[],"thematique":[499,538],"class_list":["post-20872","actualites","type-actualites","status-publish","has-post-thumbnail","hentry","thematique-lobby","thematique-marches-paralleles"],"acf":[],"_links":{"self":[{"href":"https:\/\/www.generationsanstabac.org\/en\/wp-json\/wp\/v2\/actualites\/20872","targetHints":{"allow":["GET"]}}],"collection":[{"href":"https:\/\/www.generationsanstabac.org\/en\/wp-json\/wp\/v2\/actualites"}],"about":[{"href":"https:\/\/www.generationsanstabac.org\/en\/wp-json\/wp\/v2\/types\/actualites"}],"version-history":[{"count":0,"href":"https:\/\/www.generationsanstabac.org\/en\/wp-json\/wp\/v2\/actualites\/20872\/revisions"}],"wp:featuredmedia":[{"embeddable":true,"href":"https:\/\/www.generationsanstabac.org\/en\/wp-json\/wp\/v2\/media\/11292"}],"wp:attachment":[{"href":"https:\/\/www.generationsanstabac.org\/en\/wp-json\/wp\/v2\/media?parent=20872"}],"wp:term":[{"taxonomy":"post_tag","embeddable":true,"href":"https:\/\/www.generationsanstabac.org\/en\/wp-json\/wp\/v2\/tags?post=20872"},{"taxonomy":"thematique","embeddable":true,"href":"https:\/\/www.generationsanstabac.org\/en\/wp-json\/wp\/v2\/thematique?post=20872"}],"curies":[{"name":"wp","href":"https:\/\/api.w.org\/{rel}","templated":true}]}}