{"id":20852,"date":"2022-11-08T08:59:46","date_gmt":"2022-11-08T07:59:46","guid":{"rendered":"https:\/\/www.generationsanstabac.org\/actualites\/cigarettes-faible-teneur-nicotine-facilitent-sevrage-fumeurs-troubles-mentaux\/"},"modified":"2022-11-08T08:59:46","modified_gmt":"2022-11-08T07:59:46","slug":"cigarettes-faible-teneur-nicotine-facilitent-sevrage-fumeurs-troubles-mentaux","status":"publish","type":"actualites","link":"https:\/\/www.generationsanstabac.org\/en\/actualites\/cigarettes-faible-teneur-nicotine-facilitent-sevrage-fumeurs-troubles-mentaux\/","title":{"rendered":"Low-nicotine cigarettes may help smokers with mental health problems quit"},"content":{"rendered":"<p style=\"text-align: justify;\"><em>R\u00e9duire l\u2019exposition \u00e0 la nicotine et aux toxiques de la cigarette n\u2019aggraverait pas les sympt\u00f4mes des personnes souffrant de troubles unipolaires de l\u2019humeur ou anxieux et faciliterait leur sevrage tabagique, indique une \u00e9tude randomis\u00e9e \u00e9tatsunienne. <\/em><\/p>\n<p style=\"text-align: justify;\">Apr\u00e8s de nombreux essais cliniques, les premi\u00e8res cigarettes \u00e0 tr\u00e8s faible teneur en nicotine ont \u00e9t\u00e9 commercialis\u00e9es aux Etats-Unis en <a href=\"https:\/\/www.generationsanstabac.org\/actualites\/commercialisation-des-premieres-cigarettes-a-taux-reduit-en-nicotine-aux-etats-unis\/\">avril 2022<\/a>. L\u2019int\u00e9r\u00eat d\u2019une moindre exposition \u00e0 la nicotine serait de rendre les cigarettes moins addictives et de faciliter ainsi l\u2019arr\u00eat du tabagisme.<\/p>\n<p style=\"text-align: justify;\">Les fumeurs souffrant de ces troubles \u00e9prouvant des sympt\u00f4mes de manque plus s\u00e9v\u00e8res lors du sevrage tabagique, la question d\u2019une \u00e9ventuelle fragilisation de ces personnes, si elles devaient passer aux cigarettes \u00e0 teneur r\u00e9duite, a r\u00e9guli\u00e8rement \u00e9t\u00e9 soulev\u00e9e. Afin de v\u00e9rifier cette hypoth\u00e8se, une \u00e9quipe r\u00e9unissant des chercheurs des universit\u00e9s de Pennsylvanie et de Harvard a engag\u00e9 une recherche randomis\u00e9e en double aveugle.<\/p>\n<h2 style=\"text-align: justify;\"><strong>Une \u00e9tude randomis\u00e9e en double aveugle, avec mesure des marqueurs biologiques <\/strong><\/h2>\n<p style=\"text-align: justify;\">La recherche a compar\u00e9 deux groupes de fumeurs ne souhaitant pas arr\u00eater de fumer et sujets \u00e0 des troubles unipolaires de l\u2019humeur ou anxieux<a href=\"#_ftn1\" name=\"_ftnref1\">[1]<\/a>. L\u2019un recevait des cigarettes \u00e0 teneur standard en nicotine (11,6 mg), l\u2019autre des cigarettes dont la teneur en nicotine \u00e9tait r\u00e9duite au fil de la recherche pour atteindre un seuil minimal de 0,2 mg. 188 personnes ont \u00e9t\u00e9 incluses dans cette exp\u00e9rience, qui s\u2019est d\u00e9roul\u00e9e sur 33 semaines. Apr\u00e8s avoir fum\u00e9 deux semaines leurs propres cigarettes, les fumeurs ne devaient fumer que les cigarettes re\u00e7ues au cours de l\u2019\u00e9tude et \u00e9viter de consommer toute autre forme de produits nicotin\u00e9s. Des \u00e9valuations \u00e0 l\u2019aide de l\u2019\u00e9chelle de d\u00e9tresse psychologique de Kessler \u00e9taient men\u00e9es en d\u00e9but et en fin de suivi. Des mesures des taux plasmatiques de nicotinine, de monoxyde de carbone (CO) dans l\u2019air expir\u00e9 et de diff\u00e9rents biomarqueurs \u00e9taient r\u00e9alis\u00e9es \u00e0 plusieurs reprises.<\/p>\n<p style=\"text-align: justify;\">A la 18\u00e8me semaine du protocole de recherche, un choix \u00e9tait propos\u00e9 aux participants pour les douze semaines restantes, entre retourner \u00e0 leurs anciennes cigarettes, continuer de fumer les cigarettes donn\u00e9es dans le protocole ou arr\u00eater de fumer. Une d\u00e9perdition de participants habituelle dans ce type de protocoles a \u00e9t\u00e9 observ\u00e9e, mais elle \u00e9tait similaire dans les deux groupes, et elle a ramen\u00e9 l\u2019effectif \u00e0 143 participants en semaine 18, puis \u00e0 121 en fin de programme.<\/p>\n<h2 style=\"text-align: justify;\"><strong>Des r\u00e9sultats encourageants sur une population sensible <\/strong><\/h2>\n<p style=\"text-align: justify;\">Les fumeurs ayant re\u00e7u des cigarettes \u00e0 teneur r\u00e9duite en nicotine affichaient, en fin de protocole, une moindre concentration plasmatique en cotinine, un taux de CO expir\u00e9 moins \u00e9lev\u00e9 et disaient moins ressentir l\u2019addiction \u00e0 la cigarette que ceux du groupe t\u00e9moin. L\u2019\u00e9tat de sant\u00e9 physique et surtout psychique de ces participants n\u2019avait pas \u00e9t\u00e9 alt\u00e9r\u00e9. De plus, davantage de participants de ce groupe avaient r\u00e9duit leur consommation de cigarettes ou avaient r\u00e9ussi \u00e0 arr\u00eater de fumer que dans le groupe t\u00e9moin.<\/p>\n<p style=\"text-align: justify;\">Les chercheurs en d\u00e9duisent que les cigarettes \u00e0 teneur r\u00e9duite en nicotine pourraient permettre de r\u00e9duire l\u2019exposition aux toxiques du tabac et favoriseraient l\u2019arr\u00eat du tabagisme, sans aggraver les sympt\u00f4mes des fumeurs ayant des troubles unipolaires de l\u2019humeur ou anxieux. Les auteurs recommandent que d\u2019autres recherches prennent en compte les troubles psychiques plus s\u00e9v\u00e8res, et appliquent des protocoles o\u00f9 la r\u00e9duction de la nicotine serait plus abrupte.<\/p>\n<p style=\"text-align: justify;\">D\u00e9j\u00e0 envisag\u00e9e aux Etats-Unis et en Nouvelle-Z\u00e9lande, la g\u00e9n\u00e9ralisation des cigarettes \u00e0 teneur r\u00e9duite en nicotine trouve ici un argument suppl\u00e9mentaire. Cette \u00e9ventuelle g\u00e9n\u00e9ralisation risque n\u00e9anmoins d\u2019exiger encore quelques ann\u00e9es avant d\u2019\u00eatre effective.<\/p>\n<p style=\"text-align: justify;\"><strong>Mots-cl\u00e9s : cigarettes \u00e0 teneur r\u00e9duite en nicotine, cotinine, CO, anxi\u00e9t\u00e9, troubles unipolaires, sevrage<\/strong><\/p>\n<p style=\"text-align: justify;\"><strong><a href=\"https:\/\/www.generationsanstabac.org\/\">\u00a9G\u00e9n\u00e9ration Sans Tabac<\/a><\/strong><\/p>\n<p style=\"text-align: right;\"><em><strong>MF<\/strong><\/em><\/p>\n<hr \/>\n<p style=\"text-align: justify;\"><a href=\"#_ftnref1\" name=\"_ftn1\">[1]<\/a> Foulds J, Veldheer S, Pachas G, Hrabovsky S, Hameed A, Allen SI, et al. (2022) <a href=\"https:\/\/journals.plos.org\/plosone\/article?id=10.1371\/journal.pone.0275522\"><em>The effects of reduced nicotine content cigarettes on biomarkers of nicotine and toxicant exposure, smoking behavior and psychiatric symptoms in smokers with mood or anxiety disorders: A double- blind randomized trial<\/em><\/a>. PLoS ONE 17(11): e0275522.<\/p>\n<p><span style=\"color: #999999;\"><strong><a style=\"color: #999999;\" href=\"http:\/\/www.cnct.fr\/\" target=\"_blank\" rel=\"noopener noreferrer\">Comit\u00e9 national contre le tabagisme |<\/a> <\/strong><\/span><\/p>\n","protected":false},"excerpt":{"rendered":"<p>Reducing exposure to nicotine and cigarette toxins would not worsen symptoms in people with unipolar mood or anxiety disorders and would make it easier for them to quit smoking, according to a randomized US study.<\/p>","protected":false},"featured_media":11262,"template":"","tags":[],"thematique":[474],"class_list":["post-20852","actualites","type-actualites","status-publish","has-post-thumbnail","hentry","thematique-sante"],"acf":[],"_links":{"self":[{"href":"https:\/\/www.generationsanstabac.org\/en\/wp-json\/wp\/v2\/actualites\/20852","targetHints":{"allow":["GET"]}}],"collection":[{"href":"https:\/\/www.generationsanstabac.org\/en\/wp-json\/wp\/v2\/actualites"}],"about":[{"href":"https:\/\/www.generationsanstabac.org\/en\/wp-json\/wp\/v2\/types\/actualites"}],"version-history":[{"count":0,"href":"https:\/\/www.generationsanstabac.org\/en\/wp-json\/wp\/v2\/actualites\/20852\/revisions"}],"wp:featuredmedia":[{"embeddable":true,"href":"https:\/\/www.generationsanstabac.org\/en\/wp-json\/wp\/v2\/media\/11262"}],"wp:attachment":[{"href":"https:\/\/www.generationsanstabac.org\/en\/wp-json\/wp\/v2\/media?parent=20852"}],"wp:term":[{"taxonomy":"post_tag","embeddable":true,"href":"https:\/\/www.generationsanstabac.org\/en\/wp-json\/wp\/v2\/tags?post=20852"},{"taxonomy":"thematique","embeddable":true,"href":"https:\/\/www.generationsanstabac.org\/en\/wp-json\/wp\/v2\/thematique?post=20852"}],"curies":[{"name":"wp","href":"https:\/\/api.w.org\/{rel}","templated":true}]}}