{"id":20840,"date":"2022-10-24T13:33:11","date_gmt":"2022-10-24T11:33:11","guid":{"rendered":"https:\/\/www.generationsanstabac.org\/actualites\/irlande-envisage-dinterdire-les-cigarettes-electroniques-jetables\/"},"modified":"2022-10-24T13:33:11","modified_gmt":"2022-10-24T11:33:11","slug":"irlande-envisage-dinterdire-les-cigarettes-electroniques-jetables","status":"publish","type":"actualites","link":"https:\/\/www.generationsanstabac.org\/en\/actualites\/irlande-envisage-dinterdire-les-cigarettes-electroniques-jetables\/","title":{"rendered":"Ireland considers banning disposable e-cigarettes"},"content":{"rendered":"<p style=\"text-align: justify;\"><em>Le gouvernement envisage d&rsquo;interdire les cigarettes \u00e9lectroniques jetables de type puff qui sont devenues tr\u00e8s populaires en Irlande<a href=\"#_ftn1\" name=\"_ftnref1\"><strong>[1]<\/strong><\/a>. Le ministre de l&rsquo;\u00e9conomie circulaire Ossian Smyth a d\u00e9clar\u00e9 qu&rsquo;une consultation publique serait men\u00e9e avant de finaliser toute interdiction des produits \u00e0 base de nicotine jetables, mais qu&rsquo;elle pourrait \u00eatre introduite dans le cadre de transposition de la <\/em><a href=\"https:\/\/environment.ec.europa.eu\/topics\/plastics\/single-use-plastics_en\"><em>directive europ\u00e9enne<\/em><\/a><em> sur les plastiques \u00e0 usage unique.<\/em><\/p>\n<p style=\"text-align: justify;\">L&rsquo;objectif de la directive sur les plastiques \u00e0 usage unique (SUP) est de pr\u00e9venir et de r\u00e9duire l&rsquo;impact sur l&rsquo;environnement de certains produits en plastique et de promouvoir une transition vers une \u00e9conomie circulaire. En particulier, la directive vise \u00e0 lutter contre les d\u00e9chets marins et les d\u00e9chets plastiques gr\u00e2ce \u00e0 un cadre l\u00e9gislatif harmonis\u00e9 dans toute l&rsquo;UE.  Les m\u00e9gots de cigarettes et autres filtres utilis\u00e9s pour les produits du tabac font par ailleurs partie des dix produits en plastique \u00e0 usage unique vis\u00e9s par la directive.<\/p>\n<p style=\"text-align: justify;\">L\u2019Irlande est, \u00e0 ce jour, le seul pays qui envisage l\u2019interdiction compl\u00e8te des cigarettes \u00e9lectroniques jetables.<\/p>\n<h2 style=\"text-align: justify;\"><strong>R\u00e9pondre \u00e0 une probl\u00e9matique environnementale urgente<\/strong><\/h2>\n<p style=\"text-align: justify;\">L\u2019essor rapide de la consommation des cigarettes \u00e9lectroniques d\u2019une mani\u00e8re g\u00e9n\u00e9rale dans de nombreux pays pose un nouveau probl\u00e8me environnemental majeur. Elles sont produites en quantit\u00e9 importante et comportent des batteries compos\u00e9es de lithium, de circuits \u00e9lectroniques, de plastique et de r\u00e9sidus de liquides et nicotine qui deviennent des sources massives et dangereuses de d\u00e9chets. Les cigarettes \u00e9lectroniques jetables aggravent encore cette nouvelle donne en raison de leur caract\u00e8re \u00ab jetable \u00bb et \u00e0 usage si ce n\u2019est unique du moins restreint.Le ministre Smyth d\u00e9nonce pr\u00e9cis\u00e9ment l\u2019usage unique de ce type de produit qui, tr\u00e8s souvent, n\u2019est pas recycl\u00e9 de mani\u00e8re appropri\u00e9e et finit dans la nature. Il ajoute <em>\u00ab c\u2019est un exemple d\u2019une innovation qui rend le monde plus mauvais \u00bb<\/em>.<\/p>\n<p style=\"text-align: justify;\">En juillet 2022, une \u00e9tude britannique<a href=\"#_ftn2\" name=\"_ftnref2\">[2]<\/a> avait r\u00e9v\u00e9l\u00e9 qu\u2019une majorit\u00e9 des cigarettes \u00e9lectroniques jetables ne sont pas recycl\u00e9es et finissent dans les d\u00e9charges au Royaume-Uni. Selon l\u2019\u00e9tude, deux cigarettes \u00e9lectroniques jetables (puff) sont jet\u00e9es dans la poubelle chaque seconde au Royaume-Uni. Cela repr\u00e9sente assez de lithium pour fabriquer environ 1 200 batteries de voitures \u00e9lectriques sur une ann\u00e9e.<\/p>\n<h2 style=\"text-align: justify;\"><strong>Un produit trop facilement accessible<\/strong><\/h2>\n<p style=\"text-align: justify;\">Ossian Smyth d\u00e9nonce \u00e9galement la facilit\u00e9 avec laquelle on peut se procurer ces produits notamment en ligne ,  produits pl\u00e9biscit\u00e9s par les jeunes,. Selon le ministre, il serait pr\u00e9f\u00e9rable de confier la vente des cigarettes \u00e9lectroniques \u00e0 des magasins sp\u00e9cialis\u00e9s. Il a fait valoir que les consommateurs pr\u00e9f\u00e9reraient acheter un produit r\u00e9glement\u00e9 dans un magasin, plut\u00f4t que d&rsquo;acheter des vapes jetables en ligne dont les ingr\u00e9dients et le taux de nicotine ne sont pas ceux indiqu\u00e9s sur l\u2019emballage.<\/p>\n<p style=\"text-align: justify;\">En mai dernier, le Health Service Executive\u2019s National Tobacco Control Office en Irlande avait adress\u00e9 des notifications d\u2019alerte RAPEX au Safety Gate<a href=\"#_ftn3\" name=\"_ftnref3\">[3]<\/a> (le syst\u00e8me d\u2019alerte rapide de l\u2019Union Europ\u00e9enne pour les produits non alimentaires dangereux) apr\u00e8s avoir d\u00e9couvert que certaines cigarettes \u00e9lectroniques jetables contenaient jusqu\u2019\u00e0 50 mg\/ml (5%) de nicotine (la limite autoris\u00e9e en UE \u00e9tant de 20 mg\/ml (2%)).<\/p>\n<p style=\"text-align: justify;\">Ces probl\u00e9matiques autour ces cigarettes \u00e9lectroniques jetables se posent d\u00e9sormais dans de nombreux dont la France o\u00f9 elles ont investi massivement les lieux de vente et sont devenus un r\u00e9el ph\u00e9nom\u00e8ne de mode aupr\u00e8s des adolescents<a href=\"#_ftn4\" name=\"_ftnref4\">[4]<\/a>.<\/p>\n<p style=\"text-align: justify;\"><strong>Mots-cl\u00e9s : Irlande, cigarette \u00e9lectronique jetable, puff, interdiction, directive europ\u00e9enne, environnement<\/strong><\/p>\n<p style=\"text-align: justify;\"><strong><a href=\"https:\/\/www.generationsanstabac.org\/\">\u00a9G\u00e9n\u00e9ration Sans Tabac<\/a><\/strong><\/p>\n<p style=\"text-align: right;\"><strong><em>AE<\/em><\/strong><\/p>\n<hr \/>\n<p><a href=\"#_ftnref1\" name=\"_ftn1\">[1]<\/a> Paul Hyland, <a href=\"https:\/\/www.independent.ie\/news\/environment\/minister-defends-plan-to-ban-disposable-vapes-theyre-making-the-world-worse-42071990.html\">Minister defends plan to ban disposable vapes &#8211; \u2018They\u2019re making the world worse\u2019<\/a>, Independent, publi\u00e9e le 17 octobre 2022, consult\u00e9 le 20 octobre 2022<\/p>\n<p><a href=\"#_ftnref2\" name=\"_ftn2\">[2]<\/a> G\u00e9n\u00e9ration sans tabac, <a href=\"https:\/\/www.generationsanstabac.org\/actualites\/une-majorite-des-cigarettes-electroniques-jetables-ne-sont-pas-recyclees-et-finissent-dans-les-decharges\/\">Une majorit\u00e9 des cigarettes \u00e9lectroniques jetables ne sont pas recycl\u00e9es et finissent dans les d\u00e9charge<\/a>s, publi\u00e9e le 19 juillet 2022, consult\u00e9 le 20 octobre 2022<\/p>\n<p><a href=\"#_ftnref3\" name=\"_ftn3\">[3]<\/a> G\u00e9n\u00e9ration sans tabac, <a href=\"https:\/\/www.generationsanstabac.org\/actualites\/irlande-taux-nicotine-eleves-non-indiques-emballes-cigarettes-electroniques-jetables\/\">Irlande : des taux de nicotine tr\u00e8s \u00e9lev\u00e9s non indiqu\u00e9s sur les emballages des cigarettes \u00e9lectroniques jetables<\/a>, publi\u00e9 le 25 mai 2022, consult\u00e9 le 20 octobre 2022<\/p>\n<p><a href=\"#_ftnref4\" name=\"_ftn4\">[4]<\/a> G\u00e9n\u00e9ration sans tabac,<a href=\"https:\/\/www.generationsanstabac.org\/article\/puffs-risque-epidemie-pediatrique\/\"> Les puffs : un risque d\u2019\u00e9pid\u00e9mie p\u00e9diatrique<\/a>, publi\u00e9 le 13 juillet 2022, consult\u00e9 le 24 octobre 2022<\/p>\n<p><span style=\"color: #999999;\"><strong><a style=\"color: #999999;\" href=\"http:\/\/www.cnct.fr\/\" target=\"_blank\" rel=\"noopener noreferrer\">Comit\u00e9 national contre le tabagisme |<\/a><\/strong><\/span><\/p>\n","protected":false},"excerpt":{"rendered":"<p>The government is considering banning disposable puff-style e-cigarettes, which have become very popular in Ireland. Circular Economy Minister Ossian Smyth said a public consultation would be held before finalizing any ban on disposable nicotine products, but that it could be introduced as part of the transposition of the European Union&#039;s Single-Use Plastics Directive.<\/p>","protected":false},"featured_media":20841,"template":"","tags":[],"thematique":[502,516],"class_list":["post-20840","actualites","type-actualites","status-publish","has-post-thumbnail","hentry","thematique-justice","thematique-nouveaux-produits"],"acf":[],"_links":{"self":[{"href":"https:\/\/www.generationsanstabac.org\/en\/wp-json\/wp\/v2\/actualites\/20840","targetHints":{"allow":["GET"]}}],"collection":[{"href":"https:\/\/www.generationsanstabac.org\/en\/wp-json\/wp\/v2\/actualites"}],"about":[{"href":"https:\/\/www.generationsanstabac.org\/en\/wp-json\/wp\/v2\/types\/actualites"}],"version-history":[{"count":0,"href":"https:\/\/www.generationsanstabac.org\/en\/wp-json\/wp\/v2\/actualites\/20840\/revisions"}],"wp:featuredmedia":[{"embeddable":true,"href":"https:\/\/www.generationsanstabac.org\/en\/wp-json\/wp\/v2\/media\/20841"}],"wp:attachment":[{"href":"https:\/\/www.generationsanstabac.org\/en\/wp-json\/wp\/v2\/media?parent=20840"}],"wp:term":[{"taxonomy":"post_tag","embeddable":true,"href":"https:\/\/www.generationsanstabac.org\/en\/wp-json\/wp\/v2\/tags?post=20840"},{"taxonomy":"thematique","embeddable":true,"href":"https:\/\/www.generationsanstabac.org\/en\/wp-json\/wp\/v2\/thematique?post=20840"}],"curies":[{"name":"wp","href":"https:\/\/api.w.org\/{rel}","templated":true}]}}