{"id":20832,"date":"2022-10-18T09:58:32","date_gmt":"2022-10-18T07:58:32","guid":{"rendered":"https:\/\/www.generationsanstabac.org\/actualites\/ameriques-industrie-reste-frein-lutte-tabagisme\/"},"modified":"2022-10-18T09:58:32","modified_gmt":"2022-10-18T07:58:32","slug":"ameriques-industrie-reste-frein-lutte-tabagisme","status":"publish","type":"actualites","link":"https:\/\/www.generationsanstabac.org\/en\/actualites\/ameriques-industrie-reste-frein-lutte-tabagisme\/","title":{"rendered":"Americas: Industry remains a hindrance to the fight against smoking"},"content":{"rendered":"<p style=\"text-align: justify;\"><em>Un num\u00e9ro sp\u00e9cial de la revue Tobacco Control est consacr\u00e9 \u00e0 la lutte contre le tabagisme dans les Am\u00e9riques. Un des articles de ce num\u00e9ro fait le point sur les avanc\u00e9es en la mati\u00e8re sur le continent et observe quelques progr\u00e8s significatifs, m\u00eame si de nombreux efforts restent \u00e0 engager pour contrer le lobby du tabac. <\/em><\/p>\n<p style=\"text-align: justify;\">Regroup\u00e9s au sein de la Pan American Health Organization (PAHO), les 35 pays du continent am\u00e9ricain unissent r\u00e9gionalement leurs efforts pour lutter contre les diff\u00e9rentes maladies non transmissibles. Apr\u00e8s un constat d\u2019essoufflement en 2017, la lutte contre le tabagisme a \u00e9t\u00e9 r\u00e9affirm\u00e9e comme un objectif prioritaire \u00e0 travers le Plan d\u2019action 2018-2022 pour renforcer le contr\u00f4le du tabac dans la r\u00e9gion des Am\u00e9riques.<\/p>\n<p style=\"text-align: justify;\">S\u2019appuyant sur les rapports 2015, 2017 et 2019 de l\u2019Organisation Mondiale de la Sant\u00e9 (OMS) sur l\u2019\u00e9pid\u00e9mie globale de tabagisme, un article fait le point sur la situation des pays am\u00e9ricains sur ce sujet<a href=\"#_ftn1\" name=\"_ftnref1\">[1]<\/a>.<\/p>\n<h2 style=\"text-align: justify;\"><strong>Plus de lieux non-fumeurs et d\u2019avertissements sanitaires <\/strong><\/h2>\n<p style=\"text-align: justify;\">Parmi les principales avanc\u00e9es observ\u00e9es en 2020, la g\u00e9n\u00e9ralisation des lieux clos non-fumeurs, dans les b\u00e2timents publics, les lieux de travail et les transports en commun, est \u00e0 pr\u00e9sent act\u00e9e dans 22 pays, couvrant environ la moiti\u00e9 de la population du continent. L\u2019autre mesure la plus r\u00e9pandue est l\u2019apposition de larges avertissements sanitaires sur les produits du tabac (au moins 50 % de la surface), implant\u00e9e dans 21 pays repr\u00e9sentant un peu plus de la moiti\u00e9 de la population.<\/p>\n<p style=\"text-align: justify;\">Les objectifs fix\u00e9s pour 2022 en mati\u00e8re d\u2019interdiction totale de la publicit\u00e9, de la promotion et du parrainage des produits du tabac ne sont en revanche appliqu\u00e9s que dans huit pays (30 % de la population r\u00e9gionale), et dans une proportion identique pour l\u2019interdiction des \u00e9tals de produits du tabac dans les points de vente. L\u2019\u00e9tablissement de taux de taxation des produits du tabac \u00e0 75 % ou plus n\u2019\u00e9tait effective que dans cinq pays (32 % de la population) et reste l\u2019un des principaux chantiers \u00e0 mettre en \u0153uvre pour financer les soins et la pr\u00e9vention du tabagisme. Onze pays (22,5 % de la population) ont n\u00e9anmoins adopt\u00e9, entre 2014 et 2018, des augmentations des droits d\u2019accises sur le tabac d\u2019au moins 10 %.<\/p>\n<h2 style=\"text-align: justify;\"><strong>De fortes disparit\u00e9s selon les sous-r\u00e9gions <\/strong><\/h2>\n<p style=\"text-align: justify;\">Cette situation globale cache cependant de fortes disparit\u00e9s sur le continent. La sous-r\u00e9gion des Cara\u00efbes non-hispanophones continue ainsi d\u2019accuser un retard cons\u00e9quent sur l\u2019application des mesures contenues dans la Convention-cadre pour la lutte antitabac (<a href=\"https:\/\/apps.who.int\/iris\/bitstream\/handle\/10665\/42812\/9242591017.pdf;sequence=1\">CCLAT<\/a>), mais a significativement progress\u00e9 sur les plans des lieux non-fumeurs, des avertissements sanitaires et de l\u2019interdiction totale de la publicit\u00e9. La mise en \u0153uvre des six mesures <a href=\"https:\/\/www.emro.who.int\/fr\/tfi\/news\/who-fctc-and-mpower.html\">MPOWER<\/a> de l\u2019OMS sur les bonnes pratiques a permis, au Br\u00e9sil, de r\u00e9duire la pr\u00e9valence tabagique de 15,6 % en 2007 \u00e0 9,8 % en 2019. L\u2019interdiction de fumer dans les lieux clos est diffus\u00e9e dans toute l\u2019Am\u00e9rique du Sud, mais reste encore partielle dans la pratique et est peu r\u00e9pandue en Am\u00e9rique Centrale. Le paquet neutre standardis\u00e9 pour les produits de tabac n\u2019est en revanche appliqu\u00e9 qu\u2019au Canada et en Uruguay, ce dernier \u00e9tant r\u00e9cemment en passe de r\u00e9viser sa <a href=\"https:\/\/www.generationsanstabac.org\/actualites\/sous-pression-de-lindustrie-luruguay-renonce-au-paquet-neutre\/\">position<\/a>.<\/p>\n<h2 style=\"text-align: justify;\"><strong>Le frein permanent de l\u2019industrie du tabac<\/strong><\/h2>\n<p style=\"text-align: justify;\">Dans tous les pays, les interf\u00e9rences de l\u2019industrie du tabac \u00e9taient les principaux obstacles destin\u00e9s \u00e0 emp\u00eacher l\u2019adoption ou la mise en place des mesures envisag\u00e9es, qu\u2019il s\u2019agisse de publicit\u00e9, d\u2019avertissements sanitaires, de paquet neutre ou de taxation. La p\u00e9riode de pand\u00e9mie de COVID-19 a notamment \u00e9t\u00e9 marqu\u00e9e par d\u2019importantes offensives de cette industrie, sur les plans de la publicit\u00e9 et des tentatives d\u2019ing\u00e9rences dans les politiques publiques. La menace d\u2019une augmentation du commerce illicite, brandie par l\u2019industrie en cas d\u2019\u00e9l\u00e9vation des taxes sur les produits du tabac, est n\u00e9anmoins contredite par les \u00e9tudes ind\u00e9pendantes r\u00e9alis\u00e9es, dans la r\u00e9gion Am\u00e9riques comme dans d\u2019autres dans le monde. Le Protocole pour l\u2019\u00e9limination du commerce illicite des produits du tabac para\u00eet ici le rempart le plus utile, mais n\u2019a \u00e9t\u00e9 ratifi\u00e9 que par six pays de la r\u00e9gion.<\/p>\n<p style=\"text-align: justify;\">Les auteurs regrettent l\u2019absence d\u2019instruments pour limiter les interf\u00e9rences de cette industrie, et sugg\u00e8rent d\u2019\u00e9tablir des outils l\u00e9gislatifs pour se pr\u00e9munir des conflits d\u2019int\u00e9r\u00eats. Ils pr\u00e9conisent, afin de mieux mettre en \u0153uvre les dispositions de la CCLAT, de multiplier les \u00e9changes entre les diff\u00e9rents minist\u00e8res d\u2019un pays, et entre les diff\u00e9rents pays du Sud pour la transmission des bonnes pratiques.<\/p>\n<p style=\"text-align: justify;\">Au final, ce bilan qui semble en demi-teinte ne devrait permettre que d\u2019atteindre partiellement les objectifs du Plan d\u2019action en 2022. Il contient n\u00e9anmoins d\u2019importants progr\u00e8s, qui montrent, avec l\u2019exemple du Br\u00e9sil, que le d\u00e9ploiement des mesures de la CCLAT permet d\u2019obtenir d\u2019importants <a href=\"https:\/\/www.generationsanstabac.org\/article\/ameriques-baisse-consommation-consecutive-mise-en-place-mesures-antitabac-efficaces\/\">r\u00e9sultats<\/a> concrets, \u00e0 l\u2019inverse de ce que pr\u00e9tend l\u2019industrie du tabac.<\/p>\n<p style=\"text-align: justify;\"><strong>Mots-cl\u00e9s : Am\u00e9riques, FAHO, OMS, CCLAT, lobby, ing\u00e9rence industrie du tabac<\/strong><\/p>\n<p style=\"text-align: justify;\"><strong><a href=\"https:\/\/www.generationsanstabac.org\/\">\u00a9G\u00e9n\u00e9ration Sans Tabac<\/a><\/strong><\/p>\n<p style=\"text-align: right;\"><strong><em>MF<\/em><\/strong><\/p>\n<hr \/>\n<p><a href=\"#_ftnref1\" name=\"_ftn1\">[1]<\/a> Sandoval RC, Bacelar Gomes A, Roche M, Parra N, Armada F. <a href=\"https:\/\/iris.paho.org\/bitstream\/handle\/10665.2\/56517\/v46e2022022.pdf?sequence=1&amp;isAllowed=y\"><em>Advances in Tobacco Control in the Region of the Americas, 2020<\/em><\/a>. Rev Panam Salud Publica. 2022;46:e202.<\/p>\n<p><span style=\"color: #999999;\"><strong><a style=\"color: #999999;\" href=\"http:\/\/www.cnct.fr\/\" target=\"_blank\" rel=\"noopener noreferrer\">Comit\u00e9 national contre le tabagisme |<\/a><\/strong><\/span><\/p>\n","protected":false},"excerpt":{"rendered":"<p>A special issue of the journal Tobacco Control is devoted to the fight against smoking in the Americas. One of the articles in this issue takes stock of the progress in this area on the continent and notes some significant progress, even if many efforts remain to be made to counter the tobacco lobby.<\/p>","protected":false},"featured_media":11234,"template":"","tags":[],"thematique":[499,474],"class_list":["post-20832","actualites","type-actualites","status-publish","has-post-thumbnail","hentry","thematique-lobby","thematique-sante"],"acf":[],"_links":{"self":[{"href":"https:\/\/www.generationsanstabac.org\/en\/wp-json\/wp\/v2\/actualites\/20832","targetHints":{"allow":["GET"]}}],"collection":[{"href":"https:\/\/www.generationsanstabac.org\/en\/wp-json\/wp\/v2\/actualites"}],"about":[{"href":"https:\/\/www.generationsanstabac.org\/en\/wp-json\/wp\/v2\/types\/actualites"}],"version-history":[{"count":0,"href":"https:\/\/www.generationsanstabac.org\/en\/wp-json\/wp\/v2\/actualites\/20832\/revisions"}],"wp:featuredmedia":[{"embeddable":true,"href":"https:\/\/www.generationsanstabac.org\/en\/wp-json\/wp\/v2\/media\/11234"}],"wp:attachment":[{"href":"https:\/\/www.generationsanstabac.org\/en\/wp-json\/wp\/v2\/media?parent=20832"}],"wp:term":[{"taxonomy":"post_tag","embeddable":true,"href":"https:\/\/www.generationsanstabac.org\/en\/wp-json\/wp\/v2\/tags?post=20832"},{"taxonomy":"thematique","embeddable":true,"href":"https:\/\/www.generationsanstabac.org\/en\/wp-json\/wp\/v2\/thematique?post=20832"}],"curies":[{"name":"wp","href":"https:\/\/api.w.org\/{rel}","templated":true}]}}