{"id":20824,"date":"2022-10-05T06:30:15","date_gmt":"2022-10-05T04:30:15","guid":{"rendered":"https:\/\/www.generationsanstabac.org\/actualites\/le-gouvernement-souhaite-mettre-un-coup-darret-au-tabac-chauffe\/"},"modified":"2022-10-05T06:30:15","modified_gmt":"2022-10-05T04:30:15","slug":"le-gouvernement-souhaite-mettre-un-coup-darret-au-tabac-chauffe","status":"publish","type":"actualites","link":"https:\/\/www.generationsanstabac.org\/en\/actualites\/le-gouvernement-souhaite-mettre-un-coup-darret-au-tabac-chauffe\/","title":{"rendered":"Government wants to put a stop to heated tobacco"},"content":{"rendered":"<p style=\"text-align: justify;\"><em>Le gouvernement souhaite cr\u00e9er une nouvelle cat\u00e9gorie fiscale pour le tabac chauff\u00e9, dans l\u2019objectif d\u2019en dissuader la consommation, dans le cadre du Projet de loi de financement de la s\u00e9curit\u00e9 sociale (PLFSS). Si le PLFSS n\u2019a pas encore \u00e9t\u00e9 adopt\u00e9 par le Parlement, il constitue en l\u2019\u00e9tat un s\u00e9rieux revers dans la strat\u00e9gie commerciale de Philip Morris France. <\/em><\/p>\n<p style=\"text-align: justify;\">Le gouvernement a indiqu\u00e9 souhaiter indexer les taxes sur les cigarettes sur les niveaux d\u2019inflation, et, afin d\u2019\u00e9viter un report de la consommation sur les nouveaux produits du tabac, cr\u00e9er une cat\u00e9gorie fiscale sp\u00e9cifique sur le tabac chauff\u00e9<a href=\"#_ftn1\" name=\"_ftnref1\">[1]<\/a>.<\/p>\n<h2 style=\"text-align: justify;\"><strong>Une taxation actuelle tr\u00e8s favorable au tabac chauff\u00e9<\/strong><\/h2>\n<p style=\"text-align: justify;\">A l\u2019heure actuelle, le tabac chauff\u00e9 est class\u00e9 dans la cat\u00e9gorie fiscale des \u00ab autres tabac \u00e0 fumer \u00bb, au m\u00eame titre que le narguil\u00e9 ou les blunts. Par cette classification, le tabac chauff\u00e9, qui se pr\u00e9sente sous la forme de mini-cigarettes, b\u00e9n\u00e9ficie d\u2019un net avantage fiscal, en comparaison des cigarettes manufactur\u00e9es. Par exemple, un paquet de Marlboro Red, vendu au d\u00e9tail \u00e0 10,5 euros, est compos\u00e9 \u00e0 84% de taxes, permettant au fabricant de d\u00e9gager une marge de 65 centimes par paquet. Or, un paquet de mini-cigarettes Heets, vendu au d\u00e9tail \u00e0 7,50 euros, n\u2019est tax\u00e9 qu\u2019\u00e0 hauteur de 70%, laissant \u00e0 Philip Morris une marge b\u00e9n\u00e9ficiaire de 1,48 euro. Ainsi, alors que le prix d\u2019un paquet de Heets affiche un prix inf\u00e9rieur de 29% par rapport \u00e0 un paquet de Marlboro Red, il permet au fabricant de d\u00e9gager une marge b\u00e9n\u00e9ficiaire 128% sup\u00e9rieure.<\/p>\n<h2 style=\"text-align: justify;\"><strong>Le PLFSS imperm\u00e9able au discours sur la \u00ab r\u00e9duction des risques \u00bb affich\u00e9e de Philip Morris <\/strong><\/h2>\n<p style=\"text-align: justify;\">Le gouvernement, en souhaitant cr\u00e9er une cat\u00e9gorie fiscale sp\u00e9cifique, avec une taxation des produits \u00e0 l\u2019unit\u00e9, devrait conduire \u00e0 une augmentation importante de la taxation de ces produits, et donc de leur prix. Une telle strat\u00e9gie a pour objectif d\u2019en r\u00e9duire l\u2019attractivit\u00e9, comme le souligne le PLFSS qui indique vouloir \u00e9viter de \u00ab favoriser l\u2019\u00e9mergence de nouveaux produits tout aussi dangereux \u00bb, comme le tabac chauff\u00e9. Une telle d\u00e9claration semble t\u00e9moigner du fait que le discours tenu par Philip Morris, visant \u00e0 faire du tabac chauff\u00e9 un outil de r\u00e9duction des risques, ne parvient pas \u00e0 convaincre l\u2019ex\u00e9cutif fran\u00e7ais. Pour cause : aucune \u00e9tude ind\u00e9pendante \u00e0 ce jour n\u2019est parvenue \u00e0 d\u00e9montrer que la consommation de tabac chauff\u00e9 se traduisait par une r\u00e9duction des risques par rapport \u00e0 la consommation de cigarettes manufactur\u00e9es.<\/p>\n<p><strong>Mots-cl\u00e9s : Tabac chauff\u00e9, PLFSS<br \/>\n<\/strong><\/p>\n<p><strong><a href=\"https:\/\/www.generationsanstabac.org\/\">\u00a9G\u00e9n\u00e9ration Sans Tabac<\/a><\/strong><\/p>\n<p style=\"text-align: right;\"><b><i>FT<\/i><\/b><\/p>\n<hr \/>\n<p style=\"text-align: justify;\">[1] Assembl\u00e9e nationale, <a href=\"https:\/\/www.assemblee-nationale.fr\/dyn\/16\/textes\/l16b0274_projet-loi\">Projet de loi de financement de la s\u00e9curit\u00e9 sociale pour 2023<\/a>, 26\/09\/2022, (consult\u00e9 le 04\/10\/2022)<\/p>\n<p><span style=\"color: #808080;\"><strong><a style=\"color: #808080;\" href=\"http:\/\/www.cnct.fr\/\" target=\"_blank\" rel=\"noopener noreferrer\">Comit\u00e9 national contre le tabagisme |<\/a><\/strong><\/span><\/p>\n","protected":false},"excerpt":{"rendered":"<p>The government wants to create a new tax category for heated tobacco, with the aim of discouraging its consumption, as part of the Social Security Financing Bill (PLFSS). Although the PLFSS has not yet been adopted by Parliament, it constitutes a serious setback in the commercial strategy of Philip Morris France.<\/p>","protected":false},"featured_media":11224,"template":"","tags":[],"thematique":[516,491],"class_list":["post-20824","actualites","type-actualites","status-publish","has-post-thumbnail","hentry","thematique-nouveaux-produits","thematique-politiques-publiques"],"acf":[],"_links":{"self":[{"href":"https:\/\/www.generationsanstabac.org\/en\/wp-json\/wp\/v2\/actualites\/20824","targetHints":{"allow":["GET"]}}],"collection":[{"href":"https:\/\/www.generationsanstabac.org\/en\/wp-json\/wp\/v2\/actualites"}],"about":[{"href":"https:\/\/www.generationsanstabac.org\/en\/wp-json\/wp\/v2\/types\/actualites"}],"version-history":[{"count":0,"href":"https:\/\/www.generationsanstabac.org\/en\/wp-json\/wp\/v2\/actualites\/20824\/revisions"}],"wp:featuredmedia":[{"embeddable":true,"href":"https:\/\/www.generationsanstabac.org\/en\/wp-json\/wp\/v2\/media\/11224"}],"wp:attachment":[{"href":"https:\/\/www.generationsanstabac.org\/en\/wp-json\/wp\/v2\/media?parent=20824"}],"wp:term":[{"taxonomy":"post_tag","embeddable":true,"href":"https:\/\/www.generationsanstabac.org\/en\/wp-json\/wp\/v2\/tags?post=20824"},{"taxonomy":"thematique","embeddable":true,"href":"https:\/\/www.generationsanstabac.org\/en\/wp-json\/wp\/v2\/thematique?post=20824"}],"curies":[{"name":"wp","href":"https:\/\/api.w.org\/{rel}","templated":true}]}}