{"id":20821,"date":"2022-09-30T10:19:43","date_gmt":"2022-09-30T08:19:43","guid":{"rendered":"https:\/\/www.generationsanstabac.org\/actualites\/philip-morris-france-invite-par-le-conseil-regional-auvergne-rhone-alpes-pour-debattre-du-commerce-illicite-de-cigarettes\/"},"modified":"2022-09-30T10:19:43","modified_gmt":"2022-09-30T08:19:43","slug":"philip-morris-france-invite-par-le-conseil-regional-auvergne-rhone-alpes-pour-debattre-du-commerce-illicite-de-cigarettes","status":"publish","type":"actualites","link":"https:\/\/www.generationsanstabac.org\/en\/actualites\/philip-morris-france-invite-par-le-conseil-regional-auvergne-rhone-alpes-pour-debattre-du-commerce-illicite-de-cigarettes\/","title":{"rendered":"Philip Morris France invited by the Auvergne-Rh\u00f4ne-Alpes Regional Council to discuss the illicit cigarette trade"},"content":{"rendered":"<p style=\"text-align: justify;\"><em>Les \u00e9lus \u00e9cologistes locaux ont d\u00e9nonc\u00e9 l\u2019audition du chef du service Pr\u00e9vention du commerce illicite de Philip Morris France par la commission S\u00e9curit\u00e9 du Conseil R\u00e9gional Auvergne-Rh\u00f4ne-Alpes, le 22 septembre dernier. L\u2019audition s\u2019est d\u00e9roul\u00e9e malgr\u00e9 ces protestations, en contradiction avec l\u2019obligation de protection des politiques publiques vis-\u00e0-vis du lobby du tabac.<\/em><\/p>\n<p style=\"text-align: justify;\">C\u2019est en recevant la convocation de la commission S\u00e9curit\u00e9 que les \u00e9lus \u00e9cologistes du Conseil R\u00e9gional Auvergne-Rh\u00f4ne-Alpes ont d\u00e9couvert qu\u2019une audition de Daniel Bruquel, chef du service Pr\u00e9vention du commerce illicite de Philip Morris France (PMF), devait avoir lieu deux jours plus tard, ce 22 septembre 2022.<\/p>\n<p style=\"text-align: justify;\">Dans un communiqu\u00e9, ils ont regrett\u00e9 cette d\u00e9marche et ont rappel\u00e9 que <em>\u00ab L\u2019Assembl\u00e9e g\u00e9n\u00e9rale des Nations Unies a reconnu qu\u2019il existe \u00ab un conflit d\u2019int\u00e9r\u00eats fondamental entre l\u2019industrie du tabac et la sant\u00e9 publique \u00bb. \u00bb<\/em><a href=\"#_ftn1\" name=\"_ftnref1\">[1]<\/a> Ils ont \u00e9galement soulign\u00e9 l\u2019implication de Philip Morris dans le d\u00e9veloppement du tabagisme, et point\u00e9 son r\u00f4le en mati\u00e8re de contrebande et son syst\u00e8me de tra\u00e7abilit\u00e9 Codentify, d\u00e9nonc\u00e9 par l\u2019Organisation Mondiale de la Sant\u00e9 (OMS).<\/p>\n<h2 style=\"text-align: justify;\"><strong>Instrumentalisation du commerce illicite par l\u2019industrie du tabac <\/strong><\/h2>\n<p style=\"text-align: justify;\"><em>\u00ab Quelle est la prochaine \u00e9tape ? Nestl\u00e9 \u00e0 la commission environnement ? Coca-Cola \u00e0 la commission sant\u00e9 ? \u00bb<\/em> s\u2019est indign\u00e9 Enzo Poultreniez, secr\u00e9taire g\u00e9n\u00e9ral du groupe Les \u00c9cologistes de la r\u00e9gion, selon qui cette audition serait due au fait que Daniel Bruquel \u00e9tait<em> \u00ab cit\u00e9 dans un reportage du Progr\u00e8s r\u00e9cemment \u00bb<\/em>, au sujet du trafic de cigarettes dans le quartier lyonnais de la Guilloti\u00e8re<a href=\"#_ftn2\" name=\"_ftnref2\">[2]<\/a>. Comme de nombreux autres articles de presse, celui-ci reprenait le discours des industriels du tabac, qui surestime la proportion du commerce illicite en France en s\u2019appuyant sur les \u00e9tudes contest\u00e9es produites par le cabinet KPMG<a href=\"#_ftn3\" name=\"_ftnref3\">[3]<\/a>. La fiabilit\u00e9 des \u00e9tudes de <a href=\"https:\/\/www.generationsanstabac.org\/actualites\/contestation-des-chiffres-du-rapport-de-kpmg-sur-le-commerce-illicite-du-tabac\/\">KPMG<\/a> sur le commerce illicite peut en effet sembler l\u00e9g\u00e8re lorsque leurs auteurs d\u00e9clarent ne pas <em>\u00ab avoir cherch\u00e9 \u00e0 \u00e9tablir la fiabilit\u00e9 des sources d\u2019information \u00bb<\/em>.<\/p>\n<p style=\"text-align: justify;\">Cette surestimation du march\u00e9 clandestin, et plus particuli\u00e8rement de celui de la contrefa\u00e7on, appara\u00eet comme une des techniques de l\u2019industrie du tabac pour contrer les augmentations du prix des produits du tabac et enrayer la chute des ventes de cigarettes. Des \u00e9tudes ind\u00e9pendantes ont au contraire montr\u00e9 que les mesures de lutte contre le tabagisme et un haut niveau de taxation du tabac conduisent plut\u00f4t \u00e0 r\u00e9duire ou \u00e0 stabiliser la part du commerce illicite, aux niveaux national comme international<a href=\"#_ftn4\" name=\"_ftnref4\">[4]<\/a>. Les hausses importantes des droits d\u2019accises sur le tabac sont par ailleurs consid\u00e9r\u00e9es comme l\u2019un des outils les plus efficaces pour diminuer la pr\u00e9valence tabagique<a href=\"#_ftn5\" name=\"_ftnref5\">[5]<\/a>.<\/p>\n<h2 style=\"text-align: justify;\"><strong>Une m\u00e9connaissance de l\u2019article 5.3 de la CCLAT <\/strong><\/h2>\n<p style=\"text-align: justify;\">La d\u00e9marche qui interroge davantage est celle du Conseil R\u00e9gional Auvergne-Rh\u00f4ne-Alpes vis-\u00e0-vis de l\u2019industrie du tabac. Elle t\u00e9moigne, a minima, d\u2019une m\u00e9connaissance de l\u2019article 5.3 de la Convention-cadre de l\u2019OMS pour la lutte antitabac (CCLAT), selon laquelle les politiques publiques ne doivent pas \u00eatre <em>\u00ab influence\u0301es par les inte\u0301re\u0302ts commerciaux et autres de l\u2019industrie du tabac \u00bb<a href=\"#_ftn6\" name=\"_ftnref6\"><strong>[6]<\/strong><\/a><\/em>. Des directives d\u2019application pr\u00e9cises concernant cette obligation pr\u00e9voient notamment que les relations des pouvoirs publics avec des repr\u00e9sentants de l\u2019industrie du tabac doivent \u00eatre limit\u00e9es au strict n\u00e9cessaire pour la r\u00e9glementation des produits du tabac et de son industrie et lorsque ces interactions existent, elles doivent intervenir dans la transparence.<\/p>\n<p style=\"text-align: justify;\">Comme l\u2019ont \u00e9galement rappel\u00e9 les \u00e9lus r\u00e9gionaux \u00e9cologistes, les \u00e9tats membres de l\u2019Organisation Mondiale de la Sant\u00e9 (OMS) ont par ailleurs \u00e9tabli que <em>\u00ab l\u2019OMS ne collabore pas avec l\u2019industrie du tabac ni avec les acteurs non \u00e9tatiques qui en d\u00e9fendent les int\u00e9r\u00eats \u00bb<\/em><a href=\"#_ftn7\" name=\"_ftnref7\">[7]<\/a>. Un principe qui peut s\u2019appliquer \u00e0 chacun de ces membres, et doit aussi s\u2019\u00e9tendre aux conseils r\u00e9gionaux.<\/p>\n<p><strong>Mots-cl\u00e9s : commerce illicite, Philip Morris, Conseil r\u00e9gional, r\u00e9gion Auvergne-Rh\u00f4ne-Alpes<\/strong><\/p>\n<p><strong><a href=\"https:\/\/www.generationsanstabac.org\/\">\u00a9G\u00e9n\u00e9ration Sans Tabac<\/a><\/strong><\/p>\n<p style=\"text-align: right;\"><b><i>MF<\/i><\/b><\/p>\n<hr \/>\n<p><a href=\"#_ftnref1\" name=\"_ftn1\">[1]<\/a> <a href=\"https:\/\/ecologieaura.fr\/philipmorris\/?fbclid=IwAR3CkZKnTCfo0ZCLlkztGtBjscbQCL5DovPWPwstAcuL3hGMz6fSfThGCTo\"><em>Philip Morris invit\u00e9 au conseil r\u00e9gional : les victimes du lobby du tabac appr\u00e9cieront !<\/em><\/a><em>, <\/em>Les \u00c9cologistes, communiqu\u00e9 de presse du 21 septembre 2022, consult\u00e9 le 27 septembre 2022.<\/p>\n<p><a href=\"#_ftnref2\" name=\"_ftn2\">[2]<\/a> Jaumouill\u00e9 N<em>, <\/em><a href=\"https:\/\/www.lyoncapitale.fr\/actualite\/philip-morris-convie-au-conseil-regional-les-ecologistes-vent-debout\"><em>Philip Morris convi\u00e9 au conseil r\u00e9gional : les \u00c9cologistes vent debout<\/em><\/a><em>, <\/em>Lyon Capitale, publi\u00e9 le 22 septembre 2022, consult\u00e9 le 27 septembre 2022.<\/p>\n<p><a href=\"#_ftnref3\" name=\"_ftn3\">[3]<\/a> <a href=\"https:\/\/cnct.fr\/wp-content\/uploads\/2022\/06\/Lutter-contre-le-commerce-illicite-du-tabac.pdf\"><em>Lutter contre le commerce illicite de tabac en France<\/em><\/a>, CNCT, publi\u00e9 le 14 juin 2022, consult\u00e9 le 27 septembre 2022.<\/p>\n<p><a href=\"#_ftnref4\" name=\"_ftn4\">[4]<\/a> Paraje G, Stoklosa M, Blecher E<em>, <\/em><a href=\"https:\/\/tobaccocontrol.bmj.com\/content\/tobaccocontrol\/31\/2\/257.full.pdf\"><em>Illicit trade in tobacco products: recent trends and coming challenges<\/em><\/a><em>, <\/em>Tobacco Control, 2022;31:257\u2013262.<\/p>\n<p><a href=\"#_ftnref5\" name=\"_ftn5\">[5]<\/a> U.S. National Cancer Institute and World Health Organization. <a href=\"https:\/\/cancercontrol.cancer.gov\/sites\/default\/files\/2020-06\/m21_exec_sum.pdf\"><em>The economics of tobacco and tobacco control. National Cancer Institute Tobacco Control Monograph 21.<\/em><\/a> U.S. Department of Health and Human Services, National Institutes of Health, National Cancer Institute and World Health Organization, 2016.<\/p>\n<p><a href=\"#_ftnref6\" name=\"_ftn6\">[6]<\/a> <a href=\"https:\/\/apps.who.int\/iris\/bitstream\/handle\/10665\/42812\/9242591017.pdf;sequence=1\"><em>Convention-cadre pour la lutte antitabac<\/em><\/a>, OMS, 2004.<\/p>\n<p><a href=\"#_ftnref7\" name=\"_ftn7\">[7]<\/a> <a href=\"https:\/\/apps.who.int\/gb\/ebwha\/pdf_files\/WHA69\/A69_R10-fr.pdf\"><em>R\u00e9solution de l\u2019Assembl\u00e9e mondiale de la Sant\u00e9, Cadre de collaboration avec les acteurs non \u00e9tatiques<\/em><\/a><em>, <\/em>WHA69.10, 28 mai 2016, paragraphe 44<em>.<\/em><\/p>\n<p><span style=\"color: #999999;\"><strong><a style=\"color: #999999;\" href=\"http:\/\/www.cnct.fr\/\" target=\"_blank\" rel=\"noopener noreferrer\">Comit\u00e9 national contre le tabagisme |<\/a><\/strong><\/span><\/p>\n","protected":false},"excerpt":{"rendered":"<p>Local environmentalist elected officials denounced the hearing of the head of the department for the prevention of illicit trade at Philip Morris France by the Security Commission of the Auvergne-Rh\u00f4ne-Alpes Regional Council on September 22. The hearing took place despite these protests, in contradiction with the obligation to protect public policies from the tobacco lobby.<\/p>","protected":false},"featured_media":11218,"template":"","tags":[],"thematique":[499,538],"class_list":["post-20821","actualites","type-actualites","status-publish","has-post-thumbnail","hentry","thematique-lobby","thematique-marches-paralleles"],"acf":[],"_links":{"self":[{"href":"https:\/\/www.generationsanstabac.org\/en\/wp-json\/wp\/v2\/actualites\/20821","targetHints":{"allow":["GET"]}}],"collection":[{"href":"https:\/\/www.generationsanstabac.org\/en\/wp-json\/wp\/v2\/actualites"}],"about":[{"href":"https:\/\/www.generationsanstabac.org\/en\/wp-json\/wp\/v2\/types\/actualites"}],"version-history":[{"count":0,"href":"https:\/\/www.generationsanstabac.org\/en\/wp-json\/wp\/v2\/actualites\/20821\/revisions"}],"wp:featuredmedia":[{"embeddable":true,"href":"https:\/\/www.generationsanstabac.org\/en\/wp-json\/wp\/v2\/media\/11218"}],"wp:attachment":[{"href":"https:\/\/www.generationsanstabac.org\/en\/wp-json\/wp\/v2\/media?parent=20821"}],"wp:term":[{"taxonomy":"post_tag","embeddable":true,"href":"https:\/\/www.generationsanstabac.org\/en\/wp-json\/wp\/v2\/tags?post=20821"},{"taxonomy":"thematique","embeddable":true,"href":"https:\/\/www.generationsanstabac.org\/en\/wp-json\/wp\/v2\/thematique?post=20821"}],"curies":[{"name":"wp","href":"https:\/\/api.w.org\/{rel}","templated":true}]}}