{"id":20817,"date":"2022-09-27T13:20:50","date_gmt":"2022-09-27T11:20:50","guid":{"rendered":"https:\/\/www.generationsanstabac.org\/actualites\/associations-demandent-exclusion-industrie-tabac-label-isr\/"},"modified":"2022-09-27T13:20:50","modified_gmt":"2022-09-27T11:20:50","slug":"associations-demandent-exclusion-industrie-tabac-label-isr","status":"publish","type":"actualites","link":"https:\/\/www.generationsanstabac.org\/en\/actualites\/associations-demandent-exclusion-industrie-tabac-label-isr\/","title":{"rendered":"Associations call for the exclusion of the tobacco industry from the SRI Label"},"content":{"rendered":"<p style=\"text-align: justify;\"><em>Actuellement en cours de r\u00e9vision pour prendre en compte les derni\u00e8res \u00e9volutions et pratiques de la finance durable, notamment en excluant le charbon et les \u00e9nergies fossiles, le Label ISR ne pr\u00e9voit pas d\u2019exclusion sectorielle pour l\u2019industrie du tabac alors que les activit\u00e9s de cette derni\u00e8re sont diam\u00e9tralement oppos\u00e9es aux crit\u00e8res \u00e9labor\u00e9s par le Label. L\u2019ACT-Alliance contre le tabac<a href=\"#_ftn1\" name=\"_ftnref1\"><strong>[1]<\/strong><\/a> et le <\/em><a href=\"https:\/\/cnct.fr\/actualites\/industrie-tabac-doit-etre-exclue-label-investissement-socialement-responsable\/\"><em>Comit\u00e9 national contre le tabagisme<\/em><\/a><em> (CNCT) demandent son exclusion.  <\/em><\/p>\n<p style=\"text-align: justify;\">Le Label Investissement Socialement Responsable (ISR), cr\u00e9\u00e9 en 2016 par le Minist\u00e8re de l\u2019Economie et des Finances, vise \u00e0 permettre aux \u00e9pargnants comme aux investisseurs professionnels d\u2019orienter leur investissement vers une finance dite \u00ab durable \u00bb.<\/p>\n<h2 style=\"text-align: justify;\"><strong>Les activit\u00e9s de l\u2019industrie du tabac, inconciliables avec la responsabilit\u00e9 sociale<\/strong><\/h2>\n<p style=\"text-align: justify;\">Les activit\u00e9s de l\u2019industrie du tabac sont profond\u00e9ment contraires aux objectifs de d\u00e9veloppement durable d\u00e9finis par l\u2019ONU et poursuivis par le label ISR. Premi\u00e8re cause de mortalit\u00e9 \u00e9vitable, sa consommation est encore aujourd\u2019hui responsable de 75 000 d\u00e9c\u00e8s par an en France et huit millions dans le monde. Outre ses cons\u00e9quences d\u00e9sastreuses sur la sant\u00e9 et son co\u00fbt \u00e9conomique et social majeur, le <a href=\"https:\/\/www.esteval.fr\/recherche\/tabac\">tabac<\/a> porte \u00e9galement grandement atteinte \u00e0 l\u2019environnement et aux droits humains.<\/p>\n<p style=\"text-align: justify;\">Les associations d\u00e9noncent \u00e9galement les politiques de responsabilit\u00e9 soci\u00e9tale des entreprises (RSE) mises en place par cette industrie dans l\u2019espoir de redorer son image en promettant d\u2019agir positivement en mati\u00e8re de d\u00e9veloppement durable. En r\u00e9alit\u00e9, il s\u2019agit d\u2019une opportunit\u00e9 marketing pour faire la promotion de ses nouveaux produits du tabac et de la nicotine.  L\u2019industrie du tabac d\u00e9veloppe \u00e9galement une strat\u00e9gie coordonn\u00e9e de lobbying pour s\u2019opposer syst\u00e9matiquement \u00e0 la mise en place de mesures de sant\u00e9 publique \u00e9prouv\u00e9es (politiques fiscales, interdiction des ar\u00f4mes, d\u00e9veloppement des espaces sans tabac, paquet neutre, etc.)<\/p>\n<h2 style=\"text-align: justify;\"><strong>Une exclusion conforme aux engagements de la France et partag\u00e9e par de nombreux acteurs<\/strong><\/h2>\n<p style=\"text-align: justify;\">L\u2019exclusion de l\u2019industrie du tabac s\u2019inscrirait en conformit\u00e9 avec le droit fran\u00e7ais, notamment le Code de la sant\u00e9 publique et avec les engagements de la France \u00e0 travers sa ratification de la Convention-Cadre pour la Lutte AntiTabac de l\u2019OMS (CCLAT) et en particulier son article 5.3.  Cette revendication est partag\u00e9e par plusieurs autres instances institutionnelles comme le Pacte Mondial des Nations Unies qui demande aux entreprises d\u2019aligner leurs activit\u00e9s sur les objectifs de d\u00e9veloppement durable, et qui a radi\u00e9 l\u2019industrie du tabac de son initiative en 2017.<\/p>\n<p style=\"text-align: justify;\">En 2015, la Caisse des d\u00e9p\u00f4ts a d\u00e9cid\u00e9 d\u2019exclure de son \u00ab univers d\u2019investissement \u00bb l\u2019industrie du tabac, au m\u00eame titre que les soci\u00e9t\u00e9s fabricant, stockant ou commercialisant des mines antipersonnel et des bombes \u00e0 sous-munition.  De plus en plus d\u2019entreprises incitent les acteurs financiers \u00e0 d\u00e9sinvestir le secteur du tabac, \u00e0 l\u2019instar de Tobacco Free Portfolios, Reclaim Finance ou Axylia .<\/p>\n<h2 style=\"text-align: justify;\"><strong>Une campagne \u00e0 l\u2019occasion de la semaine de la finance responsable<\/strong><\/h2>\n<p style=\"text-align: justify;\">\u00c0 l\u2019occasion de la Semaine de la finance responsable, du 29 septembre au 7 octobre 2022, l\u2019ACT-Alliance contre le tabac a d\u00e9voil\u00e9 sa campagne #Labelimposture pour alerter le grand public et les institutions sur la pr\u00e9sence de l\u2019industrie du tabac dans des fonds d\u2019investissements dits \u00ab responsables \u00bb. \u00c0 travers un spot de 1\u201930 min, l\u2019ACT met en lumi\u00e8re l\u2019ampleur des d\u00e9g\u00e2ts sanitaires et environnementaux de l\u2019industrie du tabac et r\u00e9clame une finance responsable sans tabac, o\u00f9 les valeurs port\u00e9es par les fonds d\u2019investissements se refl\u00e8tent dans les secteurs d\u2019activit\u00e9s financ\u00e9s.<\/p>\n<p>&nbsp;<\/p>\n<p><iframe title=\"#Labelimposture - ACT-Alliance contre le tabac\" width=\"500\" height=\"281\" src=\"https:\/\/www.youtube.com\/embed\/7gsaQuDHu8o?feature=oembed\" frameborder=\"0\" allow=\"accelerometer; autoplay; clipboard-write; encrypted-media; gyroscope; picture-in-picture; web-share\" referrerpolicy=\"strict-origin-when-cross-origin\" allowfullscreen><\/iframe><\/p>\n<p>&nbsp;<\/p>\n<p style=\"text-align: justify;\"><strong>Mots-cl\u00e9s : Label ISR, Industrie du tabac, exclusion, ACT, CNCT, RSE<\/strong><\/p>\n<p><strong><a href=\"https:\/\/www.generationsanstabac.org\/\">\u00a9G\u00e9n\u00e9ration Sans Tabac<\/a><\/strong><\/p>\n<p style=\"text-align: right;\"><b><i>AE<\/i><\/b><\/p>\n<hr \/>\n<p style=\"text-align: justify;\"><a href=\"#_ftnref1\" name=\"_ftn1\">[1]<\/a> Alliance contre le tabac, <a href=\"https:\/\/alliancecontreletabac.org\/2022\/09\/22\/label-imposture\/\">Campagne #Labelimposture &#8211; Exigeons une finance sans tabac<\/a>, consult\u00e9 le 27 septembre 2022<\/p>\n<p><span style=\"color: #999999;\"><strong><a style=\"color: #999999;\" href=\"http:\/\/www.cnct.fr\/\" target=\"_blank\" rel=\"noopener noreferrer\">Comit\u00e9 national contre le tabagisme |<\/a><\/strong><\/span><\/p>\n","protected":false},"excerpt":{"rendered":"<p>Currently being revised to take into account the latest developments and practices in sustainable finance, notably by excluding coal and fossil fuels, the SRI Label does not provide for sectoral exclusion for the tobacco industry, even though the latter&#039;s activities are diametrically opposed to the criteria developed by the Label. The ACT-Alliance Against Tobacco and the National Committee Against Smoking (CNCT) are calling for its exclusion. <\/p>","protected":false},"featured_media":11211,"template":"","tags":[],"thematique":[480,491],"class_list":["post-20817","actualites","type-actualites","status-publish","has-post-thumbnail","hentry","thematique-environnement","thematique-politiques-publiques"],"acf":[],"_links":{"self":[{"href":"https:\/\/www.generationsanstabac.org\/en\/wp-json\/wp\/v2\/actualites\/20817","targetHints":{"allow":["GET"]}}],"collection":[{"href":"https:\/\/www.generationsanstabac.org\/en\/wp-json\/wp\/v2\/actualites"}],"about":[{"href":"https:\/\/www.generationsanstabac.org\/en\/wp-json\/wp\/v2\/types\/actualites"}],"version-history":[{"count":0,"href":"https:\/\/www.generationsanstabac.org\/en\/wp-json\/wp\/v2\/actualites\/20817\/revisions"}],"wp:featuredmedia":[{"embeddable":true,"href":"https:\/\/www.generationsanstabac.org\/en\/wp-json\/wp\/v2\/media\/11211"}],"wp:attachment":[{"href":"https:\/\/www.generationsanstabac.org\/en\/wp-json\/wp\/v2\/media?parent=20817"}],"wp:term":[{"taxonomy":"post_tag","embeddable":true,"href":"https:\/\/www.generationsanstabac.org\/en\/wp-json\/wp\/v2\/tags?post=20817"},{"taxonomy":"thematique","embeddable":true,"href":"https:\/\/www.generationsanstabac.org\/en\/wp-json\/wp\/v2\/thematique?post=20817"}],"curies":[{"name":"wp","href":"https:\/\/api.w.org\/{rel}","templated":true}]}}