{"id":20812,"date":"2022-09-21T07:48:31","date_gmt":"2022-09-21T05:48:31","guid":{"rendered":"https:\/\/www.generationsanstabac.org\/actualites\/consequences-tardives-de-lexposition-professionnelle-fumee-secondaire\/"},"modified":"2022-09-21T07:48:31","modified_gmt":"2022-09-21T05:48:31","slug":"consequences-tardives-de-lexposition-professionnelle-fumee-secondaire","status":"publish","type":"actualites","link":"https:\/\/www.generationsanstabac.org\/en\/actualites\/consequences-tardives-de-lexposition-professionnelle-fumee-secondaire\/","title":{"rendered":"Late consequences of occupational exposure to second-hand smoke"},"content":{"rendered":"<p style=\"text-align: justify;\"><em>Une \u00e9tude conduite aupr\u00e8s de personnels navigants indique que les cons\u00e9quences de l&rsquo;exposition \u00e0 la fum\u00e9e secondaire sur la sant\u00e9 pulmonaire pourraient survenir longtemps apr\u00e8s une exposition prolong\u00e9e. <\/em><\/p>\n<p style=\"text-align: justify;\">Les cons\u00e9quences respiratoires d\u2019une longue exposition au tabagisme passif ont depuis longtemps \u00e9t\u00e9 identifi\u00e9es et sont bien document\u00e9es<a href=\"#_ftn1\" name=\"_ftnref1\">[1]<\/a>. Les cons\u00e9quences \u00e0 long terme d\u2019une exposition prolong\u00e9e \u00e0 la fum\u00e9e secondaire du tabac sont cependant plus difficiles \u00e0 \u00e9tablir.<\/p>\n<p style=\"text-align: justify;\">Une \u00e9tude \u00e9tatsunienne sugg\u00e8re que des cons\u00e9quences sur la sant\u00e9 pulmonaire ont pu \u00eatre relev\u00e9es \u00e0 long terme chez des personnels navigants du secteur a\u00e9rien<a href=\"#_ftn2\" name=\"_ftnref2\">[2]<\/a>. Aux Etats-Unis, les interdictions de fumer \u00e0 bord des avions ont \u00e9t\u00e9 appliqu\u00e9es entre 1988 et 1989 pour les vols int\u00e9rieurs, et de 1994 \u00e0 1997 pour les vols internationaux.<\/p>\n<h2 style=\"text-align: justify;\"><strong>Une corr\u00e9lation entre le nombre d\u2019ann\u00e9es de service et l\u2019\u00e9tat de sant\u00e9 respiratoire <\/strong><\/h2>\n<p style=\"text-align: justify;\">L\u2019\u00e9tude a recueilli les donn\u00e9es de 293 individus issus du personnel navigant et n\u2019ayant jamais \u00e9t\u00e9 fumeurs, dont 193 ayant \u00e9t\u00e9 expos\u00e9s au tabagisme passif durant leurs ann\u00e9es de service, et 103 n\u2019y ayant pas \u00e9t\u00e9 expos\u00e9s. Les participants pr\u00e9sentant pr\u00e9alablement des pathologies cardiopulmonaires ont \u00e9t\u00e9 \u00e9cart\u00e9s de l\u2019\u00e9chantillon. Ce dernier comportait une grande majorit\u00e9 de femmes (63 % dans le premier groupe, 81 % dans le second). Les indicateurs relev\u00e9s \u00e9taient les taux de desmonine et d\u2019isodesmosine (DI) dans le plasma \u2013 deux acides amin\u00e9s issus de la d\u00e9gradation de l\u2019\u00e9lastine, pr\u00e9sente dans les tissus pulmonaires \u2013, ainsi que le nombre d\u2019ann\u00e9es d\u2019exposition au tabagisme passif, qui s\u2019\u00e9tendait entre 11 et 31 ann\u00e9es de service. Ces variables \u00e9taient compar\u00e9es \u00e0 des relev\u00e9s spirom\u00e9triques ou \u00e0 d\u2019autres examens plus approfondis renseignant l\u2019\u00e9tat des fonctions respiratoires, effectu\u00e9s entre juin 2014 et octobre 2019.<\/p>\n<p style=\"text-align: justify;\">Les r\u00e9sultats montrent une nette corr\u00e9lation entre la forte pr\u00e9sence des marqueurs de la d\u00e9gradation de l\u2019\u00e9lastine, les mesures de la fonction respiratoire et le nombre d\u2019ann\u00e9es de service avec exposition \u00e0 la fum\u00e9e secondaire, bien sup\u00e9rieure \u00e0 celle observable par le simple effet du vieillissement et chez les sujets n\u2019ayant pas \u00e9t\u00e9 soumis de fa\u00e7on prolong\u00e9e \u00e0 cette exposition. Les auteurs en d\u00e9duisent une influence de cette exposition \u00e0 la fum\u00e9e secondaire sur la d\u00e9gradation de l\u2019\u00e9lastine et sur l\u2019apparition de troubles respiratoires, ceci \u00e0 environ 25 ans de distance.<\/p>\n<h2 style=\"text-align: justify;\"><strong>Des cons\u00e9quences qui peuvent \u00eatre tr\u00e8s \u00e9loign\u00e9es dans le temps <\/strong><\/h2>\n<p style=\"text-align: justify;\">D\u2019autres travaux avaient pr\u00e9c\u00e9demment montr\u00e9 que les personnels navigants \u00e9taient trois fois plus sujets aux pathologies respiratoires de type bronchopneumopathie chronique obstructive (BPCO) que le reste de la population \u00e9tatsunienne, sans pouvoir \u00e9tablir \u00e0 quoi tenaient ces diff\u00e9rences<a href=\"#_ftn3\" name=\"_ftnref3\">[3]<\/a>. La pr\u00e9sente \u00e9tude estime d\u00e9montrer que la pr\u00e9sence de troubles respiratoires peut \u00eatre attribuable \u00e0 l\u2019exposition prolong\u00e9e \u00e0 la fum\u00e9e secondaire, m\u00eame lorsque celle-ci se situe dans un temps \u00e9loign\u00e9. Elle souligne ainsi la n\u00e9cessit\u00e9 d\u2019explorer l\u2019historique professionnel des patients atteints de troubles respiratoires, et montre \u00e0 nouveau que l\u2019exposition au tabagisme, y compris passif, peut entra\u00eener des cons\u00e9quences tr\u00e8s lointaines.<\/p>\n<p style=\"text-align: justify;\"><strong>Mots-cl\u00e9s : tabagisme passif, BPCO, personnels navigants<\/strong><\/p>\n<p><strong><a href=\"https:\/\/www.generationsanstabac.org\/\">\u00a9G\u00e9n\u00e9ration Sans Tabac<\/a><\/strong><\/p>\n<p style=\"text-align: right;\"><b><i>MF<\/i><\/b><\/p>\n<hr \/>\n<p style=\"text-align: justify;\"><a href=\"#_ftnref1\" name=\"_ftn1\">[1]<\/a> Fischer F, Kraemer A. <a href=\"https:\/\/bmcpublichealth.biomedcentral.com\/articles\/10.1186\/s12889-015-2489-4\"><em>Meta-analysis of the association between second-hand smoke exposure and ischaemic heart diseases, COPD and stroke<\/em><\/a>. BMC Public Health. 2015;15:1202-1202.<\/p>\n<p style=\"text-align: justify;\"><a href=\"#_ftnref2\" name=\"_ftn2\">[2]<\/a> Mustra Rakic J, Zeng S, Rohdin-Bibby L, et al. <a href=\"https:\/\/journal.copdfoundation.org\/Portals\/0\/JCOPDF\/Files\/Volume9-Issue3\/JCOPDF-2022-0289-MustraRakic.pdf\"><em>Elastin degradation and lung function deterioration with remote secondhand tobacco smoke exposure in never-smokers<\/em><\/a><em>. <\/em>Chronic Obstr Pulm Dis. 2022;9(3):377-393.<\/p>\n<p style=\"text-align: justify;\"><a href=\"#_ftnref3\" name=\"_ftn3\">[3]<\/a> McNeely E, Gale S, Tager I, et al. <a href=\"https:\/\/ehjournal.biomedcentral.com\/articles\/10.1186\/1476-069X-13-13\"><em>The self-reported health of U.S. flight attendants compared to the general population<\/em><\/a>. Environ Health. 2014;13(1):13.<\/p>\n<p><span style=\"color: #999999;\"><strong><a style=\"color: #999999;\" href=\"http:\/\/www.cnct.fr\/\" target=\"_blank\" rel=\"noopener noreferrer\">Comit\u00e9 national contre le tabagisme |<\/a><\/strong><\/span><\/p>\n","protected":false},"excerpt":{"rendered":"<p>A study of flight crews suggests that the effects of secondhand smoke on lung health may occur long after prolonged exposure.<\/p>","protected":false},"featured_media":11204,"template":"","tags":[],"thematique":[474],"class_list":["post-20812","actualites","type-actualites","status-publish","has-post-thumbnail","hentry","thematique-sante"],"acf":[],"_links":{"self":[{"href":"https:\/\/www.generationsanstabac.org\/en\/wp-json\/wp\/v2\/actualites\/20812","targetHints":{"allow":["GET"]}}],"collection":[{"href":"https:\/\/www.generationsanstabac.org\/en\/wp-json\/wp\/v2\/actualites"}],"about":[{"href":"https:\/\/www.generationsanstabac.org\/en\/wp-json\/wp\/v2\/types\/actualites"}],"version-history":[{"count":0,"href":"https:\/\/www.generationsanstabac.org\/en\/wp-json\/wp\/v2\/actualites\/20812\/revisions"}],"wp:featuredmedia":[{"embeddable":true,"href":"https:\/\/www.generationsanstabac.org\/en\/wp-json\/wp\/v2\/media\/11204"}],"wp:attachment":[{"href":"https:\/\/www.generationsanstabac.org\/en\/wp-json\/wp\/v2\/media?parent=20812"}],"wp:term":[{"taxonomy":"post_tag","embeddable":true,"href":"https:\/\/www.generationsanstabac.org\/en\/wp-json\/wp\/v2\/tags?post=20812"},{"taxonomy":"thematique","embeddable":true,"href":"https:\/\/www.generationsanstabac.org\/en\/wp-json\/wp\/v2\/thematique?post=20812"}],"curies":[{"name":"wp","href":"https:\/\/api.w.org\/{rel}","templated":true}]}}