{"id":20808,"date":"2022-09-19T08:00:04","date_gmt":"2022-09-19T06:00:04","guid":{"rendered":"https:\/\/www.generationsanstabac.org\/actualites\/sous-pression-de-lindustrie-luruguay-renonce-au-paquet-neutre\/"},"modified":"2022-09-19T08:00:04","modified_gmt":"2022-09-19T06:00:04","slug":"sous-pression-de-lindustrie-luruguay-renonce-au-paquet-neutre","status":"publish","type":"actualites","link":"https:\/\/www.generationsanstabac.org\/en\/actualites\/sous-pression-de-lindustrie-luruguay-renonce-au-paquet-neutre\/","title":{"rendered":"Under pressure from industry, Uruguay abandons plain packaging"},"content":{"rendered":"<p style=\"text-align: justify;\"><em>Apr\u00e8s s\u2019\u00eatre courageusement oppos\u00e9 \u00e0 l\u2019industrie du tabac au cours des ann\u00e9es 2010, l\u2019Uruguay a acc\u00e9d\u00e9 \u00e0 ses demandes en supprimant le paquet neutre pour les produits du tabac. Cette situation illustre les fortes pressions exerc\u00e9es par les cigarettiers sur les dirigeants des pays \u00e0 revenu faible ou interm\u00e9diaire. <\/em><\/p>\n<p style=\"text-align: justify;\">Le d\u00e9cret du gouvernement uruguayen pronon\u00e7ant la fin du paquet neutre standardis\u00e9 pour les cigarettes a soulev\u00e9 l\u2019indignation des acteurs de la lutte antitabac. Ce d\u00e9cret autorise \u00e9galement les industriels \u00e0 ins\u00e9rer des supports \u00e9crits dans les paquets de cigarettes, ce que les cigarettiers recherchent depuis plusieurs ann\u00e9es, et \u00e0 inscrire des messages sur les cigarettes, les deux constituant autant de violations du principe d\u2019interdiction de la publicit\u00e9 pour le tabac dans ce pays.<\/p>\n<p style=\"text-align: justify;\">L\u2019Uruguay est en effet le pays d\u2019Am\u00e9rique latine ayant le plus d\u00e9velopp\u00e9 sa politique de lutte contre le tabagisme et \u00e9tait souvent cit\u00e9 comme un exemple mondial de courage politique dans ce domaine. L\u2019organisation Campaign for Tobacco-Free Kids (CTFK) a publiquement regrett\u00e9 que le pr\u00e9sident uruguayen, Lacalle Pou, ait c\u00e9d\u00e9 aux demandes de l\u2019industrie, et a interpel\u00e9 celui-ci afin qu\u2019il annule le d\u00e9cret mis en cause<a href=\"#_ftn1\" name=\"_ftnref1\">[1]<\/a>. Le gouvernement de Lacalle Pou avait, r\u00e9cemment, d\u00e9j\u00e0 r\u00e9pondu aux souhaits des industriels en annulant l\u2019interdiction de commercialisation des produits de tabac chauff\u00e9.<\/p>\n<h2 style=\"text-align: justify;\"><strong>Un pays pionnier en mati\u00e8re de lutte contre le tabagisme <\/strong><\/h2>\n<p style=\"text-align: justify;\">Sous les mandats du <a href=\"https:\/\/www.generationsanstabac.org\/actualites\/deces-du-dr-tabare-vazquez-ancien-president-uruguayen-et-fervent-defenseur-de-la-sante-publique\/\">Dr Tabar\u00e9 V\u00e1zquez<\/a>, qui fut pr\u00e9sident de 2005 \u00e0 2010 et de 2015 \u00e0 2020, l\u2019Uruguay avait pris de nombreuses mesures antitabac. Il fut le premier pays d\u2019Am\u00e9rique latine \u00e0 interdire de fumer dans les lieux publics et sur les lieux de travail ferm\u00e9s, d\u00e8s 2006.<\/p>\n<p style=\"text-align: justify;\">Une proc\u00e9dure intent\u00e9e par Philip Morris International (PMI) contre l\u2019Uruguay, au sujet de l\u2019agrandissement des avertissements sanitaires \u00e0 80 % de la surface des paquets de cigarettes et de la restriction des d\u00e9clinaisons de marques de cigarettes, s\u2019est \u00e9tal\u00e9e de 2010 \u00e0 2016. L\u2019administration du pr\u00e9sident Mujica (2010-2015) avait \u00e9t\u00e9 un temps sur le point de c\u00e9der \u00e0 PMI, mais s\u2019\u00e9tait ravis\u00e9e apr\u00e8s la mobilisation vigoureuse d\u2019une coalition de la soci\u00e9t\u00e9 civile antitabac locale et internationale, appuy\u00e9e par le Dr V\u00e0squez<a href=\"#_ftn2\" name=\"_ftnref2\">[2]<\/a>. L\u2019Uruguay avait finalement obtenu gain de cause aupr\u00e8s du Centre international pour le r\u00e8glement des diff\u00e9rends relatifs aux investissements (CIRDI) montrant ainsi qu\u2019un petit pays d\u00e9favoris\u00e9 pouvait, au nom de la sant\u00e9 publique, s\u2019opposer aux exigences imp\u00e9rieuses d\u2019une multinationale comme PMI.<\/p>\n<p style=\"text-align: justify;\">En adoptant le paquet neutre en 2019, l\u2019Uruguay \u00e9tait \u00e0 nouveau pionnier en Am\u00e9rique latine. Le renoncement \u00e0 cette mesure sonne donc comme une revanche de l\u2019industrie du tabac, qui veille avec un soin tout particulier \u00e0 pr\u00e9server les outils de marketing que constituent les emballages. L\u2019industrie privil\u00e9gie aussi les attaques contre les pays les plus en pointe sur la lutte antitabac, afin de contrer l\u2019effet d\u2019entra\u00eenement et d\u2019inspiration qu\u2019ils peuvent susciter dans d\u2019autres pays.<\/p>\n<h2 style=\"text-align: justify;\"><strong>Le paquet neutre, cible de l\u2019industrie du tabac <\/strong><\/h2>\n<p style=\"text-align: justify;\">Les attaques de l\u2019industrie ont \u00e9t\u00e9 particuli\u00e8rement vigoureuses dans tous les pays qui ont souhait\u00e9 mettre en place un paquet neutre pour les produits du tabac. Les industriels ont souvent avanc\u00e9 que cette mesure \u00e9tait  inefficace, alors que de nombreuses \u00e9tudes ont montr\u00e9 qu\u2019il s\u2019agit au contraire d\u2019une mesure d\u00e9terminante de sant\u00e9 publique, entra\u00eenant une <a href=\"https:\/\/www.generationsanstabac.org\/actualites\/quelle-efficacite-a-eu-le-paquet-neutre-en-france\/\">d\u00e9normalisation<\/a> du tabac, notamment chez les jeunes, et influant significativement sur les tentatives de sevrage tabagique<a href=\"#_ftn3\" name=\"_ftnref3\">[3]<\/a>. Le paquet neutre permet \u00e9galement de contrer les mentions et indications sur les emballages sugg\u00e9rant que certains produits seraient moins nocifs.<\/p>\n<p style=\"text-align: justify;\">L\u2019animosit\u00e9 d\u00e9ploy\u00e9e par les industriels du tabac sur ce chapitre semble confirmer \u00e0 quel point il est strat\u00e9gique en termes de marketing, comme en t\u00e9moigne l\u2019insistance dont l\u2019Uruguay a \u00e9t\u00e9 la cible. 24 pays ont \u00e0 ce jour adopt\u00e9 le paquet neutre pour les produits du tabac et 11 autres \u00e9tudient actuellement cette question. Isra\u00ebl est le premier et actuellement le seul pays \u00e0 avoir \u00e9tendu le paquet neutre aux cigarettes \u00e9lectroniques, aux e-liquides et aux produits de <a href=\"https:\/\/www.generationsanstabac.org\/actualites\/israel-philip-morris-contourne-linterdiction-de-publicite-pour-le-tabac-chauffe-sur-les-lieux-de-vente\/\">tabac chauff\u00e9<\/a>.<\/p>\n<p style=\"text-align: justify;\"><strong>Mots-cl\u00e9s : Uruguay, paquet neutre, PMI<\/strong><\/p>\n<p><strong><a href=\"https:\/\/www.generationsanstabac.org\/\">\u00a9G\u00e9n\u00e9ration Sans Tabac<\/a><\/strong><\/p>\n<p style=\"text-align: right;\"><b><i>MF<\/i><\/b><\/p>\n<hr \/>\n<p><a href=\"#_ftnref1\" name=\"_ftn1\">[1]<\/a> Myers M, <a href=\"https:\/\/www.tobaccofreekids.org\/press-releases\/uruguay-plain-packaging-roll-back\"><em>Uruguay\u2019s Roll Back of Plain Packaging a Symptom of Big Tobacco\u2019s Influence on Government<\/em><\/a>, Campaign for Tobacco-Free Kids, publi\u00e9 le 14 septembre 2022, consult\u00e9 le 15 septembre 2022.<\/p>\n<p><a href=\"#_ftnref2\" name=\"_ftn2\">[2]<\/a> Crosbie E, Sosa P, Glantz SA. <a href=\"https:\/\/tobaccocontrol.bmj.com\/content\/27\/2\/185\"><em>Defending strong tobacco packaging and labelling regulations in Uruguay: transnational tobacco control network versus Philip Morris International<\/em><\/a><em>. <\/em>Tobacco Control. 2018 Mar;27(2):185-194.<\/p>\n<p><a href=\"#_ftnref3\" name=\"_ftn3\">[3]<\/a> Hiscock R, Augustin NH, Branston JR, Gilmore AB. <a href=\"https:\/\/tobaccocontrol.bmj.com\/content\/tobaccocontrol\/early\/2020\/07\/12\/tobaccocontrol-2019-055387.full.pdf\"><em>Longitudinal evaluation of the impact of standardised packaging and minimum excise tax on tobacco sales and industry revenue in the UK<\/em><\/a><em>. <\/em>Tob Control. 2020;30:515- 522.<\/p>\n<p><span style=\"color: #999999;\"><strong><a style=\"color: #999999;\" href=\"http:\/\/www.cnct.fr\/\" target=\"_blank\" rel=\"noopener noreferrer\">Comit\u00e9 national contre le tabagisme |<\/a><\/strong><\/span><\/p>\n","protected":false},"excerpt":{"rendered":"<p>After courageously standing up to the tobacco industry in the 2010s, Uruguay has now complied with its demands by eliminating plain packaging for tobacco products. This illustrates the strong pressure that tobacco companies exert on leaders in low- and middle-income countries.<\/p>","protected":false},"featured_media":20190,"template":"","tags":[],"thematique":[502,499],"class_list":["post-20808","actualites","type-actualites","status-publish","has-post-thumbnail","hentry","thematique-justice","thematique-lobby"],"acf":[],"_links":{"self":[{"href":"https:\/\/www.generationsanstabac.org\/en\/wp-json\/wp\/v2\/actualites\/20808","targetHints":{"allow":["GET"]}}],"collection":[{"href":"https:\/\/www.generationsanstabac.org\/en\/wp-json\/wp\/v2\/actualites"}],"about":[{"href":"https:\/\/www.generationsanstabac.org\/en\/wp-json\/wp\/v2\/types\/actualites"}],"version-history":[{"count":0,"href":"https:\/\/www.generationsanstabac.org\/en\/wp-json\/wp\/v2\/actualites\/20808\/revisions"}],"wp:featuredmedia":[{"embeddable":true,"href":"https:\/\/www.generationsanstabac.org\/en\/wp-json\/wp\/v2\/media\/20190"}],"wp:attachment":[{"href":"https:\/\/www.generationsanstabac.org\/en\/wp-json\/wp\/v2\/media?parent=20808"}],"wp:term":[{"taxonomy":"post_tag","embeddable":true,"href":"https:\/\/www.generationsanstabac.org\/en\/wp-json\/wp\/v2\/tags?post=20808"},{"taxonomy":"thematique","embeddable":true,"href":"https:\/\/www.generationsanstabac.org\/en\/wp-json\/wp\/v2\/thematique?post=20808"}],"curies":[{"name":"wp","href":"https:\/\/api.w.org\/{rel}","templated":true}]}}