{"id":20787,"date":"2022-08-30T15:31:55","date_gmt":"2022-08-30T13:31:55","guid":{"rendered":"https:\/\/www.generationsanstabac.org\/actualites\/allemagne-le-taux-du-fumeur-bondit-de-plus-de-neuf-points-en-deux-ans\/"},"modified":"2022-08-30T15:31:55","modified_gmt":"2022-08-30T13:31:55","slug":"allemagne-le-taux-du-fumeur-bondit-de-plus-de-neuf-points-en-deux-ans","status":"publish","type":"actualites","link":"https:\/\/www.generationsanstabac.org\/en\/actualites\/allemagne-le-taux-du-fumeur-bondit-de-plus-de-neuf-points-en-deux-ans\/","title":{"rendered":"Germany: Smoking rate jumps by more than nine points in two years"},"content":{"rendered":"<p style=\"text-align: justify;\"><em>En Allemagne, plus d\u2019une personne sur trois est aujourd\u2019hui fumeuse. Le pays enregistre une tr\u00e8s nette d\u00e9gradation de sa situation, avec une augmentation de plus de neuf points du taux de fumeurs par rapport \u00e0 la situation avant la crise de Covid-19. Toutefois, cette augmentation de la proportion de fumeurs semble \u00e9pargner la jeune g\u00e9n\u00e9ration.  <\/em><\/p>\n<p style=\"text-align: justify;\">Depuis 2016, l\u2019enqu\u00eate allemande sur le comportement tabagique (DEBRA), cherche \u00e0 mesurer tous les deux mois l\u2019\u00e9volution de la pr\u00e9valence tabagique en Allemagne, sur la base d\u2019un \u00e9chantillon repr\u00e9sentatif de la population du pays<a href=\"#_ftn1\" name=\"_ftnref1\">[1]<\/a>.<\/p>\n<h2 style=\"text-align: justify;\"><strong>Une \u00ab \u00e9volution effrayante \u00bb pour la sant\u00e9 publique<br \/>\n<\/strong><\/h2>\n<p style=\"text-align: justify;\">Selon l\u2019enqu\u00eate, 34,5% des Allemands \u00e2g\u00e9s de plus de 14 ans sont aujourd\u2019hui fumeurs quotidiens ou occasionnels, contre 25,4% aux mois de juillet-ao\u00fbt 2020. Cette \u00e9volution, qualifi\u00e9e d\u2019 \u00ab effrayante \u00bb par Daniel Kotz, directeur de la Debra et Professeur de m\u00e9decine \u00e0 l\u2019Universit\u00e9 de D\u00fcsseldorf, pourrait possiblement \u00eatre imput\u00e9e au contexte de confinement et de pand\u00e9mie, pouvant g\u00e9n\u00e9rer une situation de stress faisant rechuter un certain nombre d\u2019anciens fumeurs<a href=\"#_ftn2\" name=\"_ftnref2\">[2]<\/a>. Cependant, les auteurs soulignent que l\u2019aggravation de la situation tabagique ne concerne pas la jeune g\u00e9n\u00e9ration, qui a vu son taux de fumeurs reculer depuis le d\u00e9but de la pand\u00e9mie. Selon les r\u00e9sultats de l\u2019enqu\u00eate Debra, la pr\u00e9valence des Allemands \u00e2g\u00e9s de 14 \u00e0 17 ans s\u2019\u00e9tablit d\u00e9sormais \u00e0 8,7%, contre 10,5% en 2020.<\/p>\n<h2 style=\"text-align: justify;\"><strong>L\u2019Allemagne, le plus mauvais \u00e9l\u00e8ve de l\u2019Union europ\u00e9enne<\/strong><\/h2>\n<p style=\"text-align: justify;\">Selon le Tobacco Control Scale de 2019, l\u2019Allemagne est le pays le moins bien class\u00e9 sur les 36 \u00e9valu\u00e9s<a href=\"#_ftn3\" name=\"_ftnref3\">[3]<\/a>, et accuse un fort retard dans la mise en place de politiques de lutte contre le tabagisme, malgr\u00e9 la ratification de la Convention-cadre de l\u2019OMS pour la lutte antitabac (CCLAT) en 2004. De cette fa\u00e7on, aucune hausse de taxes sur les produits du tabac n\u2019a v\u00e9ritablement \u00e9t\u00e9 mise en place depuis 15 ans, la r\u00e9glementation des espaces sans tabac est encore particuli\u00e8rement lacunaire, tandis que l\u2019Allemagne est rest\u00e9e longtemps <a href=\"https:\/\/www.generationsanstabac.org\/actualites\/allemagne-avance-a-pas-comptes-vers-interdiction-publicitaire-tabac\/\">le dernier pays de l\u2019Union europ\u00e9enne<\/a> \u00e0 autoriser l\u2019industrie du tabac \u00e0 faire la promotion de ses produits. Cette situation, qui s\u2019explique par <a href=\"https:\/\/www.generationsanstabac.org\/actualites\/allemagne-le-lobby-du-tabac-derriere-la-nouvelle-loi-sur-la-fiscalite\/\">la forte influence du secteur dans le paysage politique allemand<\/a>, se caract\u00e9rise par un lourd bilan humain, puisque le tabagisme est \u00e0 l\u2019origine de la mort pr\u00e9matur\u00e9e \u00e9vitable de plus de 120 000 Allemands par an.<\/p>\n<p><strong>Mots-cl\u00e9s : Allemagne, Pr\u00e9valence, Lobbying<br \/>\n<\/strong><\/p>\n<p><strong><a href=\"https:\/\/www.generationsanstabac.org\/\">\u00a9G\u00e9n\u00e9ration Sans Tabac<\/a><\/strong><\/p>\n<p style=\"text-align: right;\"><b><i>FT<\/i><\/b><\/p>\n<hr \/>\n<p style=\"text-align: justify;\"><a href=\"#_ftnref1\" name=\"_ftn1\">[1]<\/a> Deutsche Befragung zum Rauch Verhalten (Debra), <a href=\"https:\/\/www.debra-study.info\/\">Etude<\/a>, (consult\u00e9 le 30\/08\/2022)<\/p>\n<p style=\"text-align: justify;\"><a href=\"#_ftnref2\" name=\"_ftn2\">[2]<\/a> WDR, <a href=\"https:\/\/www1.wdr.de\/nachrichten\/raucher-anzahl-studie-tabak-konsum-100.html\">Wieder mehr Raucher seit Beginn der Pandemie<\/a>, 27\/08\/2022, (consult\u00e9 le 30\/08\/2022)<\/p>\n<p style=\"text-align: justify;\"><a href=\"#_ftnref3\" name=\"_ftn3\">[3]<\/a> <a href=\",%20(consult\u00e9%20le%2030\/08\/2022)\">The Tobacco Control Scale in Europe<\/a>, 2019, (consult\u00e9 le 30\/08\/2022)<\/p>\n<p><strong><a href=\"http:\/\/www.cnct.fr\/\" target=\"_blank\" rel=\"noopener noreferrer\">Comit\u00e9 national contre le tabagisme |<\/a><\/strong><\/p>\n","protected":false},"excerpt":{"rendered":"<p>En Allemagne, plus d\u2019une personne sur trois est aujourd\u2019hui fumeuse. Le pays enregistre une tr\u00e8s nette d\u00e9gradation de sa situation, avec une augmentation de plus de neuf points du taux de fumeurs par rapport \u00e0 la situation avant la crise de Covid-19. Toutefois, cette augmentation de la proportion de fumeurs semble \u00e9pargner la jeune g\u00e9n\u00e9ration. [&hellip;]<\/p>\n","protected":false},"featured_media":11166,"template":"","tags":[],"thematique":[474],"class_list":["post-20787","actualites","type-actualites","status-publish","has-post-thumbnail","hentry","thematique-sante"],"acf":[],"_links":{"self":[{"href":"https:\/\/www.generationsanstabac.org\/en\/wp-json\/wp\/v2\/actualites\/20787","targetHints":{"allow":["GET"]}}],"collection":[{"href":"https:\/\/www.generationsanstabac.org\/en\/wp-json\/wp\/v2\/actualites"}],"about":[{"href":"https:\/\/www.generationsanstabac.org\/en\/wp-json\/wp\/v2\/types\/actualites"}],"version-history":[{"count":0,"href":"https:\/\/www.generationsanstabac.org\/en\/wp-json\/wp\/v2\/actualites\/20787\/revisions"}],"wp:featuredmedia":[{"embeddable":true,"href":"https:\/\/www.generationsanstabac.org\/en\/wp-json\/wp\/v2\/media\/11166"}],"wp:attachment":[{"href":"https:\/\/www.generationsanstabac.org\/en\/wp-json\/wp\/v2\/media?parent=20787"}],"wp:term":[{"taxonomy":"post_tag","embeddable":true,"href":"https:\/\/www.generationsanstabac.org\/en\/wp-json\/wp\/v2\/tags?post=20787"},{"taxonomy":"thematique","embeddable":true,"href":"https:\/\/www.generationsanstabac.org\/en\/wp-json\/wp\/v2\/thematique?post=20787"}],"curies":[{"name":"wp","href":"https:\/\/api.w.org\/{rel}","templated":true}]}}