{"id":20784,"date":"2022-08-29T08:00:50","date_gmt":"2022-08-29T06:00:50","guid":{"rendered":"https:\/\/www.generationsanstabac.org\/actualites\/une-initiative-citoyenne-plaide-pour-une-generation-sans-tabac-europeenne-dici-2030\/"},"modified":"2022-08-29T08:00:50","modified_gmt":"2022-08-29T06:00:50","slug":"une-initiative-citoyenne-plaide-pour-une-generation-sans-tabac-europeenne-dici-2030","status":"publish","type":"actualites","link":"https:\/\/www.generationsanstabac.org\/en\/actualites\/une-initiative-citoyenne-plaide-pour-une-generation-sans-tabac-europeenne-dici-2030\/","title":{"rendered":"Citizens&#039; initiative calls for a European tobacco-free generation by 2030"},"content":{"rendered":"<p style=\"text-align: justify;\"><em>On Wednesday, August 24, the European Commission registered a new European Citizens&#039; Initiative (ECI) supported by several European associations, entitled <\/em><a href=\"https:\/\/europa.eu\/citizens-initiative\/initiatives\/details\/2022\/000005_en\"><em>&quot;Call for a tobacco-free environment and the first European tobacco-free generation by 2030&quot;<\/em><\/a><em>The organizers of the initiative are calling on the Commission to propose legislation to prevent new generations from becoming addicted to tobacco and to take action against the environmental damage linked to its consumption. <\/em><\/p>\n<p style=\"text-align: justify;\">Following registration, organizers have six months to begin collecting signatures. If a European Citizens&#039; Initiative receives 1 million statements of support within a year, from at least seven different Member States, the Commission will have to respond. It may decide whether or not to grant the request, and must explain its decision.<\/p>\n<h2 style=\"text-align: justify;\"><strong>A coherent set of measures to achieve a tobacco-free generation<\/strong><\/h2>\n<p style=\"text-align: justify;\">The initiators hope that European legislation will prevent young people from starting to use tobacco while limiting its environmental impact. To achieve this, they recommend several measures:<\/p>\n<p style=\"text-align: justify;\">\u2013 Promote the first European tobacco-free generation by 2028, by ending the sale of tobacco and nicotine products to citizens born since 2010;<\/p>\n<p style=\"text-align: justify;\">\u2013 Create a European network of smoke-free beaches and riverbanks, making these spaces healthier and more ecologically sustainable;<\/p>\n<p style=\"text-align: justify;\">\u2013 Create a European network of smoke-free national parks, to make them healthier and reduce cigarette butt pollution and fire risks;<\/p>\n<p style=\"text-align: justify;\">\u2013 Expand tobacco- and vaping-free outdoor spaces, particularly those frequented by minors (parks, swimming pools, events and sports centers, shows and restaurant terraces);<\/p>\n<p style=\"text-align: justify;\">\u2013 Eliminate advertising and the presence of tobacco in audiovisual productions and social media, with a special focus on \u201cunder the radar\u201d advertising through influencers and product placement;<\/p>\n<p style=\"text-align: justify;\">\u2013 Fund research and development projects on diseases caused by smoking in order to improve their prognosis and make them curable.<\/p>\n<h2 style=\"text-align: justify;\"><strong>A similar ambition expressed by the Commission<\/strong><\/h2>\n<p style=\"text-align: justify;\">With 40% of cancer cases attributed to preventable causes and 25% of its population smoking daily, the European Union recommended in its new cancer plan, published on February 3, 2021, strengthening tobacco control policies to achieve a tobacco-free Europe by 2040 where less than 5% of the population will be smokers.<\/p>\n<p style=\"text-align: justify;\">The measures in the new plan include:<\/p>\n<p style=\"text-align: justify;\">\u2013 the introduction of neutral packaging for all member countries;<\/p>\n<p style=\"text-align: justify;\">\u2013 a total ban on flavorings (the Commission has proposed banning <a href=\"https:\/\/www.generationsanstabac.org\/en\/actualites\/la-commission-europeenne-propose-dinterdire-les-aromes-pour-le-tabac-a-chauffer\/\">aromas<\/a> for heated tobacco on June 29, 2022);<\/p>\n<p style=\"text-align: justify;\">\u2013 improving the assessment of ingredients contained in cigarettes;<\/p>\n<p style=\"text-align: justify;\">\u2013 the extension of taxation to new tobacco products and;<\/p>\n<p style=\"text-align: justify;\">\u2013 the fight against advertising, promotion and sponsorship of tobacco on the Internet and social networks.<\/p>\n<p style=\"text-align: justify;\">In this respect, the revision of the Tobacco Products Directive will be a crucial step for public health. The revision of the directive will notably aim to propose a regulatory framework for new tobacco and nicotine products, which have appeared on the market in large numbers since 2014.<\/p>\n<p style=\"text-align: justify;\"><strong>Keywords: Tobacco-Free Generation, European Commission, European Union, 2030, tobacco control, environment<\/strong><\/p>\n<p style=\"text-align: justify;\"><strong><a href=\"https:\/\/www.generationsanstabac.org\/en\/\">\u00a9Generation Without Tobacco<\/a><\/strong><\/p>\n<p style=\"text-align: right;\"><b><i>AE<\/i><\/b><\/p>\n<p><span style=\"color: #999999;\"><strong><a style=\"color: #999999;\" href=\"http:\/\/www.cnct.fr\/\" target=\"_blank\" rel=\"noopener noreferrer\">National Committee Against Smoking |<\/a><\/strong><\/span><\/p>","protected":false},"excerpt":{"rendered":"<p>Le mercredi 24 ao\u00fbt, la Commission europ\u00e9enne a enregistr\u00e9 une nouvelle initiative citoyenne europ\u00e9enne (ICE) port\u00e9e par plusieurs associations europ\u00e9enne, intitul\u00e9e \u00ab Appel \u00e0 un environnement sans tabac et \u00e0 la premi\u00e8re g\u00e9n\u00e9ration europ\u00e9enne sans tabac d&rsquo;ici 2030 \u00bb. Les organisateurs de l&rsquo;initiative demandent \u00e0 la Commission de proposer une l\u00e9gislation pour \u00e9viter aux nouvelles [&hellip;]<\/p>\n","protected":false},"featured_media":18864,"template":"","tags":[],"thematique":[491,474],"class_list":["post-20784","actualites","type-actualites","status-publish","has-post-thumbnail","hentry","thematique-politiques-publiques","thematique-sante"],"acf":[],"_links":{"self":[{"href":"https:\/\/www.generationsanstabac.org\/en\/wp-json\/wp\/v2\/actualites\/20784","targetHints":{"allow":["GET"]}}],"collection":[{"href":"https:\/\/www.generationsanstabac.org\/en\/wp-json\/wp\/v2\/actualites"}],"about":[{"href":"https:\/\/www.generationsanstabac.org\/en\/wp-json\/wp\/v2\/types\/actualites"}],"version-history":[{"count":0,"href":"https:\/\/www.generationsanstabac.org\/en\/wp-json\/wp\/v2\/actualites\/20784\/revisions"}],"wp:featuredmedia":[{"embeddable":true,"href":"https:\/\/www.generationsanstabac.org\/en\/wp-json\/wp\/v2\/media\/18864"}],"wp:attachment":[{"href":"https:\/\/www.generationsanstabac.org\/en\/wp-json\/wp\/v2\/media?parent=20784"}],"wp:term":[{"taxonomy":"post_tag","embeddable":true,"href":"https:\/\/www.generationsanstabac.org\/en\/wp-json\/wp\/v2\/tags?post=20784"},{"taxonomy":"thematique","embeddable":true,"href":"https:\/\/www.generationsanstabac.org\/en\/wp-json\/wp\/v2\/thematique?post=20784"}],"curies":[{"name":"wp","href":"https:\/\/api.w.org\/{rel}","templated":true}]}}