{"id":20777,"date":"2022-08-19T08:00:46","date_gmt":"2022-08-19T06:00:46","guid":{"rendered":"https:\/\/www.generationsanstabac.org\/actualites\/vosges-un-maire-demande-linterdiction-totale-de-fumer-dans-les-vehicules\/"},"modified":"2022-08-19T08:00:46","modified_gmt":"2022-08-19T06:00:46","slug":"vosges-un-maire-demande-linterdiction-totale-de-fumer-dans-les-vehicules","status":"publish","type":"actualites","link":"https:\/\/www.generationsanstabac.org\/en\/actualites\/vosges-un-maire-demande-linterdiction-totale-de-fumer-dans-les-vehicules\/","title":{"rendered":"Vosges: Mayor calls for total ban on smoking in vehicles"},"content":{"rendered":"<p style=\"text-align: justify;\"><em>Suite aux r\u00e9cents incendies, in\u00e9dits, qui ont touch\u00e9 la r\u00e9gion, Pascal Parmentalat, maire de la commune de Laveline-du-Houx (Vosges), pr\u00e9conise l\u2019adoption d\u2019une l\u00e9gislation interdisant totalement de fumer dans un v\u00e9hicule. <\/em><\/p>\n<p style=\"text-align: justify;\">Le maire demande l\u2019extension de l\u2019interdiction de fumer \u00e0 l\u2019ensemble des occupants de la voiture, une mesure qu\u2019il juge de \u00ab bon sens \u00bb et r\u00e9alisable sachant qu\u2019il est d\u00e9j\u00e0 interdit de fumer dans un v\u00e9hicule en la pr\u00e9sence d\u2019enfant de moins de 12 ans<a href=\"#_ftn1\" name=\"_ftnref1\">[1]<\/a>.<\/p>\n<h2 style=\"text-align: justify;\"><strong>Une mesure destin\u00e9e \u00e0 \u00e9viter les d\u00e9parts de feux<\/strong><\/h2>\n<p style=\"text-align: justify;\">Selon Pascal Parmentelat cette interdiction permettrait d&rsquo;\u00e9viter un grand nombre de d\u00e9parts de feu. Une enqu\u00eate r\u00e9alis\u00e9e par le groupe <a href=\"https:\/\/www.ipsos.com\/fr-fr\/sur-la-route-des-vacances-plus-d1-francais-sur-4-jette-ses-dechets-par-la-fenetre-de-sa-voiture\">Vinci et l\u2019institut Ipsos<\/a> montre 25 % de fumeurs jettent leurs m\u00e9gots par la fen\u00eatre. La f\u00e9d\u00e9ration nationale des sapeurs-pompiers de France souligne \u00e9galement que 30 % des incendies ont pour origine des m\u00e9gots mal \u00e9teints.<\/p>\n<p style=\"text-align: justify;\">En juillet 2022, la commune fran\u00e7aise de <a href=\"https:\/\/www.generationsanstabac.org\/actualites\/la-commune-de-langlade-interdit-de-fumer-dans-les-vehicules-prives\/\">Langlade<\/a> dans le Gard avait d\u00e9j\u00e0 instaur\u00e9, par arr\u00eat\u00e9 municipal, une mesure similaire mais provisoire, motiv\u00e9e par la pr\u00e9vention des incendies. L\u2019arr\u00eat\u00e9 restreignait l\u2019usage du tabac dans plusieurs espaces publics et avait \u00e9t\u00e9 \u00e9tendu aux v\u00e9hicules priv\u00e9s.<\/p>\n<p style=\"text-align: justify;\">En plus de pr\u00e9venir de nombreux incendies, interdire de fumer au volant permettrait de r\u00e9duire la pollution li\u00e9e aux m\u00e9gots. Chaque ann\u00e9e, on estime que 25 000 tonnes de m\u00e9gots sont jet\u00e9es dans la nature en France, faisant du m\u00e9got le premier d\u00e9chet collect\u00e9 dans la nature.<\/p>\n<h2 style=\"text-align: justify;\"><strong>Une interdiction d\u00e9j\u00e0 en vigueur dans d\u2019autres pays, motiv\u00e9e par les risques sur la sant\u00e9<\/strong><\/h2>\n<p style=\"text-align: justify;\">L\u2019interdiction de fumer \u00e0 bord d\u2019un v\u00e9hicule priv\u00e9 o\u00f9 se trouvent des mineurs est d\u00e9j\u00e0 en place dans plusieurs pays, comme en Angleterre, en Ecosse, en Nouvelle-Z\u00e9lande, en Bosnie-Herz\u00e9govine ainsi qu\u2019en France. Une interdiction motiv\u00e9e par les risques sur la sant\u00e9 du tabagisme passif voire ultra passif, en particulier sur les enfants. En effet, fumer dans une voiture peut cr\u00e9er des niveaux de pollution jusqu\u2019\u00e0 35 fois plus \u00e9lev\u00e9s que ceux jug\u00e9s acceptables par l\u2019OMS. Selon une \u00e9tude de 2009<a href=\"#_ftn2\" name=\"_ftnref2\">[2]<\/a>, dans les voitures des fumeurs, la concentration de monoxyde de carbone est deux \u00e0 trois fois plus \u00e9lev\u00e9e que celle d\u2019une route embouteill\u00e9e \u00e0 une heure de pointe. Ouvrir la fen\u00eatre ne suffit pas \u00e0 dissiper l\u2019int\u00e9gralit\u00e9 de la fum\u00e9e et des \u00e9manations toxiques.<\/p>\n<p style=\"text-align: justify;\"><strong>Mots-cl\u00e9s : incendie, v\u00e9hicule, interdiction de fumer, environnement, m\u00e9gots, tabagisme passif<\/strong><\/p>\n<p style=\"text-align: justify;\"><strong><a href=\"https:\/\/www.generationsanstabac.org\/\">\u00a9G\u00e9n\u00e9ration Sans Tabac<\/a><\/strong><\/p>\n<p style=\"text-align: right;\"><strong><em>AE<\/em><\/strong><\/p>\n<hr \/>\n<p style=\"text-align: justify;\"><a href=\"#_ftnref1\" name=\"_ftn1\">[1]<\/a> Yves Quemener, <a href=\"https:\/\/france3-regions.francetvinfo.fr\/grand-est\/vosges\/epinal\/risque-d-incendies-faut-il-interdire-la-cigarette-au-volant-le-maire-de-laveline-du-houx-propose-de-voter-une-loi-afin-de-sanctionner-les-fumeurs-en-voiture-2597644.html\">Risque d\u2019incendie : Faut-il interdire la cigarette au volant ? le maire de Laveline-du-Houx (Vosges) propose de voter une loi afin de sanctionner les fumeurs en voiture<\/a>, France 3 R\u00e9gions, publi\u00e9 le 17 ao\u00fbt 2022, consult\u00e9 le 18 ao\u00fbt 2022<\/p>\n<p style=\"text-align: justify;\"><a href=\"#_ftnref2\" name=\"_ftn2\">[2]<\/a> Jones MR, Navas-Acien A, Yuan J, et al,  \u00ab Secondhand tobacco smoke concentrations in motor vehicles: a pilot study \u00bb, Tobacco Control 2009;18:399-404.<\/p>\n<p><span style=\"color: #999999;\"><strong><a style=\"color: #999999;\" href=\"http:\/\/www.cnct.fr\/\" target=\"_blank\" rel=\"noopener noreferrer\">Comit\u00e9 national contre le tabagisme |<\/a><\/strong><\/span><\/p>\n","protected":false},"excerpt":{"rendered":"<p>Suite aux r\u00e9cents incendies, in\u00e9dits, qui ont touch\u00e9 la r\u00e9gion, Pascal Parmentalat, maire de la commune de Laveline-du-Houx (Vosges), pr\u00e9conise l\u2019adoption d\u2019une l\u00e9gislation interdisant totalement de fumer dans un v\u00e9hicule. Le maire demande l\u2019extension de l\u2019interdiction de fumer \u00e0 l\u2019ensemble des occupants de la voiture, une mesure qu\u2019il juge de \u00ab bon sens \u00bb et [&hellip;]<\/p>\n","protected":false},"featured_media":11147,"template":"","tags":[],"thematique":[480,474],"class_list":["post-20777","actualites","type-actualites","status-publish","has-post-thumbnail","hentry","thematique-environnement","thematique-sante"],"acf":[],"_links":{"self":[{"href":"https:\/\/www.generationsanstabac.org\/en\/wp-json\/wp\/v2\/actualites\/20777","targetHints":{"allow":["GET"]}}],"collection":[{"href":"https:\/\/www.generationsanstabac.org\/en\/wp-json\/wp\/v2\/actualites"}],"about":[{"href":"https:\/\/www.generationsanstabac.org\/en\/wp-json\/wp\/v2\/types\/actualites"}],"version-history":[{"count":0,"href":"https:\/\/www.generationsanstabac.org\/en\/wp-json\/wp\/v2\/actualites\/20777\/revisions"}],"wp:featuredmedia":[{"embeddable":true,"href":"https:\/\/www.generationsanstabac.org\/en\/wp-json\/wp\/v2\/media\/11147"}],"wp:attachment":[{"href":"https:\/\/www.generationsanstabac.org\/en\/wp-json\/wp\/v2\/media?parent=20777"}],"wp:term":[{"taxonomy":"post_tag","embeddable":true,"href":"https:\/\/www.generationsanstabac.org\/en\/wp-json\/wp\/v2\/tags?post=20777"},{"taxonomy":"thematique","embeddable":true,"href":"https:\/\/www.generationsanstabac.org\/en\/wp-json\/wp\/v2\/thematique?post=20777"}],"curies":[{"name":"wp","href":"https:\/\/api.w.org\/{rel}","templated":true}]}}