{"id":20765,"date":"2022-08-09T08:00:19","date_gmt":"2022-08-09T06:00:19","guid":{"rendered":"https:\/\/www.generationsanstabac.org\/actualites\/realite-discours-monde-sans-fumee-philip-morris\/"},"modified":"2022-08-09T08:00:19","modified_gmt":"2022-08-09T06:00:19","slug":"realite-discours-monde-sans-fumee-philip-morris","status":"publish","type":"actualites","link":"https:\/\/www.generationsanstabac.org\/en\/actualites\/realite-discours-monde-sans-fumee-philip-morris\/","title":{"rendered":"The Reality Behind Philip Morris&#039;s &#039;Smoke-Free&#039; Talk"},"content":{"rendered":"<p style=\"text-align: justify;\"><em>Dans une interview donn\u00e9e au m\u00e9dia belge \u00ab Trends \u00bb<a href=\"#_ftn1\" name=\"_ftnref1\"><strong>[1]<\/strong><\/a> le 25 juillet dernier, le PDG de Philip Morris Europe, Fr\u00e9deric De Wilde, avait longuement fait la promotion de la transformation \u00ab sans fum\u00e9e \u00bb de son entreprise, notamment \u00e0 travers les \u00ab alternatives sans combustion \u00bb comme le tabac \u00e0 chauffer. La Fondation belge contre le Cancer pointe les incoh\u00e9rences du discours de Philip Morris, et d\u00e9montre que  la r\u00e9alit\u00e9 est bien diff\u00e9rente<a href=\"#_ftn2\" name=\"_ftnref2\"><strong>[2]<\/strong><\/a>.<\/em><\/p>\n<p style=\"text-align: justify;\">Dans son interview, M. De Wilde d\u00e9clare \u00ab <em>Nous avons franchi le Rubicon. Il n&rsquo;y a pas de retour en arri\u00e8re possible. Philip Morris s&rsquo;engage en faveur d&rsquo;un avenir sans tabac<\/em> \u00bb. Les observations montrent qu\u2019en r\u00e9alit\u00e9, Philip Morris International (PMI) continue \u00e0 prendre des mesures qui vont \u00e0 contre-courant de ses objectifs annonc\u00e9s d\u2019un \u00ab avenir sans fum\u00e9e \u00bb. En effet, le fabricant poursuit la fabrication et la vente de cigarettes traditionnelles, en ciblant la promotion aupr\u00e8s des jeunes, tout en luttant contre les politiques de lutte antitabac \u00e9prouv\u00e9es visant \u00e0 r\u00e9duire efficacement les taux de tabagisme.<\/p>\n<h2 style=\"text-align: justify;\"><strong>Des revenus tr\u00e8s majoritairement g\u00e9n\u00e9r\u00e9s par les cigarettes classiques<\/strong><\/h2>\n<p style=\"text-align: justify;\">\u00c0 ce jour, 70 % du chiffre d\u2019affaire annuel (80 milliards US $) de PMI sont dus \u00e0 la vente de cigarettes classiques, et 29 % \u00e0 celle des produits \u00ab sans fum\u00e9e \u00bb.  PMI esp\u00e8re tirer d&rsquo;ici 2025 1 milliard de US $ de revenus par la vente des produits sans nicotine. Pour Suzanne Gabriels, experte en pr\u00e9vention tabac \u00e0 la <a href=\"https:\/\/www.cancer.be\/nouvelles\/le-geant-du-tabac-pmi-annonce-une-importante-transition-mais-son-chiffre-daffaire-donne\">Fondation belge contre le Cancer<\/a>, ces chiffres donnent une image biais\u00e9e de la r\u00e9alit\u00e9 des ventes, du fait de la faible taxation des produits sans fum\u00e9e qui favorise les gains de la soci\u00e9t\u00e9 sur la vente de ces produits par rapport \u00e0 ceux sur celle des cigarettes classiques.<\/p>\n<p style=\"text-align: justify;\">D\u2019ailleurs, PMI confirme dans les <a href=\"https:\/\/www.marketscreener.com\/quote\/stock\/PHILIP-MORRIS-INTERNATION-2836703\/news\/Philip-Morris-International-Script-PDF-56-KB-41046603\/\">d\u00e9clarations<\/a> \u00e0 ses actionnaires une \u00ab croissance robuste \u00bb au deuxi\u00e8me trimestre 2022, de 2,4% en volume et de 4,2 % en revenus sur la vente des produits combustibles<\/p>\n<h2 style=\"text-align: justify;\"><strong>Des avantages fiscaux injustifi\u00e9s pour les produits du tabac \u00e0 chauffer<\/strong><\/h2>\n<p style=\"text-align: justify;\">Les profits importants issus des ventes de tabac \u00e0 chauffer s\u2019expliquent par la faible fiscalit\u00e9 auxquels ces produits sont soumis, ce qui permet \u00e0 PMI d\u2019augmenter grandement ses marges, tout en restant comp\u00e9titif par rapport au prix des cigarettes classiques.  Comme l\u2019explique le Comit\u00e9 national contre le tabagisme<a href=\"#_ftn3\" name=\"_ftnref3\">[3]<\/a>, si le prix de vente en France d\u2019un paquet de 20  Marlboro de 10,50 \u20ac se d\u00e9compose ainsi : 8,79 \u20ac de taxes, 1,04 \u20ac au buraliste et 0,67 \u20ac au fabricant, celui d\u2019un paquet de 20 courtes cigarettes Heets (tabac \u00e0 chauffer) de 7,50 \u20ac se d\u00e9compose ainsi : 5,26 \u20ac de taxes, 0,75 \u20ac au buraliste et 1,49 \u20ac au fabricant. Ainsi, alors que le paquet de 20 Heets est 29% moins cher que celui de 20 Marlboro, la marge b\u00e9n\u00e9ficiaire de PMI est sup\u00e9rieure de 122%.<\/p>\n<p style=\"text-align: justify;\">L\u2019industrie du tabac justifie le bienfond\u00e9 de ce r\u00e9gime fiscal avantageux par l\u2019existence d\u2019une \u00ab r\u00e9duction des risques \u00bb qui serait li\u00e9e \u00e0 la consommation de tabac chauff\u00e9 par rapport \u00e0 celle de cigarettes traditionnelles. En r\u00e9alit\u00e9, les \u00e9tudes ind\u00e9pendantes<a href=\"#_ftn4\" name=\"_ftnref4\">[4]<\/a> et l\u2019<a href=\"https:\/\/www.generationsanstabac.org\/actualites\/iqos-des-composants-toxiques-presents-a-plus-forts-niveaux-que-dans-la-fumee-de-cigarette-classique\/\">examen<\/a> des donn\u00e9es issues des donn\u00e9es de PMI  ne d\u00e9montrent en rien l\u2019existence d\u2019une telle \u00ab r\u00e9duction des risques \u00bb.<\/p>\n<h2 style=\"text-align: justify;\"><strong>Un discours de fa\u00e7ade pour continuer \u00e0 vendre des produits du tabac<\/strong><\/h2>\n<p style=\"text-align: justify;\">C\u2019est en 2017 que PMI a officiellement d\u00e9voil\u00e9 sa vision d&rsquo;un avenir \u00ab sans fum\u00e9e \u00bb. Andr\u00e9 Calantzopoulos, son directeur g\u00e9n\u00e9ral, a commenc\u00e9 \u00e0 donner des interviews sur la \u00ab transformation \u00bb de son entreprise qui voulait faire passer les fumeurs \u00e0 la nouvelle gamme d&rsquo;alternatives aux cigarettes qui, selon lui, seraient la solution \u00e0 l\u2019\u00e9pid\u00e9mie tabagique. En 2019, le fabricant a lanc\u00e9 sa campagne \u00ab Unsmoke your world \u00bb qui encourage les fumeurs \u00e0 \u00ab rejoindre le voyage \u00bb vers l&rsquo;abandon des cigarettes traditionnelles en passant au tabac \u00e0 chauffer. Pour les experts en sant\u00e9 publique, dont Suzanne Gabriels, ce discours est une tentative flagrante de r\u00e9habiliter l&rsquo;image de l&rsquo;entreprise pour qu&rsquo;elle puisse redevenir un interlocuteur responsable et ainsi influencer les politiques et les r\u00e9glementations visant \u00e0 pr\u00e9venir la consommation de tabac.<\/p>\n<p style=\"text-align: justify;\"><strong>Mots-cl\u00e9s : Philip Morris, alternatives sans combustion, tabac \u00e0 chauffer, lobby, ing\u00e9rence, avenir sans fum\u00e9e<\/strong><\/p>\n<p style=\"text-align: justify;\"><strong><a href=\"https:\/\/www.generationsanstabac.org\/\">\u00a9G\u00e9n\u00e9ration Sans Tabac<\/a><\/strong><\/p>\n<p style=\"text-align: right;\"><strong><em>AE<\/em><\/strong><\/p>\n<hr \/>\n<p><a href=\"#_ftnref1\" name=\"_ftn1\">[1]<\/a> Patrick Claerhout, <a href=\"https:\/\/trends.levif.be\/economie\/entreprises\/la-transformation-de-philip-morris-le-geant-du-tabac-nous-avons-franchi-le-rubicon\/article-normal-1573751.html\">La transformation de Philip Morris, le g\u00e9ant du tabac: \u00ab\u00a0Nous avons franchi le Rubicon\u00a0\u00bb<\/a>, Trends, publi\u00e9 le 25 juillet 2022, consult\u00e9 le 4 ao\u00fbt 2022<\/p>\n<p><a href=\"#_ftnref2\" name=\"_ftn2\">[2]<\/a> Suzanne Gabriels, <a href=\"https:\/\/www.cancer.be\/nouvelles\/le-geant-du-tabac-pmi-annonce-une-importante-transition-mais-son-chiffre-daffaire-donne\">Le g\u00e9ant du tabac PMI annonce une importante transition, mais son chiffre d\u2019affaire donne d\u2019autres informations<\/a>, Fondation belge contre le Cancer, publi\u00e9 le 1er ao\u00fbt 2022, consult\u00e9 le 4 ao\u00fbt 2022<\/p>\n<p><a href=\"#_ftnref3\" name=\"_ftn3\">[3]<\/a> Comit\u00e9 national contre le tabagisme, <a href=\"https:\/\/cnct.fr\/actualites\/hausse-taxes-tabac-chauffe-substituts-nicotiniques-vraies-et-fausses-solutions\/\">Hausse des taxes, tabac chauff\u00e9, substituts nicotiniques : vraies et fausses solutions<\/a>, publi\u00e9 le 14 avril 2021, consult\u00e9 le 4 ao\u00fbt 2022<\/p>\n<p><a href=\"#_ftnref4\" name=\"_ftn4\">[4]<\/a> El-Kaassamani M, Yen M, Talih S, et al, Analysis of mainstream emissions, secondhand emissions and the environmental impact of IQOS waste: a systematic review on IQOS that accounts for data source, <a name=\"_ftn1\"><\/a>Tobacco Control Published Online First: 13 May 2022. doi: 10.1136\/tobaccocontrol-2021-056986<\/p>\n<p><span style=\"color: #999999;\"><strong><a style=\"color: #999999;\" href=\"http:\/\/www.cnct.fr\/\" target=\"_blank\" rel=\"noopener noreferrer\">Comit\u00e9 national contre le tabagisme |<\/a><\/strong><\/span><\/p>\n","protected":false},"excerpt":{"rendered":"<p>Dans une interview donn\u00e9e au m\u00e9dia belge \u00ab Trends \u00bb[1] le 25 juillet dernier, le PDG de Philip Morris Europe, Fr\u00e9deric De Wilde, avait longuement fait la promotion de la transformation \u00ab sans fum\u00e9e \u00bb de son entreprise, notamment \u00e0 travers les \u00ab alternatives sans combustion \u00bb comme le tabac \u00e0 chauffer. La Fondation belge [&hellip;]<\/p>\n","protected":false},"featured_media":20766,"template":"","tags":[],"thematique":[499,516],"class_list":["post-20765","actualites","type-actualites","status-publish","has-post-thumbnail","hentry","thematique-lobby","thematique-nouveaux-produits"],"acf":[],"_links":{"self":[{"href":"https:\/\/www.generationsanstabac.org\/en\/wp-json\/wp\/v2\/actualites\/20765","targetHints":{"allow":["GET"]}}],"collection":[{"href":"https:\/\/www.generationsanstabac.org\/en\/wp-json\/wp\/v2\/actualites"}],"about":[{"href":"https:\/\/www.generationsanstabac.org\/en\/wp-json\/wp\/v2\/types\/actualites"}],"version-history":[{"count":0,"href":"https:\/\/www.generationsanstabac.org\/en\/wp-json\/wp\/v2\/actualites\/20765\/revisions"}],"wp:featuredmedia":[{"embeddable":true,"href":"https:\/\/www.generationsanstabac.org\/en\/wp-json\/wp\/v2\/media\/20766"}],"wp:attachment":[{"href":"https:\/\/www.generationsanstabac.org\/en\/wp-json\/wp\/v2\/media?parent=20765"}],"wp:term":[{"taxonomy":"post_tag","embeddable":true,"href":"https:\/\/www.generationsanstabac.org\/en\/wp-json\/wp\/v2\/tags?post=20765"},{"taxonomy":"thematique","embeddable":true,"href":"https:\/\/www.generationsanstabac.org\/en\/wp-json\/wp\/v2\/thematique?post=20765"}],"curies":[{"name":"wp","href":"https:\/\/api.w.org\/{rel}","templated":true}]}}