{"id":20762,"date":"2022-08-03T13:00:42","date_gmt":"2022-08-03T11:00:42","guid":{"rendered":"https:\/\/www.generationsanstabac.org\/actualites\/les-tentatives-darret-du-tabac-chutent-en-ecosse\/"},"modified":"2022-08-03T13:00:42","modified_gmt":"2022-08-03T11:00:42","slug":"les-tentatives-darret-du-tabac-chutent-en-ecosse","status":"publish","type":"actualites","link":"https:\/\/www.generationsanstabac.org\/en\/actualites\/les-tentatives-darret-du-tabac-chutent-en-ecosse\/","title":{"rendered":"Quit attempts drop in Scotland"},"content":{"rendered":"<p style=\"text-align: justify;\"><em>La r\u00e9duction de moiti\u00e9 des arr\u00eats et des tentatives d\u2019arr\u00eat du tabac en \u00c9cosse interroge sur la continuit\u00e9 de l\u2019effort de financement public et menace ainsi l\u2019objectif d\u2019une g\u00e9n\u00e9ration sans tabac pour 2034. <\/em><\/p>\n<p style=\"text-align: justify;\">Selon les derni\u00e8res donn\u00e9es de Public Health Scotland, les arr\u00eats du tabac et les tentatives d\u2019arr\u00eat ont sensiblement diminu\u00e9 en \u00c9cosse en l\u2019espace de deux ans. L\u2019institution a ainsi comptabilis\u00e9 3 913 arr\u00eats du tabac en 2021-2022, contre 7 258 en 2018-2019, soit pr\u00e8s de la moiti\u00e9 en moins (- 46 %). Les tentatives d\u2019arr\u00eat sont quant \u00e0 elles pass\u00e9s de 51 115 en 2018-2019 \u00e0 23 503 en 2021-2022, soit une baisse de plus de la moiti\u00e9 (- 54 %). La comparaison avec les p\u00e9riodes pr\u00e9c\u00e9dentes n\u2019est plus envisageable, le mode de calcul ayant exclu les personnes plac\u00e9es en d\u00e9tention depuis la vague d\u2019enqu\u00eate de 2018-2019.<\/p>\n<h2 style=\"text-align: justify;\"><strong>Une r\u00e9duction des cr\u00e9dits destin\u00e9s \u00e0 l\u2019arr\u00eat du tabac <\/strong><\/h2>\n<p style=\"text-align: justify;\">La principale explication avanc\u00e9e pour expliquer ce ph\u00e9nom\u00e8ne pointe que les cr\u00e9dits allou\u00e9s \u00e0 l\u2019aide \u00e0 l\u2019arr\u00eat du tabagisme ont \u00e9t\u00e9 sensiblement r\u00e9duits ces derni\u00e8res ann\u00e9es, malgr\u00e9 le fait que l\u2019\u00c9cosse se soit fix\u00e9e, pour 2034, l\u2019objectif d\u2019une g\u00e9n\u00e9ration sans tabac (pr\u00e9valence tabagique inf\u00e9rieure \u00e0 5%, interdiction de vente aux personnes n\u00e9es apr\u00e8s une date d\u00e9termin\u00e9e). Cette r\u00e9duction des cr\u00e9dits datant, tout comme la baisse des tentatives d\u2019arr\u00eat du tabac, d\u2019avant la pand\u00e9mie de COVID-19, il est difficile d\u2019interpr\u00e9ter l\u2019impact de cette derni\u00e8re.<\/p>\n<p style=\"text-align: justify;\"><em>\u00ab C\u2019est vraiment une fausse \u00e9conomie \u2013 et ce sont les communaut\u00e9s les plus pauvres qui vivent en \u00c9cosse qui en souffriront de mani\u00e8re disproportionn\u00e9e \u00bb<\/em>, a d\u00e9clar\u00e9 le Dr Sandesh Gulhane, porte-parole du parti conservateur sur les questions de sant\u00e9<a href=\"#_ftn1\" name=\"_ftnref1\">[1]<\/a>. Il estime \u00e9galement que ces donn\u00e9es risquent de compromettre l\u2019objectif d\u2019une g\u00e9n\u00e9ration sans tabac pour 2034, si rien n\u2019est fait pour corriger cette tendance. Il craint par ailleurs que ces mauvais chiffres ne conduisent \u00e0 des tensions sur le syst\u00e8me m\u00e9dical \u00e9cossais, d\u00e9j\u00e0 tr\u00e8s fragilis\u00e9.<\/p>\n<h2 style=\"text-align: justify;\"><strong>L\u2019objectif d\u2019une g\u00e9n\u00e9ration sans tabac reste d\u2019actualit\u00e9 <\/strong><\/h2>\n<p style=\"text-align: justify;\">Un porte-parole du gouvernement \u00e9cossais a r\u00e9pliqu\u00e9, soulignant que la pr\u00e9valence tabagique est pass\u00e9e de 31 % en 1999 \u00e0 17 % en 2019, et que l\u2019objectif d\u2019une r\u00e9duction de ce taux de 12 % en 2034 restait atteignable. <em>\u00ab Nous d\u00e9veloppons un Plan d\u2019action Tabac r\u00e9vis\u00e9 \u00e0 fort impact, dans lequel seront pr\u00e9sents la pr\u00e9vention, la protection et l\u2019arr\u00eat du tabac, pour assurer que nous atteindrons notre cible des 5 % \u00bb<\/em>, a-t-il compl\u00e9t\u00e9, le gouvernement se d\u00e9clarant <em>\u00ab d\u00e9termin\u00e9 \u00e0 am\u00e9liorer la sant\u00e9 et \u00e0 r\u00e9duire les in\u00e9galit\u00e9s \u00bb<a href=\"#_ftn2\" name=\"_ftnref2\"><strong>[2]<\/strong><\/a>.<\/em><\/p>\n<p style=\"text-align: justify;\"><strong>Mots-cl\u00e9s : \u00c9cosse, arr\u00eat du tabac, tentatives d\u2019arr\u00eat, G\u00e9n\u00e9ration sans tabac<\/strong><\/p>\n<p style=\"text-align: justify;\"><strong><a href=\"https:\/\/www.generationsanstabac.org\/\">\u00a9G\u00e9n\u00e9ration Sans Tabac<\/a><\/strong><\/p>\n<p style=\"text-align: right;\"><strong><em>MF<\/em><\/strong><\/p>\n<hr \/>\n<p><a href=\"#_ftnref1\" name=\"_ftn1\">[1]<\/a> Carmichael A, <a href=\"https:\/\/www.scotsman.com\/health\/stub-it-out-number-of-scots-trying-to-quit-smoking-drops-by-more-than-half-3787424\"><em>Stub it out: Number of Scots trying to quit smoking drops by more than half<\/em><\/a>, The Scotsman, publi\u00e9 le 29 juillet 2022, consult\u00e9 le 2 ao\u00fbt 2022.<\/p>\n<p><a href=\"#_ftnref2\" name=\"_ftn2\">[2]<\/a> <a href=\"https:\/\/www.ireland-live.ie\/news\/scotland\/872751\/number-of-scots-quitting-and-attempting-to-quit-smoking-drops-by-more-than-half.html\"><em>Number of Scots quitting and attempting to quit smoking drops by more than half<\/em><\/a>, Ireland Live, publi\u00e9 le 29 juillet 2022, consult\u00e9 le 2 ao\u00fbt 2022.<\/p>\n<p><span style=\"color: #999999;\"><strong><a style=\"color: #999999;\" href=\"http:\/\/www.cnct.fr\/\" target=\"_blank\" rel=\"noopener noreferrer\">Comit\u00e9 national contre le tabagisme |<\/a><\/strong><\/span><\/p>\n","protected":false},"excerpt":{"rendered":"<p>La r\u00e9duction de moiti\u00e9 des arr\u00eats et des tentatives d\u2019arr\u00eat du tabac en \u00c9cosse interroge sur la continuit\u00e9 de l\u2019effort de financement public et menace ainsi l\u2019objectif d\u2019une g\u00e9n\u00e9ration sans tabac pour 2034. Selon les derni\u00e8res donn\u00e9es de Public Health Scotland, les arr\u00eats du tabac et les tentatives d\u2019arr\u00eat ont sensiblement diminu\u00e9 en \u00c9cosse en [&hellip;]<\/p>\n","protected":false},"featured_media":11122,"template":"","tags":[],"thematique":[474],"class_list":["post-20762","actualites","type-actualites","status-publish","has-post-thumbnail","hentry","thematique-sante"],"acf":[],"_links":{"self":[{"href":"https:\/\/www.generationsanstabac.org\/en\/wp-json\/wp\/v2\/actualites\/20762","targetHints":{"allow":["GET"]}}],"collection":[{"href":"https:\/\/www.generationsanstabac.org\/en\/wp-json\/wp\/v2\/actualites"}],"about":[{"href":"https:\/\/www.generationsanstabac.org\/en\/wp-json\/wp\/v2\/types\/actualites"}],"version-history":[{"count":0,"href":"https:\/\/www.generationsanstabac.org\/en\/wp-json\/wp\/v2\/actualites\/20762\/revisions"}],"wp:featuredmedia":[{"embeddable":true,"href":"https:\/\/www.generationsanstabac.org\/en\/wp-json\/wp\/v2\/media\/11122"}],"wp:attachment":[{"href":"https:\/\/www.generationsanstabac.org\/en\/wp-json\/wp\/v2\/media?parent=20762"}],"wp:term":[{"taxonomy":"post_tag","embeddable":true,"href":"https:\/\/www.generationsanstabac.org\/en\/wp-json\/wp\/v2\/tags?post=20762"},{"taxonomy":"thematique","embeddable":true,"href":"https:\/\/www.generationsanstabac.org\/en\/wp-json\/wp\/v2\/thematique?post=20762"}],"curies":[{"name":"wp","href":"https:\/\/api.w.org\/{rel}","templated":true}]}}