{"id":20745,"date":"2022-07-13T15:52:58","date_gmt":"2022-07-13T13:52:58","guid":{"rendered":"https:\/\/www.generationsanstabac.org\/actualites\/france-le-marche-du-tabac-en-recul-pour-le-premier-semestre-2022\/"},"modified":"2022-07-13T15:52:58","modified_gmt":"2022-07-13T13:52:58","slug":"france-le-marche-du-tabac-en-recul-pour-le-premier-semestre-2022","status":"publish","type":"actualites","link":"https:\/\/www.generationsanstabac.org\/en\/actualites\/france-le-marche-du-tabac-en-recul-pour-le-premier-semestre-2022\/","title":{"rendered":"France: tobacco market in decline for the first half of 2022"},"content":{"rendered":"<p style=\"text-align: justify;\"><em>Selon les chiffres de la Douane, le march\u00e9 du tabac accuse un certain recul en volume pour le premier semestre de l\u2019ann\u00e9e 2022. En raison du moratoire sur la fiscalit\u00e9 sur les produits du tabac, mis en place au d\u00e9but 2021, cette diminution des volumes s\u2019est doubl\u00e9e d\u2019un recul du march\u00e9 du tabac en valeur.<\/em><\/p>\n<table>\n<tbody>\n<tr>\n<td width=\"302\"><strong>Cat\u00e9gorie <\/strong><\/td>\n<td width=\"302\"><strong>Evolution en volume (par rapport au 1<sup>er<\/sup> semestre de 2021)<\/strong><\/td>\n<td width=\"302\"><strong>Evolution en valeur (par rapport au 1<sup>er<\/sup> semestre de 2021)<\/strong><\/td>\n<\/tr>\n<tr>\n<td width=\"302\"><em>March\u00e9 global<\/em><\/td>\n<td width=\"302\">-7,4%<\/td>\n<td width=\"302\">-7,6%<\/td>\n<\/tr>\n<tr>\n<td width=\"302\"><em>Cigarettes<\/em><\/td>\n<td width=\"302\">-5,6%<\/td>\n<td width=\"302\">-6,1%<\/td>\n<\/tr>\n<tr>\n<td width=\"302\"><em>Tabac \u00e0 rouler<\/em><\/td>\n<td width=\"302\">-16,1%<\/td>\n<td width=\"302\">-15,7%<\/td>\n<\/tr>\n<tr>\n<td width=\"302\"><em>Cigares\/cigarillos<\/em><\/td>\n<td width=\"302\">-9,8%<\/td>\n<td width=\"302\">-8%<\/td>\n<\/tr>\n<\/tbody>\n<\/table>\n<p style=\"text-align: justify;\">Les chiffres pr\u00e9sent\u00e9s dans le tableau ci-dessus pr\u00e9sentent l\u2019\u00e9volution du march\u00e9 du tabac en volume (\u00e9volution des livraisons en volume effectu\u00e9es au premier semestre 2022 par rapport \u00e0 l\u2019ann\u00e9e pr\u00e9c\u00e9dente), et en valeur (\u00e9volution du chiffre d\u2019affaires sur le march\u00e9 du tabac sur la m\u00eame p\u00e9riode). Sur l\u2019ensemble des produits du tabac pr\u00e9sent\u00e9s, tous sont en d\u00e9clin d\u2019au moins 5%, allant jusqu\u2019\u00e0 une diminution de plus de 16% pour le tabac \u00e0 rouler. Cette diminution g\u00e9n\u00e9rale de 7,4% en volume traduit <em>a minima<\/em> une baisse significative des achats de produits du tabac au sein du r\u00e9seau des buralistes, sinon une diminution de la consommation par les Fran\u00e7ais.<\/p>\n<h2 style=\"text-align: justify;\"><strong>Vers une augmentation des prix par l\u2019industrie du tabac ? <\/strong><\/h2>\n<p style=\"text-align: justify;\">Sur son site internet, le Monde du tabac, plateforme d\u2019information associ\u00e9e \u00e0 la Conf\u00e9d\u00e9ration des buralistes, mentionne : \u00ab on notera qu\u2019avec la mise en place du moratoire fiscal, d\u00e8s le d\u00e9but 2021, les chiffres en valeur ne profitent plus de l\u2019effet hausse des prix \u00bb<a href=\"#_ftn1\" name=\"_ftnref1\">[1]<\/a>. Autrement dit, l\u2019absence de politique fiscale voulue par Oliver Dussopt, alors ministre d\u00e9l\u00e9gu\u00e9 charg\u00e9 des Comptes publics, a traduit la baisse des volumes en une diminution du chiffre d\u2019affaires globale. Dans la perspective d\u2019augmenter le chiffre d\u2019affaires du secteur, les fabricants de tabac pourraient s\u2019engager dans une politique de hausses des prix, leur permettant ainsi d\u2019accro\u00eetre leur marge b\u00e9n\u00e9ficiaire. Toutefois, les hausses de prix, lorsqu\u2019elles sont mises en place par l\u2019industrie du tabac, sont de port\u00e9e limit\u00e9e, afin de ne pas entra\u00eener de diminution de la consommation. Les \u00e9tudes men\u00e9es sur l\u2019\u00e9lasticit\u00e9-prix soulignent que les hausses de prix ne sont efficaces pour r\u00e9duire la consommation qu\u2019\u00e0 la condition d\u2019\u00eatre significatives et r\u00e9guli\u00e8res. A l\u2019inverse, les petites hausses tarifaires, compte tenu du caract\u00e8re hautement addictif des produits du tabac, n\u2019ont pas d\u2019impact sur les niveaux de consommation, et p\u00e9nalisent ainsi uniquement le pouvoir d\u2019achat des fumeurs, sans b\u00e9n\u00e9fice pour la sant\u00e9 publique. En outre les hausses limit\u00e9es des prix \u00e0 l\u2019initiative des fabricants ne permettent pas des rentr\u00e9es fiscales aussi \u00e9lev\u00e9es.<\/p>\n<h2 style=\"text-align: justify;\"><strong>La question de l\u2019\u00e9volution du march\u00e9 parall\u00e8le en France<\/strong><\/h2>\n<p style=\"text-align: justify;\">En appui de l\u2019\u00e9tude KPMG sortie \u00e0 la fin du mois de juin 2022, l\u2019industrie du tabac souligne que ces diminutions en volume sont seulement le reflet d\u2019un transfert d\u2019une partie de la consommation de tabac en dehors du r\u00e9seau des buralistes. Selon l\u2019\u00e9tude publi\u00e9e par le cabinet de conseil, les achats r\u00e9alis\u00e9s hors r\u00e9seau atteindraient 34,6% de la consommation fran\u00e7aise, tandis que pr\u00e8s d\u2019une cigarette sur trois consomm\u00e9e en France proviendrait de la contrebande ou de la contrefa\u00e7on. Ces chiffres sont toutefois vigoureusement contest\u00e9s par les ONG de lutte contre le tabagisme. En effet, selon la litt\u00e9rature scientifique, le rapport KPMG, exclusivement financ\u00e9 par Philip Morris International, ne peut \u00eatre consid\u00e9r\u00e9 comme une source fiable d\u2019information. Le cabinet de conseil est notamment accus\u00e9 de sur\u00e9valuer d\u00e9lib\u00e9r\u00e9ment les march\u00e9s parall\u00e8les, par le biais d\u2019une m\u00e9thodologie opaque et biais\u00e9e, dans l\u2019objectif de dissuader les pouvoirs publics de mener des politiques de lutte contre le tabagisme, \u00e0 l\u2019instar d\u2019une politique fiscale sur l\u2019ensemble des produits du tabac. Par ailleurs, l\u2019\u00e9tude KPMG pointe une augmentation spectaculaire de 600% de la contrefa\u00e7on entre 2019 et 2020, et de plus de 30% entre 2020 et 2021. Pour KPMG, plus de 400 millions de paquets de cigarettes consom\u00e9es en France sont des paquets de contrefa\u00e7on.<\/p>\n<p style=\"text-align: justify;\">Dans une note, le Comit\u00e9 national contre le tabagisme affirme que ces chiffres sont peu vraisemblables, car il \u00ab impliqueraient l\u2019achat et la consommation de pr\u00e8s de 300 millions de paquets par an en France, soit environ 30 paquets par fumeur. De tels niveaux de contrefa\u00e7on requerraient des capacit\u00e9s humaines, logistiques et organisationnelles in\u00e9dites de la part des r\u00e9seaux parall\u00e8les. Par ailleurs, une aussi brusque augmentation induirait une mutation extr\u00eamement rapide des modes de consommation de la part d\u2019une grande partie des fumeurs en France \u00bb<a href=\"#_ftn2\" name=\"_ftnref2\">[2]<\/a>.<\/p>\n<p><strong>Mots-cl\u00e9s : March\u00e9 du tabac<br \/>\n<\/strong><\/p>\n<p><strong><a href=\"https:\/\/www.generationsanstabac.org\/\">\u00a9G\u00e9n\u00e9ration Sans Tabac<\/a><\/strong><\/p>\n<p style=\"text-align: right;\"><strong><em>FT<\/em><\/strong><\/p>\n<hr \/>\n<p style=\"text-align: justify;\"><a href=\"#_ftnref1\" name=\"_ftn1\">[1]<\/a> Le Monde du tabac, <a href=\"https:\/\/www.lemondedutabac.com\/marche-du-tabac-sur-les-6-premiers-mois-de-lannee-74-en-volume-76-en-valeur\/\">March\u00e9 du tabac sur les 6 premiers mois de l\u2019ann\u00e9e : -7,4 % en volume, -7,6 % en valeur<\/a>, 09\/07\/2022, (consult\u00e9 le 12\/07\/2022)<\/p>\n<p style=\"text-align: justify;\"><a href=\"#_ftnref2\" name=\"_ftn2\">[2]<\/a> Comit\u00e9 national contre le tabagisme, <a href=\"https:\/\/cnct.fr\/wp-content\/uploads\/2022\/06\/Lutter-contre-le-commerce-illicite-du-tabac.pdf\">Lutter contre le commerce illicite de tabac en France<\/a>, 06\/2022<\/p>\n<p><span style=\"color: #999999;\"><strong><a style=\"color: #999999;\" href=\"http:\/\/www.cnct.fr\/\" target=\"_blank\" rel=\"noopener noreferrer\">Comit\u00e9 national contre le tabagisme |<\/a><\/strong><\/span><\/p>\n","protected":false},"excerpt":{"rendered":"<p>Selon les chiffres de la Douane, le march\u00e9 du tabac accuse un certain recul en volume pour le premier semestre de l\u2019ann\u00e9e 2022. En raison du moratoire sur la fiscalit\u00e9 sur les produits du tabac, mis en place au d\u00e9but 2021, cette diminution des volumes s\u2019est doubl\u00e9e d\u2019un recul du march\u00e9 du tabac en valeur. [&hellip;]<\/p>\n","protected":false},"featured_media":19505,"template":"","tags":[],"thematique":[538,491],"class_list":["post-20745","actualites","type-actualites","status-publish","has-post-thumbnail","hentry","thematique-marches-paralleles","thematique-politiques-publiques"],"acf":[],"_links":{"self":[{"href":"https:\/\/www.generationsanstabac.org\/en\/wp-json\/wp\/v2\/actualites\/20745","targetHints":{"allow":["GET"]}}],"collection":[{"href":"https:\/\/www.generationsanstabac.org\/en\/wp-json\/wp\/v2\/actualites"}],"about":[{"href":"https:\/\/www.generationsanstabac.org\/en\/wp-json\/wp\/v2\/types\/actualites"}],"version-history":[{"count":0,"href":"https:\/\/www.generationsanstabac.org\/en\/wp-json\/wp\/v2\/actualites\/20745\/revisions"}],"wp:featuredmedia":[{"embeddable":true,"href":"https:\/\/www.generationsanstabac.org\/en\/wp-json\/wp\/v2\/media\/19505"}],"wp:attachment":[{"href":"https:\/\/www.generationsanstabac.org\/en\/wp-json\/wp\/v2\/media?parent=20745"}],"wp:term":[{"taxonomy":"post_tag","embeddable":true,"href":"https:\/\/www.generationsanstabac.org\/en\/wp-json\/wp\/v2\/tags?post=20745"},{"taxonomy":"thematique","embeddable":true,"href":"https:\/\/www.generationsanstabac.org\/en\/wp-json\/wp\/v2\/thematique?post=20745"}],"curies":[{"name":"wp","href":"https:\/\/api.w.org\/{rel}","templated":true}]}}