{"id":20744,"date":"2022-07-14T08:02:25","date_gmt":"2022-07-14T06:02:25","guid":{"rendered":"https:\/\/www.generationsanstabac.org\/actualites\/le-bresil-reconduit-linterdiction-des-cigarettes-electroniques\/"},"modified":"2022-07-14T08:02:25","modified_gmt":"2022-07-14T06:02:25","slug":"le-bresil-reconduit-linterdiction-des-cigarettes-electroniques","status":"publish","type":"actualites","link":"https:\/\/www.generationsanstabac.org\/en\/actualites\/le-bresil-reconduit-linterdiction-des-cigarettes-electroniques\/","title":{"rendered":"Brazil renews ban on e-cigarettes"},"content":{"rendered":"<p style=\"text-align: justify;\"><em>Au Br\u00e9sil, l\u2019Agence nationale de surveillance de la sant\u00e9 (Anvisa), a d\u00e9cid\u00e9 de maintenir l\u2019interdiction d\u2019importation, de publicit\u00e9, et de vente de cigarettes \u00e9lectroniques, en vigueur dans le pays depuis 2009. Pour lutter contre le commerce illicite de ces produits, l\u2019Anvisa a appel\u00e9 \u00e0 une augmentation des inspections et des campagnes d\u2019information aupr\u00e8s du grand public.<\/em><\/p>\n<p style=\"text-align: justify;\">La d\u00e9cision de poursuivre l\u2019interdiction des cigarettes \u00e9lectroniques au Br\u00e9sil a \u00e9t\u00e9 vot\u00e9e \u00e0 l\u2019unanimit\u00e9 par le bureau coll\u00e9gial de l\u2019Anvisa. Pour Christine Jourdan, directrice de l\u2019Agence, les \u00e9tudes scientifiques montrent que les cigarettes \u00e9lectroniques peuvent se traduire par une augmentation du risque d\u2019entrer dans le tabagisme pour les plus jeunes. Par ailleurs, Christine Jourdan rappelle que les cigarettes \u00e9lectroniques ne sont pas un outil anodin pour la sant\u00e9, avec le potentiel de d\u00e9velopper une addiction nicotinique, ainsi que des risques pour la sant\u00e9 cardiovasculaires, pulmonaires et neurologiques qui leur sont associ\u00e9s. De la m\u00eame mani\u00e8re, l\u2019Association m\u00e9dicale br\u00e9silienne (AMB) a salu\u00e9 la d\u00e9cision d\u2019Anvisa d\u2019interdire les cigarettes \u00e9lectroniques. Selon l\u2019AMB, les \u00e9tudes scientifiques men\u00e9es sur le sujet \u00e0 ce jour t\u00e9moignent \u00e9galement que les cigarettes \u00e9lectroniques ne peuvent pas \u00eatre consid\u00e9r\u00e9es comme un outil de sevrage<a href=\"#_ftn1\" name=\"_ftnref1\">[1]<\/a>.<\/p>\n<h2 style=\"text-align: justify;\"><strong>Lutter contre le commerce illicite des cigarettes \u00e9lectroniques au Br\u00e9sil <\/strong><\/h2>\n<p style=\"text-align: justify;\">Malgr\u00e9 l\u2019interdiction en vigueur depuis 2009 au Br\u00e9sil, une enqu\u00eate r\u00e9alis\u00e9e par Vital Strategies a soulign\u00e9 que pr\u00e8s d\u2019un jeune adulte sur cinq avait d\u00e9j\u00e0 consomm\u00e9 au moins une fois une cigarette \u00e9lectronique (19,7%). Dans un objectif de r\u00e9duire le commerce illicite de ces produits, l\u2019Anvisa appelle ainsi les pouvoirs publics \u00e0 renforcer les efforts de contr\u00f4le, pour en r\u00e9duire l\u2019acc\u00e8s. De son c\u00f4t\u00e9, British American Tobacco (BAT), a indiqu\u00e9 regretter cette d\u00e9cision, pointant l\u2019origine exclusivement illicite des cigarettes \u00e9lectroniques au Br\u00e9sil.<\/p>\n<h2 style=\"text-align: justify;\"><strong>En France, l\u2019efficacit\u00e9 des cigarettes \u00e9lectroniques est contest\u00e9e<\/strong><\/h2>\n<p style=\"text-align: justify;\">En France, le Haut Conseil de la sant\u00e9 publique \u00e9tablit un diagnostic similaire sur la question de la cigarette \u00e9lectronique. Dans son rapport de novembre 2021, le HCSP souligne que \u00ab les connaissances fond\u00e9es sur les preuves sont insuffisantes pour proposer les [cigarettes \u00e9lectroniques] comme aides au sevrage tabagique dans la prise en charge des fumeurs par les professionnels de sant\u00e9 \u00bb, enjoignant les professionnels de la sant\u00e9 \u00e0 privil\u00e9gier les traitements scientifiquement \u00e9prouv\u00e9s dans l\u2019accompagnement des anciens fumeurs. Par ailleurs, le HCSP avertit sur le risque que repr\u00e9sente la cigarette \u00e9lectronique en mati\u00e8re d\u2019initiation tabagique, en particulier pour les plus jeunes : \u00ab la relation entre initiation \u00e0 la cigarette \u00e9lectronique et initiation au tabac est document\u00e9e par des \u00e9tudes de cohortes. L\u2019objectif de retarder l\u2019initiation et l\u2019usage des [cigarettes \u00e9lectroniques] chez les adolescents non-consommateurs de tabac rel\u00e8ve ainsi du principe de pr\u00e9caution \u00bb<a href=\"#_ftn2\" name=\"_ftnref2\">[2]<\/a>.<\/p>\n<p><strong>Mots-cl\u00e9s : Br\u00e9sil, cigarette \u00e9lectronique, Anvisa<br \/>\n<\/strong><\/p>\n<p><strong><a href=\"https:\/\/www.generationsanstabac.org\/\">\u00a9G\u00e9n\u00e9ration Sans Tabac<\/a><\/strong><\/p>\n<p style=\"text-align: right;\"><strong><em>FT<\/em><\/strong><\/p>\n<hr \/>\n<p style=\"text-align: justify;\"><a href=\"#_ftnref1\" name=\"_ftn1\">[1]<\/a> The Brazilian Report, <a href=\"https:\/\/brazilian.report\/liveblog\/2022\/07\/06\/avisa-ban-e-cigarettes\/\">Brazilian regulators keep e-cigarette ban<\/a>, 06\/07\/2022, (consult\u00e9 le 11\/07\/2022)<\/p>\n<p style=\"text-align: justify;\"><a href=\"#_ftnref2\" name=\"_ftn2\">[2]<\/a> HCSP, <a href=\"https:\/\/www.hcsp.fr\/Explore.cgi\/Telecharger?NomFichier=hcspa20211126_bnridelacileacdelavdufv.pdf\">Avis relatif aux b\u00e9n\u00e9fices-risques de la cigarette \u00e9lectronique<\/a>, 26\/11\/2021, (consult\u00e9 le 12\/07\/2022)<\/p>\n<p><span style=\"color: #999999;\"><strong><a style=\"color: #999999;\" href=\"http:\/\/www.cnct.fr\/\" target=\"_blank\" rel=\"noopener noreferrer\">Comit\u00e9 national contre le tabagisme |<\/a><\/strong><\/span><\/p>\n","protected":false},"excerpt":{"rendered":"<p>Au Br\u00e9sil, l\u2019Agence nationale de surveillance de la sant\u00e9 (Anvisa), a d\u00e9cid\u00e9 de maintenir l\u2019interdiction d\u2019importation, de publicit\u00e9, et de vente de cigarettes \u00e9lectroniques, en vigueur dans le pays depuis 2009. Pour lutter contre le commerce illicite de ces produits, l\u2019Anvisa a appel\u00e9 \u00e0 une augmentation des inspections et des campagnes d\u2019information aupr\u00e8s du grand [&hellip;]<\/p>\n","protected":false},"featured_media":11095,"template":"","tags":[],"thematique":[502,516],"class_list":["post-20744","actualites","type-actualites","status-publish","has-post-thumbnail","hentry","thematique-justice","thematique-nouveaux-produits"],"acf":[],"_links":{"self":[{"href":"https:\/\/www.generationsanstabac.org\/en\/wp-json\/wp\/v2\/actualites\/20744","targetHints":{"allow":["GET"]}}],"collection":[{"href":"https:\/\/www.generationsanstabac.org\/en\/wp-json\/wp\/v2\/actualites"}],"about":[{"href":"https:\/\/www.generationsanstabac.org\/en\/wp-json\/wp\/v2\/types\/actualites"}],"version-history":[{"count":0,"href":"https:\/\/www.generationsanstabac.org\/en\/wp-json\/wp\/v2\/actualites\/20744\/revisions"}],"wp:featuredmedia":[{"embeddable":true,"href":"https:\/\/www.generationsanstabac.org\/en\/wp-json\/wp\/v2\/media\/11095"}],"wp:attachment":[{"href":"https:\/\/www.generationsanstabac.org\/en\/wp-json\/wp\/v2\/media?parent=20744"}],"wp:term":[{"taxonomy":"post_tag","embeddable":true,"href":"https:\/\/www.generationsanstabac.org\/en\/wp-json\/wp\/v2\/tags?post=20744"},{"taxonomy":"thematique","embeddable":true,"href":"https:\/\/www.generationsanstabac.org\/en\/wp-json\/wp\/v2\/thematique?post=20744"}],"curies":[{"name":"wp","href":"https:\/\/api.w.org\/{rel}","templated":true}]}}