{"id":20735,"date":"2022-07-07T07:30:50","date_gmt":"2022-07-07T05:30:50","guid":{"rendered":"https:\/\/www.generationsanstabac.org\/actualites\/barcelone-interdit-de-fumer-sur-les-plages\/"},"modified":"2022-07-07T07:30:50","modified_gmt":"2022-07-07T05:30:50","slug":"barcelone-interdit-de-fumer-sur-les-plages","status":"publish","type":"actualites","link":"https:\/\/www.generationsanstabac.org\/en\/actualites\/barcelone-interdit-de-fumer-sur-les-plages\/","title":{"rendered":"Barcelona bans smoking on beaches"},"content":{"rendered":"<p style=\"text-align: justify;\"><em>Le 1<sup>er<\/sup> juillet, la r\u00e9glementation interdisant de fumer des cigarettes sur les 5km de plages de Barcelone est officiellement entr\u00e9e en vigueur. Cette disposition s\u2019appliquera toute l&rsquo;ann\u00e9e et pas seulement pendant la saison touristique, en vue de cr\u00e9er des espaces publics sains prot\u00e9g\u00e9s du tabagisme passif, propres et plus attrayants sur le littoral de la capitale catalane. Les infractions \u00e0 l&rsquo;interdiction de fumer seront sanctionn\u00e9es jusqu&rsquo;\u00e0 30 euros<a href=\"#_ftn1\" name=\"_ftnref1\"><strong>[1]<\/strong><\/a>.<\/em><\/p>\n<p style=\"text-align: justify;\">En mai 2022, on d\u00e9nombrait 550 plages espagnoles non-fumeurs \u00e0 travers tout le pays mais Barcelone devient la premi\u00e8re grande ville espagnole \u00e0 mettre en place une telle interdiction.<\/p>\n<h2 style=\"text-align: justify;\"><strong>Une mesure bien accueillie qui permet de r\u00e9duire significativement la pollution<\/strong><\/h2>\n<p style=\"text-align: justify;\">Les m\u00e9gots de cigarettes sont le d\u00e9chet le plus pr\u00e9sent sur les plages m\u00e9diterran\u00e9ennes, repr\u00e9sentant 25 % de tous les objets collect\u00e9s. L&rsquo;\u00e9t\u00e9 dernier, la ville a mis en \u0153uvre une interdiction pilote sur quatre plages o\u00f9 les chercheurs ont observ\u00e9 une baisse sensible du nombre de fumeurs, m\u00eame si ceux qui enfreignaient la r\u00e8gle n&rsquo;\u00e9taient pas condamn\u00e9s \u00e0 une amende. Environ 20% des plagistes fumaient sur les plages o\u00f9 il \u00e9tait autoris\u00e9 de fumer contre 2% sur les plages pilotes.<\/p>\n<p style=\"text-align: justify;\">Parall\u00e8lement, une enqu\u00eate men\u00e9e par la mairie de Barcelone a r\u00e9v\u00e9l\u00e9 que plus de 80 % des habitants \u00e9taient favorables \u00e0 l&rsquo;interdiction de fumer sur les plages.<\/p>\n<h2 style=\"text-align: justify;\"><strong>Une mesure amen\u00e9e \u00e0 se g\u00e9n\u00e9raliser en vue d\u2019une g\u00e9n\u00e9ration sans tabac<\/strong><\/h2>\n<p style=\"text-align: justify;\">En Espagne, des discussions sont en cours concernant une r\u00e9glementation, en vigueur \u00e0 la mi-2023 et qui interdira de fumer dans de nombreux espaces ouverts, y compris les terrasses et les plages. En 2020, sept communaut\u00e9s autonomes d\u2019Espagne avaient d\u00e9j\u00e0 adopt\u00e9, en 2020, la mesure \u00ab Terrazas sin Humo \u00bb (<a href=\"https:\/\/www.generationsanstabac.org\/actualites\/espagne-interdit-de-fumer-sur-les-plages-et-terrasses\/\">Terrasses sans fum\u00e9e<\/a>) comme modalit\u00e9 pour limiter la propagation du virus COVID19 en interdisant de fumer des cigarettes traditionnelles et \u00e9lectroniques sur les terrasses ext\u00e9rieures des bars et restaurants si le respect d\u2019une distanciation de deux m\u00e8tres entre les individus n\u2019\u00e9tait pas garanti.<\/p>\n<p style=\"text-align: justify;\">L\u2019Espagne avait d\u00e9voil\u00e9 en 2021 un plan de cinq ans visant \u00e0 parvenir \u00e0 une g\u00e9n\u00e9ration sans tabac d\u2019ici 2030, notamment \u00e0 travers l\u2019introduction du paquet neutre pour les cigarettes manufactur\u00e9es, une forte augmentation des taxes sur le tabac et la mise en place d\u2019une taxe sp\u00e9ciale pour les cigarettes \u00e9lectroniques. D\u00e9but 2022, certaines associations antitabac avaient demand\u00e9 au minist\u00e8re de la Sant\u00e9 d\u2019interdire la vente de tabac aux personnes n\u00e9es depuis 2007, comme le pr\u00e9voit le Danemark.<\/p>\n<p style=\"text-align: justify;\">L\u2019enjeu d\u2019une g\u00e9n\u00e9ration sans tabac est de taille : en 2020, plus de 32% de la population \u00e2g\u00e9e de 15 ans et plus consommaient quotidiennement du tabac et le tabagisme est \u00e0 l\u2019origine de plus de 51 000 d\u00e9c\u00e8s pr\u00e9matur\u00e9s dans le pays.<\/p>\n<p style=\"text-align: justify;\"><strong>Mots-cl\u00e9s : Espagne, Barcelone, plages sans tabac, g\u00e9n\u00e9ration sans tabac<\/strong><\/p>\n<p><strong><a href=\"https:\/\/www.generationsanstabac.org\/\">\u00a9G\u00e9n\u00e9ration Sans Tabac<\/a><\/strong><\/p>\n<p style=\"text-align: right;\"><strong><em>AE<\/em><\/strong><\/p>\n<hr \/>\n<p style=\"text-align: justify;\"><a href=\"#_ftnref1\" name=\"_ftn1\">[1]<\/a> <a href=\"https:\/\/www.themayor.eu\/en\/a\/view\/as-of-1-july-no-more-smoking-on-barcelona-s-beaches-10663\">As of 1 July: no more smoking on Barcelona\u2019s beaches<\/a>, The mayor, publi\u00e9 le 1er juillet 2022, consult\u00e9 le 4 juillet 2022<\/p>\n<p><span style=\"color: #999999;\"><strong><a style=\"color: #999999;\" href=\"http:\/\/www.cnct.fr\/\" target=\"_blank\" rel=\"noopener noreferrer\">Comit\u00e9 national contre le tabagisme |<\/a><\/strong><\/span><\/p>\n","protected":false},"excerpt":{"rendered":"<p>Le 1er juillet, la r\u00e9glementation interdisant de fumer des cigarettes sur les 5km de plages de Barcelone est officiellement entr\u00e9e en vigueur. Cette disposition s\u2019appliquera toute l&rsquo;ann\u00e9e et pas seulement pendant la saison touristique, en vue de cr\u00e9er des espaces publics sains prot\u00e9g\u00e9s du tabagisme passif, propres et plus attrayants sur le littoral de la [&hellip;]<\/p>\n","protected":false},"featured_media":20736,"template":"","tags":[],"thematique":[480,474],"class_list":["post-20735","actualites","type-actualites","status-publish","has-post-thumbnail","hentry","thematique-environnement","thematique-sante"],"acf":[],"_links":{"self":[{"href":"https:\/\/www.generationsanstabac.org\/en\/wp-json\/wp\/v2\/actualites\/20735","targetHints":{"allow":["GET"]}}],"collection":[{"href":"https:\/\/www.generationsanstabac.org\/en\/wp-json\/wp\/v2\/actualites"}],"about":[{"href":"https:\/\/www.generationsanstabac.org\/en\/wp-json\/wp\/v2\/types\/actualites"}],"version-history":[{"count":0,"href":"https:\/\/www.generationsanstabac.org\/en\/wp-json\/wp\/v2\/actualites\/20735\/revisions"}],"wp:featuredmedia":[{"embeddable":true,"href":"https:\/\/www.generationsanstabac.org\/en\/wp-json\/wp\/v2\/media\/20736"}],"wp:attachment":[{"href":"https:\/\/www.generationsanstabac.org\/en\/wp-json\/wp\/v2\/media?parent=20735"}],"wp:term":[{"taxonomy":"post_tag","embeddable":true,"href":"https:\/\/www.generationsanstabac.org\/en\/wp-json\/wp\/v2\/tags?post=20735"},{"taxonomy":"thematique","embeddable":true,"href":"https:\/\/www.generationsanstabac.org\/en\/wp-json\/wp\/v2\/thematique?post=20735"}],"curies":[{"name":"wp","href":"https:\/\/api.w.org\/{rel}","templated":true}]}}