{"id":20729,"date":"2022-07-04T07:00:23","date_gmt":"2022-07-04T05:00:23","guid":{"rendered":"https:\/\/www.generationsanstabac.org\/actualites\/la-commune-de-langlade-interdit-de-fumer-dans-les-vehicules-prives\/"},"modified":"2022-07-04T07:00:23","modified_gmt":"2022-07-04T05:00:23","slug":"la-commune-de-langlade-interdit-de-fumer-dans-les-vehicules-prives","status":"publish","type":"actualites","link":"https:\/\/www.generationsanstabac.org\/en\/actualites\/la-commune-de-langlade-interdit-de-fumer-dans-les-vehicules-prives\/","title":{"rendered":"The municipality of Langlade prohibits smoking in private vehicles"},"content":{"rendered":"<p style=\"text-align: justify;\"><em>Motiv\u00e9 par la pr\u00e9vention des incendies dans une r\u00e9gion particuli\u00e8rement ass\u00e9ch\u00e9e, l\u2019arr\u00eat\u00e9 municipal constitue une premi\u00e8re en proscrivant de fumer \u00e0 bord des v\u00e9hicules priv\u00e9s.  <\/em><\/p>\n<p style=\"text-align: justify;\">La petite commune de Langlade (2200 habitants), situ\u00e9e dans le Gard, vient d\u2019adopter un arr\u00eat\u00e9 municipal restreignant l\u2019usage du tabac dans plusieurs espaces publics afin de lutter \u00e9nergiquement contre le risque d\u2019incendie<a href=\"#_ftn1\" name=\"_ftnref1\">[1]<\/a>. Elle a temporairement \u00e9tendu cette limitation aux v\u00e9hicules priv\u00e9s, ce qui est plus inhabituel.<\/p>\n<h2 style=\"text-align: justify;\"><strong>La commune multiplie les espaces sans tabac <\/strong><\/h2>\n<p style=\"text-align: justify;\">Prendre des initiatives locales pour restreindre le tabagisme, actif comme passif, r\u00e9pond \u00e0 une demande croissante des administr\u00e9s. De nombreuses localit\u00e9s ont d\u00e9j\u00e0 institu\u00e9 des espaces sans tabac situ\u00e9s dans le domaine public, qu\u2019il s\u2019agisse du p\u00e9rim\u00e8tre entourant les \u00e9tablissements scolaires, de parcs et jardins ou de plages, voire de rues enti\u00e8res sans compter les abords de b\u00e2timents publics. Inaugur\u00e9 \u00e0 Nancy, Mulhouse et Joinville, le projet <a href=\"https:\/\/www.generationsanstabac.org\/actualites\/grand-est-lancement-du-projet-mairies-libres-sans-tabac-villes-libres-sans-tabac\/\">\u00ab Ville libre sans tabac \u00bb<\/a> d\u00e9veloppe, quant \u00e0 lui, le principe d\u2019une politique compl\u00e8te sans tabac en vue d\u2019am\u00e9liorer les conditions de vie des habitants, d\u00e9ploy\u00e9e progressivement sur une ville.<\/p>\n<p style=\"text-align: justify;\">Conseill\u00e9e par le comit\u00e9 d\u00e9partemental de la Ligue contre le Cancer, la commune de Langlade a donc ralli\u00e9 ce mouvement en pronon\u00e7ant un arr\u00eat\u00e9 municipal interdisant de fumer dans plusieurs espaces publics de la commune. Le stade de football, le stand de tir, le stand de tir \u00e0 l\u2019arc, les cours de tennis, et les sites des Pondres et du Moulin compl\u00e8tent ainsi les espaces non-fumeurs d\u00e9j\u00e0 mis en place sur l\u2019aire de jeux et devant l\u2019\u00e9cole communale. Des zones fumeurs ont toutefois \u00e9t\u00e9 am\u00e9nag\u00e9es au sein de certains de ces emplacements<a href=\"#_ftn2\" name=\"_ftnref2\">[2]<\/a>.<\/p>\n<h2 style=\"text-align: justify;\"><strong>L\u2019interdiction de fumer au volant, une mesure provisoire mais in\u00e9dite <\/strong><\/h2>\n<p style=\"text-align: justify;\">La particularit\u00e9 de cet arr\u00eat\u00e9 municipal est d\u2019\u00e9tendre l\u2019interdiction de fumer aux v\u00e9hicules priv\u00e9s, une mesure pionni\u00e8re en France et m\u00eame au-del\u00e0. Une amende de quinze euros est pr\u00e9vue en cas d\u2019infraction. L\u2019initiative de la commune de Langlade n\u2019est cependant que temporaire et devrait prendre fin le 31 juillet prochain.<\/p>\n<p style=\"text-align: justify;\">Si l\u2019interdiction de fumer \u00e0 bord d\u2019un v\u00e9hicule o\u00f9 se trouvent des mineurs a d\u00e9j\u00e0 \u00e9t\u00e9 prononc\u00e9e en Angleterre, en Ecosse, en Nouvelle-Z\u00e9lande, en Bosnie-Herz\u00e9govine ainsi qu\u2019en France, elle n\u2019a pour l\u2019instant pas encore \u00e9t\u00e9 appliqu\u00e9e aux v\u00e9hicules ne transportant pas d\u2019enfants, m\u00eame si cette intention a d\u00e9j\u00e0 \u00e9t\u00e9 exprim\u00e9e. Concernant les v\u00e9hicules, l\u2019angle abord\u00e9 est habituellement celui du tabagisme passif, voire ultra-passif<a href=\"#_ftn3\" name=\"_ftnref3\">[3]<\/a>, mais plus rarement celui des pr\u00e9occupations environnementales, comme ici avec le risque incendie.<\/p>\n<p style=\"text-align: justify;\">Cette d\u00e9cision in\u00e9dite rejoint celles engag\u00e9es localement par d\u2019autres municipalit\u00e9s dans le monde, plus particuli\u00e8rement en Am\u00e9rique du Nord, o\u00f9 <a href=\"https:\/\/www.generationsanstabac.org\/actualites\/villes-musicales-sans-tabac-aux-etats-unis%E2%80%AF-la-musique-au-service-de-la-sante\/\">certaines villes<\/a> ont \u00e9t\u00e9 d\u00e9cr\u00e9t\u00e9es enti\u00e8rement non-fumeurs<a href=\"#_ftn4\" name=\"_ftnref4\">[4]<\/a> et d\u2019autres ont restreint la possibilit\u00e9 de fumer dans les lieux priv\u00e9s au sein des <a href=\"https:\/\/www.generationsanstabac.org\/actualites\/san-jose-interdit-de-fumer-dans-les-appartements-et-la-vente-des-aromes-pour-e-cigarettes\/\">habitations collectives<\/a><a href=\"#_ftn5\" name=\"_ftnref5\">[5]<\/a>. Ce type d\u2019innovation fait \u00e9galement partie des nombreuses options offertes aux maires pour d\u00e9normaliser le tabac dans leur commune, comme le rappelle le guide pratique <a href=\"https:\/\/www.generationsanstabac.org\/actualites\/actualisation-du-guide-le-maire-face-aux-conduites-addictives\/\">\u00ab Le maire face aux conduites addictives \u00bb<\/a>, \u00e9dit\u00e9 par la MILDECA<a href=\"#_ftn6\" name=\"_ftnref6\">[6]<\/a>.<\/p>\n<p style=\"text-align: justify;\"><strong>Mots-cl\u00e9s : Langlade, v\u00e9hicules priv\u00e9s, incendie, espaces sans tabac, Ville libre sans tabac<\/strong><\/p>\n<p style=\"text-align: justify;\"><strong><a href=\"https:\/\/www.generationsanstabac.org\/\">\u00a9G\u00e9n\u00e9ration Sans Tabac<\/a><\/strong><\/p>\n<p style=\"text-align: right;\"><strong><em>MF<\/em><\/strong><\/p>\n<hr \/>\n<p style=\"text-align: justify;\"><a href=\"#_ftnref1\" name=\"_ftn1\">[1]<\/a> Solano C, <a href=\"https:\/\/www.lagazettedenimes.fr\/live\/62b4587ddeb69976180bfc7e\/gard-ce-maire-qui-restreint-la-cigarette-pour-eviter-tout-incendie\"><em>Gard. Cette ville qui restreint la cigarette pour \u00e9viter tout incendie<\/em><\/a>, La Gazette de N\u00eemes, publi\u00e9 le 23 juin 2022, consult\u00e9 le 29 juin 2022.<\/p>\n<p style=\"text-align: justify;\"><a href=\"#_ftnref2\" name=\"_ftn2\">[2]<\/a> <a href=\"https:\/\/actu.fr\/societe\/gard-interdiction-de-fumer-en-voiture-et-dans-les-lieux-publics-une-ville-s-attaque-a-la-cigarette_52055813.html\"><em>Gard. Interdiction de fumer en voiture et dans les lieux publics, une ville s&rsquo;attaque \u00e0 la cigarette<\/em><\/a>, Actu.fr, publi\u00e9 le 28 juin 2022, consult\u00e9 le 29 juin 2022<\/p>\n<p style=\"text-align: justify;\"><a href=\"#_ftnref3\" name=\"_ftn3\">[3]<\/a> Le tabagisme ultra-passif d\u00e9signe l\u2019exposition aux particules toxiques persistantes d\u00e9pos\u00e9es par la fum\u00e9e de tabac, tout particuli\u00e8rement dans les lieux clos (habitations, v\u00e9hicules, lieux de travail\u2026).<\/p>\n<p style=\"text-align: justify;\"><a href=\"#_ftnref4\" name=\"_ftn4\">[4]<\/a> <a href=\"https:\/\/www.generationsanstabac.org\/actualites\/villes-musicales-sans-tabac-aux-etats-unis%E2%80%AF-la-musique-au-service-de-la-sante\/\"><em>Villes musicales sans tabac aux \u00c9tats-Unis\u202f: la musique au service de la sant\u00e9<\/em><\/a><em>, <\/em>G\u00e9n\u00e9ration Sans Tabac, publi\u00e9 le 8 octobre 2020, consult\u00e9 le 12 mars 2022.<\/p>\n<p style=\"text-align: justify;\"><a href=\"#_ftnref5\" name=\"_ftn5\">[5]<\/a> <a href=\"https:\/\/www.generationsanstabac.org\/actualites\/san-jose-interdit-de-fumer-dans-les-appartements-et-la-vente-des-aromes-pour-e-cigarettes\/\"><em>San Jos\u00e9 interdit de fumer dans les appartements et la vente des ar\u00f4mes pour e-cigarettes<\/em><\/a><em>, <\/em>G\u00e9n\u00e9ration Sans Tabac, publi\u00e9 le 30 septembre 2021, consult\u00e9 le 29 juin 2022.<\/p>\n<p style=\"text-align: justify;\"><a href=\"#_ftnref6\" name=\"_ftn6\">[6]<\/a> <a href=\"https:\/\/www.drogues.gouv.fr\/sites\/drogues.gouv.fr\/files\/atoms\/files\/604220030_mildeca_guidemaire_accessible.pdf\"><em>Le maire face aux conduites addictives<\/em><\/a>, Guide pratique, MILDECA, 2022.<\/p>\n<p><span style=\"color: #808080;\"><strong><a style=\"color: #808080;\" href=\"http:\/\/www.cnct.fr\/\" target=\"_blank\" rel=\"noopener noreferrer\">Comit\u00e9 national contre le tabagisme |<\/a><\/strong><\/span><\/p>\n","protected":false},"excerpt":{"rendered":"<p>Motiv\u00e9 par la pr\u00e9vention des incendies dans une r\u00e9gion particuli\u00e8rement ass\u00e9ch\u00e9e, l\u2019arr\u00eat\u00e9 municipal constitue une premi\u00e8re en proscrivant de fumer \u00e0 bord des v\u00e9hicules priv\u00e9s. La petite commune de Langlade (2200 habitants), situ\u00e9e dans le Gard, vient d\u2019adopter un arr\u00eat\u00e9 municipal restreignant l\u2019usage du tabac dans plusieurs espaces publics afin de lutter \u00e9nergiquement contre le [&hellip;]<\/p>\n","protected":false},"featured_media":14892,"template":"","tags":[],"thematique":[480,491],"class_list":["post-20729","actualites","type-actualites","status-publish","has-post-thumbnail","hentry","thematique-environnement","thematique-politiques-publiques"],"acf":[],"_links":{"self":[{"href":"https:\/\/www.generationsanstabac.org\/en\/wp-json\/wp\/v2\/actualites\/20729","targetHints":{"allow":["GET"]}}],"collection":[{"href":"https:\/\/www.generationsanstabac.org\/en\/wp-json\/wp\/v2\/actualites"}],"about":[{"href":"https:\/\/www.generationsanstabac.org\/en\/wp-json\/wp\/v2\/types\/actualites"}],"version-history":[{"count":0,"href":"https:\/\/www.generationsanstabac.org\/en\/wp-json\/wp\/v2\/actualites\/20729\/revisions"}],"wp:featuredmedia":[{"embeddable":true,"href":"https:\/\/www.generationsanstabac.org\/en\/wp-json\/wp\/v2\/media\/14892"}],"wp:attachment":[{"href":"https:\/\/www.generationsanstabac.org\/en\/wp-json\/wp\/v2\/media?parent=20729"}],"wp:term":[{"taxonomy":"post_tag","embeddable":true,"href":"https:\/\/www.generationsanstabac.org\/en\/wp-json\/wp\/v2\/tags?post=20729"},{"taxonomy":"thematique","embeddable":true,"href":"https:\/\/www.generationsanstabac.org\/en\/wp-json\/wp\/v2\/thematique?post=20729"}],"curies":[{"name":"wp","href":"https:\/\/api.w.org\/{rel}","templated":true}]}}