{"id":20719,"date":"2022-06-21T07:00:43","date_gmt":"2022-06-21T05:00:43","guid":{"rendered":"https:\/\/www.generationsanstabac.org\/actualites\/la-varenicline-ameliore-les-taux-dabandon-chez-les-fumeurs-quotidiens-afro-americains\/"},"modified":"2022-06-21T07:00:43","modified_gmt":"2022-06-21T05:00:43","slug":"la-varenicline-ameliore-les-taux-dabandon-chez-les-fumeurs-quotidiens-afro-americains","status":"publish","type":"actualites","link":"https:\/\/www.generationsanstabac.org\/en\/actualites\/la-varenicline-ameliore-les-taux-dabandon-chez-les-fumeurs-quotidiens-afro-americains\/","title":{"rendered":"Varenicline improves quit rates among African American daily smokers"},"content":{"rendered":"<p style=\"text-align: justify;\"><em>Des chercheurs de l&rsquo;University of Kansas Cancer Center ont publi\u00e9 les r\u00e9sultats d&rsquo;un essai clinique portant sur l&rsquo;efficacit\u00e9 de la var\u00e9nicline chez les Afro-Am\u00e9ricains. Dans leur \u00e9tude publi\u00e9e dans le Journal of the American Medical Association<a href=\"#_ftn1\" name=\"_ftnref1\"><strong>[1]<\/strong><\/a>, les fumeurs quotidiens afro-am\u00e9ricains \u00e0 qui l&rsquo;on a donn\u00e9 de la var\u00e9nicline combin\u00e9e \u00e0 des s\u00e9ances de conseils avec un professionnel ont obtenu des taux d&rsquo;arr\u00eat du tabac significativement plus \u00e9lev\u00e9s que ceux qui ont re\u00e7u un placebo<a href=\"#_ftn2\" name=\"_ftnref2\"><strong>[2]<\/strong><\/a>.<\/em><\/p>\n<p style=\"text-align: justify;\">Les Afro-Am\u00e9ricains ont \u00e9t\u00e9 sous-repr\u00e9sent\u00e9s dans la recherche sur le traitement du tabagisme, y compris dans les essais cliniques qui ont conduit \u00e0 l&rsquo;approbation par la Food and Drug Administration am\u00e9ricaine (FDA), en 2006, de la var\u00e9nicline, le principal traitement pharmacologique pour le sevrage tabagique connu sous le nom de marque Champix. Parall\u00e8lement, les Afro-Am\u00e9ricains pr\u00e9sentent des taux plus \u00e9lev\u00e9s de maladies et de d\u00e9c\u00e8s li\u00e9s au tabagisme, bien qu&rsquo;ils consomment en moyenne moins de cigarettes par jour que les Am\u00e9ricains blancs.<\/p>\n<h2 style=\"text-align: justify;\"><strong>Des chances d\u2019arr\u00eat quasi tripl\u00e9es avec la var\u00e9nicline<\/strong><\/h2>\n<p style=\"text-align: justify;\">Cette \u00e9tude sur la var\u00e9nicline a inclus 500 adultes qui se sont identifi\u00e9s comme afro-am\u00e9ricains ou noirs. Ils \u00e9taient \u00e2g\u00e9s de 18 ans ou plus, \u00e9taient des fumeurs quotidiens (au moins une cigarette par jour) et  souhaitaient arr\u00eater de fumer. Les participants ont \u00e9t\u00e9 r\u00e9partis de mani\u00e8re al\u00e9atoire et ont re\u00e7u soit de la var\u00e9nicline soit un placebo pendant 12 semaines, \u00e0 cela s\u2019ajoutaient six s\u00e9ances de conseils sur l\u2019arr\u00eat du tabac, pour l\u2019ensemble des participants quel que soit l\u2019affectation du groupe. L&rsquo;\u00e9tude a suivi tous les participants jusqu\u2019\u00e0 six mois apr\u00e8s l\u2019intervention et a \u00e9valu\u00e9, l\u2019abstinence auto d\u00e9clar\u00e9e v\u00e9rifi\u00e9e par des \u00e9chantillons de salive.<\/p>\n<p style=\"text-align: justify;\">L&rsquo;\u00e9tude a montr\u00e9 qu&rsquo;apr\u00e8s six mois, 16% des fumeurs qui avaient pris de la var\u00e9nicline en plus de recevoir des conseils \u00e9taient toujours abstinents, tandis que seuls 7% des fumeurs qui avaient re\u00e7u un placebo et des conseils \u00e9taient parvenus \u00e0 arr\u00eater de fumer. Apr\u00e8s 12 semaines, la diff\u00e9rence \u00e9tait encore plus grande : 19% des fumeurs prenant de la var\u00e9nicline \u00e9taient abstinents contre 7% dans le groupe placebo.<\/p>\n<h2 style=\"text-align: justify;\"><strong>Un traitement adapt\u00e9 pour les \u00ab petits \u00bb fumeurs<\/strong><\/h2>\n<p style=\"text-align: justify;\">La diff\u00e9rence dans les taux d&rsquo;arr\u00eat du tabac entre le groupe var\u00e9nicline et le groupe placebo \u00e9tait particuli\u00e8rement prononc\u00e9e pour les \u00ab petits \u00bb fumeurs (moins de 10 cigarettes par jour) par rapport aux gros fumeurs. \u00c0 la fin de la semaine 12, 22 % des \u00ab petits \u00bb fumeurs ayant re\u00e7u de la var\u00e9nicline \u00e9taient toujours abstinents, contre 9 % parmi les \u00ab petits \u00bb fumeurs du groupe placebo, d\u00e9montrant que le m\u00e9dicament peut \u00eatre utile pour ce type de profil de consommation.<\/p>\n<p style=\"text-align: justify;\"><strong>Mots-cl\u00e9s : Var\u00e9nicline, arr\u00eat tabac, traitements, nicotine, afro-am\u00e9ricains<\/strong><\/p>\n<p style=\"text-align: justify;\"><strong><a href=\"https:\/\/www.generationsanstabac.org\/\">\u00a9G\u00e9n\u00e9ration Sans Tabac<\/a><\/strong><\/p>\n<p style=\"text-align: right;\"><strong><em>AE<\/em><\/strong><\/p>\n<hr \/>\n<p style=\"text-align: justify;\"><a href=\"#_ftnref1\" name=\"_ftn1\">[1]<\/a> Cox LS, Nollen NL, Mayo MS, et al. Effect of Varenicline Added to Counseling on Smoking Cessation Among African American Daily Smokers: The Kick It at Swope IV Randomized Clinical Trial. <em>JAMA.<\/em> 2022;327(22):2201\u20132209. doi:10.1001\/jama.2022.8274<\/p>\n<p style=\"text-align: justify;\"><a href=\"#_ftnref2\" name=\"_ftn2\">[2]<\/a> <a href=\"https:\/\/www.news-medical.net\/news\/20220614\/Varenicline-improves-quit-rates-among-African-American-daily-smokers.aspx\">Varenicline improves quit rates among African American daily smokers<\/a>, News Medical, publi\u00e9 le 14 juin 2022, consult\u00e9 le 16 juin 2022<\/p>\n<p><span style=\"color: #808080;\"><strong><a style=\"color: #808080;\" href=\"http:\/\/www.cnct.fr\/\" target=\"_blank\" rel=\"noopener noreferrer\">Comit\u00e9 national contre le tabagisme |<\/a><\/strong><\/span><\/p>\n","protected":false},"excerpt":{"rendered":"<p>Des chercheurs de l&rsquo;University of Kansas Cancer Center ont publi\u00e9 les r\u00e9sultats d&rsquo;un essai clinique portant sur l&rsquo;efficacit\u00e9 de la var\u00e9nicline chez les Afro-Am\u00e9ricains. Dans leur \u00e9tude publi\u00e9e dans le Journal of the American Medical Association[1], les fumeurs quotidiens afro-am\u00e9ricains \u00e0 qui l&rsquo;on a donn\u00e9 de la var\u00e9nicline combin\u00e9e \u00e0 des s\u00e9ances de conseils avec [&hellip;]<\/p>\n","protected":false},"featured_media":11059,"template":"","tags":[],"thematique":[474],"class_list":["post-20719","actualites","type-actualites","status-publish","has-post-thumbnail","hentry","thematique-sante"],"acf":[],"_links":{"self":[{"href":"https:\/\/www.generationsanstabac.org\/en\/wp-json\/wp\/v2\/actualites\/20719","targetHints":{"allow":["GET"]}}],"collection":[{"href":"https:\/\/www.generationsanstabac.org\/en\/wp-json\/wp\/v2\/actualites"}],"about":[{"href":"https:\/\/www.generationsanstabac.org\/en\/wp-json\/wp\/v2\/types\/actualites"}],"version-history":[{"count":0,"href":"https:\/\/www.generationsanstabac.org\/en\/wp-json\/wp\/v2\/actualites\/20719\/revisions"}],"wp:featuredmedia":[{"embeddable":true,"href":"https:\/\/www.generationsanstabac.org\/en\/wp-json\/wp\/v2\/media\/11059"}],"wp:attachment":[{"href":"https:\/\/www.generationsanstabac.org\/en\/wp-json\/wp\/v2\/media?parent=20719"}],"wp:term":[{"taxonomy":"post_tag","embeddable":true,"href":"https:\/\/www.generationsanstabac.org\/en\/wp-json\/wp\/v2\/tags?post=20719"},{"taxonomy":"thematique","embeddable":true,"href":"https:\/\/www.generationsanstabac.org\/en\/wp-json\/wp\/v2\/thematique?post=20719"}],"curies":[{"name":"wp","href":"https:\/\/api.w.org\/{rel}","templated":true}]}}