{"id":20718,"date":"2022-06-20T12:00:58","date_gmt":"2022-06-20T10:00:58","guid":{"rendered":"https:\/\/www.generationsanstabac.org\/actualites\/la-suisse-lance-un-nouveau-programme-de-prevention-du-tabagisme-chez-les-jeunes\/"},"modified":"2022-06-20T12:00:58","modified_gmt":"2022-06-20T10:00:58","slug":"la-suisse-lance-un-nouveau-programme-de-prevention-du-tabagisme-chez-les-jeunes","status":"publish","type":"actualites","link":"https:\/\/www.generationsanstabac.org\/en\/actualites\/la-suisse-lance-un-nouveau-programme-de-prevention-du-tabagisme-chez-les-jeunes\/","title":{"rendered":"Switzerland launches new youth smoking prevention programme"},"content":{"rendered":"<p style=\"text-align: justify;\"><em>La campagne, financ\u00e9e par le Fonds de pr\u00e9vention du tabagisme (FPT) et intitul\u00e9e<a href=\"https:\/\/www.freefairfuture.ch\/fr\/a-propos-de-free-fair-future\/le-programme-free-fair-future\/\"> \u00abFree. Fair. Future\u00bb<\/a>, veut encourager les jeunes \u00e0 mener une vie sans nicotine. Avec 22,5% de fumeurs chez les adolescents de 15 \u00e0 19 ans, le FPT entend notamment impliquer davantage les enfants et les jeunes dans la pr\u00e9vention.<\/em><\/p>\n<p style=\"text-align: justify;\">Dans son communiqu\u00e9, le Fonds indique que l&rsquo;objectif du programme de pr\u00e9vention<a href=\"#_ftn1\" name=\"_ftnref1\">[1]<\/a>, dot\u00e9 d\u2019un budget annuel d\u2019environ CHF 5,5 millions, est de permettre aux enfants et aux jeunes de Suisse de mener une vie libre de tabac et de nicotine.<\/p>\n<h2 style=\"text-align: justify;\"><strong>Des mesures cibl\u00e9es dans le cadre d\u2019une strat\u00e9gie globale<\/strong><\/h2>\n<p style=\"text-align: justify;\">Afin d&rsquo;augmenter l&rsquo;impact aupr\u00e8s du groupe cible, le nouveau programme suit une approche de pr\u00e9vention participative. Les activit\u00e9s et les mesures sont d\u00e9velopp\u00e9es en coop\u00e9ration avec les enfants et les jeunes et se concentrent sur une gestion active et ind\u00e9pendante de leurs loisirs et de leur vie. Dans cette optique, la FPT met actuellement en place une plateforme virtuelle co-d\u00e9velopp\u00e9e avec les jeunes. \u00c0 l&rsquo;avenir, cela devrait offrir un espace o\u00f9 ce th\u00e8me pourra \u00eatre abord\u00e9, de mani\u00e8re \u00e0 la fois ludique et informative.<\/p>\n<p style=\"text-align: justify;\">\u00abFree. Fair. Future \u00bb continue \u00e9galement de cr\u00e9er des lieux de plein air sans tabac et sans produits de la nicotine, et o\u00f9 les jeunes ne sont pas incit\u00e9s \u00e0 consommer. Une nouvelle offre d&rsquo;enseignement au niveau secondaire est \u00e9galement en d\u00e9veloppement. Pour cette campagne, le FPT travaille en \u00e9troite collaboration avec les acteurs de la pr\u00e9vention et de la soci\u00e9t\u00e9 civile. Les programmes existants, tels que \u00ab cool and clean \u00bb de Swiss Olympic, programme national de pr\u00e9vention dans le domaine du sport, seront \u00e9galement adapt\u00e9s \u00e0 l&rsquo;objectif \u00abFree. Fair. Future \u00bb.<\/p>\n<p style=\"text-align: justify;\">L&rsquo;objectif est d&rsquo;amener le plus grand nombre possible d&rsquo;organisations \u00e0 adh\u00e9rer \u00e0 la vision, \u00e0 la mission et \u00e0 l&rsquo;id\u00e9e du nouveau programme de pr\u00e9vention. Cela doit \u00e9galement favoriser un traitement coordonn\u00e9 des faits et des \u00e9tudes. \u00abFree. Fair. Future souhaite montrer \u00ab \u00e0 quel point les produits du tabac, de la nicotine et le tabagisme sont pr\u00e9sents dans notre quotidien, leurs effets n\u00e9gatifs et comment les enfants et les jeunes sont sciemment influenc\u00e9s \u00bb.<\/p>\n<h2 style=\"text-align: justify;\"><strong>La Suisse, un pays fortement influenc\u00e9 par l\u2019industrie du tabac<\/strong><\/h2>\n<p style=\"text-align: justify;\">La Suisse est l\u2019un des derniers pays \u00e0 ne pas avoir ratifi\u00e9 la Convention-cadre de l\u2019Organisation mondiale de la sant\u00e9 pour la lutte antitabac (CCLAT), et est aujourd\u2019hui consid\u00e9r\u00e9 comme la place forte de l\u2019industrie du tabac dans le monde. L\u2019industrie du tabac conserve par ailleurs une tr\u00e8s forte influence aupr\u00e8s des d\u00e9cideurs publics, ce qui explique en grande partie le retard pris par la Suisse dans la mise en place de r\u00e9glementations de sant\u00e9 publique.<\/p>\n<p style=\"text-align: justify;\">Cette forte influence se paie au prix fort puisque chaque ann\u00e9e, environ 9 500 personnes meurent pr\u00e9matur\u00e9ment du tabagisme.  Actuellement, plus d\u2019un quart de la population suisse fume (27 %). La part des fumeurs est de 32% chez les 15-24 ans et 36% pour les 25-34 ans. Des proportions tr\u00e8s \u00e9lev\u00e9es qui restent inchang\u00e9es depuis dix ans<a href=\"#_ftn2\" name=\"_ftnref2\">[2]<\/a>.<\/p>\n<p style=\"text-align: justify;\">En f\u00e9vrier 2022, un vote a marqu\u00e9 une nette victoire dans la lutte contre le tabagisme dans le pays lorsqu\u2019\u00e0 57%, et \u00e0 la majorit\u00e9 des cantons, et malgr\u00e9 une forte opposition de l\u2019industrie du tabac, les Suisses se sont prononc\u00e9s en faveur de l\u2019initiative populaire \u00ab Oui \u00e0 la protection des enfants et des jeunes contre la publicit\u00e9 pour le tabac \u00bb qui vise une restriction de la publicit\u00e9 en faveur du tabac et des produits de la nicotine.<\/p>\n<p style=\"text-align: justify;\"><strong><a href=\"https:\/\/www.generationsanstabac.org\/\">\u00a9G\u00e9n\u00e9ration Sans Tabac<\/a><\/strong><\/p>\n<p style=\"text-align: right;\"><strong><em>AE<\/em><\/strong><\/p>\n<hr \/>\n<p style=\"text-align: justify;\"><a href=\"#_ftnref1\" name=\"_ftn1\">[1]<\/a> Communiqu\u00e9 de presse, <a href=\"https:\/\/www.admin.ch\/gov\/fr\/accueil\/documentation\/communiques.msg-id-89249.html\">Free. Fair. Future. \u2013 changement de paradigme dans la pr\u00e9vention du tabagisme et de la d\u00e9pendance \u00e0 la nicotine chez les enfants et les jeunes<\/a>, Site du Conseil F\u00e9d\u00e9ral Suisse, 13 juin 2022, consult\u00e9 le 15 juin 2022<\/p>\n<p><a href=\"#_ftnref2\" name=\"_ftn2\">[2]<\/a> <a href=\"https:\/\/www.bfs.admin.ch\/bfs\/de\/home\/statistiken\/gesundheit.assetdetail.6426300.html\">Schweizerische Gesundheitsbefragung 2017 \u2013 Tabakkonsum in der Schweiz<\/a>, Bundesamt f\u00fcr Statistik (BFS), 18 f\u00e9vrier 2020, consult\u00e9 le 15 juin 2022<\/p>\n<p><span style=\"color: #808080;\"><strong><a style=\"color: #808080;\" href=\"http:\/\/www.cnct.fr\/\" target=\"_blank\" rel=\"noopener noreferrer\">Comit\u00e9 national contre le tabagisme |<\/a><\/strong><\/span><\/p>\n","protected":false},"excerpt":{"rendered":"<p>La campagne, financ\u00e9e par le Fonds de pr\u00e9vention du tabagisme (FPT) et intitul\u00e9e \u00abFree. Fair. Future\u00bb, veut encourager les jeunes \u00e0 mener une vie sans nicotine. Avec 22,5% de fumeurs chez les adolescents de 15 \u00e0 19 ans, le FPT entend notamment impliquer davantage les enfants et les jeunes dans la pr\u00e9vention. Dans son communiqu\u00e9, [&hellip;]<\/p>\n","protected":false},"featured_media":11057,"template":"","tags":[],"thematique":[499,474],"class_list":["post-20718","actualites","type-actualites","status-publish","has-post-thumbnail","hentry","thematique-lobby","thematique-sante"],"acf":[],"_links":{"self":[{"href":"https:\/\/www.generationsanstabac.org\/en\/wp-json\/wp\/v2\/actualites\/20718","targetHints":{"allow":["GET"]}}],"collection":[{"href":"https:\/\/www.generationsanstabac.org\/en\/wp-json\/wp\/v2\/actualites"}],"about":[{"href":"https:\/\/www.generationsanstabac.org\/en\/wp-json\/wp\/v2\/types\/actualites"}],"version-history":[{"count":0,"href":"https:\/\/www.generationsanstabac.org\/en\/wp-json\/wp\/v2\/actualites\/20718\/revisions"}],"wp:featuredmedia":[{"embeddable":true,"href":"https:\/\/www.generationsanstabac.org\/en\/wp-json\/wp\/v2\/media\/11057"}],"wp:attachment":[{"href":"https:\/\/www.generationsanstabac.org\/en\/wp-json\/wp\/v2\/media?parent=20718"}],"wp:term":[{"taxonomy":"post_tag","embeddable":true,"href":"https:\/\/www.generationsanstabac.org\/en\/wp-json\/wp\/v2\/tags?post=20718"},{"taxonomy":"thematique","embeddable":true,"href":"https:\/\/www.generationsanstabac.org\/en\/wp-json\/wp\/v2\/thematique?post=20718"}],"curies":[{"name":"wp","href":"https:\/\/api.w.org\/{rel}","templated":true}]}}