{"id":20711,"date":"2022-06-15T07:00:55","date_gmt":"2022-06-15T05:00:55","guid":{"rendered":"https:\/\/www.generationsanstabac.org\/actualites\/en-afrique-du-nord-et-au-moyen-orient-le-tabagisme-va-continuer-daugmenter\/"},"modified":"2022-06-15T07:00:55","modified_gmt":"2022-06-15T05:00:55","slug":"en-afrique-du-nord-et-au-moyen-orient-le-tabagisme-va-continuer-daugmenter","status":"publish","type":"actualites","link":"https:\/\/www.generationsanstabac.org\/en\/actualites\/en-afrique-du-nord-et-au-moyen-orient-le-tabagisme-va-continuer-daugmenter\/","title":{"rendered":"In North Africa and the Middle East, smoking will continue to increase"},"content":{"rendered":"<p style=\"text-align: justify;\"><em>Malgr\u00e9 la tendance mondiale d\u2019une baisse du tabagisme, la consommation de tabac devrait continuer d\u2019augmenter dans la r\u00e9gion Afrique du Nord et Moyen-Orient (ANMO) pour ces prochaines ann\u00e9es. Si cette croissance s\u2019explique en partie par le d\u00e9veloppement de nouveaux produits du tabac par les fabricants, elle est en grande partie tir\u00e9e par la vente de cigarettes traditionnelles. <\/em><\/p>\n<p style=\"text-align: justify;\">Selon Euromonitor, la r\u00e9gion Afrique du Nord et Moyen-Orient devrait voir le volume de ventes de cigarettes augmenter de 1,4% entre 2021 et 2026. Il s\u2019agit de la seule r\u00e9gion dans laquelle une croissance est pr\u00e9vue, avec l\u2019Asie Pacifique, pour laquelle une augmentation de 0,7% est attendue. Pour les cinq r\u00e9gions restantes, les pr\u00e9visions anticipent une diminution du volume de vente comprise entre 2,1% pour l\u2019Am\u00e9rique Latine, et -10,5%, pour l\u2019Australasie (Australie, Nouvelle-Z\u00e9lande et Nouvelle-Guin\u00e9e)<a href=\"#_ftn1\" name=\"_ftnref1\">[1]<\/a>. Pour l\u2019Europe de l\u2019Ouest, une baisse de 2,6% est attendue d\u2019ici 2026.<\/p>\n<h2 style=\"text-align: justify;\"><strong>Des pr\u00e9visions en contradiction avec la fin de la cigarette, promise par l\u2019industrie du tabac<\/strong><\/h2>\n<p style=\"text-align: justify;\">La hausse de la consommation de tabac dans ces r\u00e9gions s\u2019explique notamment par une augmentation du tabagisme f\u00e9minin, qui constitue un fort potentiel de croissance pour les fabricants. La r\u00e9gion ANMO se caract\u00e9rise par ailleurs par une pr\u00e9valence tabagique particuli\u00e8rement \u00e9lev\u00e9e chez les hommes. En Jordanie, le tabagisme masculin atteint des niveaux records, avec plus de 80% des hommes adultes fumeurs, pour une consommation moyenne de 23 cigarettes quotidiennes par consommateur<a href=\"#_ftn2\" name=\"_ftnref2\">[2]<\/a>. Cette augmentation de la consommation de tabac, et particuli\u00e8rement de la consommation de cigarettes dans cette r\u00e9gion du monde met \u00e0 mal le discours de l\u2019industrie du tabac d\u00e9velopp\u00e9 dans les pays \u00e0 hauts niveaux de revenus. Dans ces r\u00e9gions, o\u00f9 l\u2019on enregistre une diminution progressive de la consommation de tabac, les fabricants multiplient les discours ax\u00e9s sur leur responsabilit\u00e9 sociale, allant jusqu\u2019\u00e0 affirmer soutenir un monde sans cigarettes. Ces d\u00e9clarations semblent en d\u00e9finitive circonscrites aux r\u00e9gions o\u00f9 le recul du tabagisme est contraint par les avanc\u00e9es en sant\u00e9 publique ; ailleurs, l\u2019industrie du tabac continue de d\u00e9velopper des strat\u00e9gies pour encourager la consommation de cigarettes.<\/p>\n<h2 style=\"text-align: justify;\"><strong>Le d\u00e9veloppement des nouveaux produits en Afrique du Nord et au Moyen-Orient<\/strong><\/h2>\n<p style=\"text-align: justify;\">Comme le souligne Euromonitor, cette croissance s\u2019explique \u00e9galement par le d\u00e9veloppement des nouveaux produits du tabac et de la nicotine, qu\u2019il s\u2019agisse des cigarettes \u00e9lectroniques ou du tabac chauff\u00e9. Ainsi, IQOS, la marque de tabac chauff\u00e9 pour Philip Morris International, est d\u00e9sormais implant\u00e9e en Arabie Saoudite, en Egypte, en Isra\u00ebl, au Maroc et en Tunisie. De son c\u00f4t\u00e9, Glo, le dispositif de British American Tobacco, ne s\u2019est encore d\u00e9ploy\u00e9 qu\u2019en Egypte.<\/p>\n<p style=\"text-align: right;\"><em><strong>FT<\/strong><\/em><\/p>\n<p><strong>Mots-cl\u00e9s : Afrique du Nord, Moyen-Orient, ANMO<br \/>\n<\/strong><\/p>\n<hr \/>\n<p style=\"text-align: justify;\"><a href=\"#_ftnref1\" name=\"_ftn1\">[1]<\/a> Euromonitor, <a href=\"https:\/\/www.euromonitor.com\/article\/tobacco-consumption-in-the-middle-east-and-north-africa-set-to-rise-despite-global-decline\">Tobacco Consumption in the Middle East and North Africa set to Rise, Despite Global Decline<\/a>, 09\/06\/2022, (consult\u00e9 le 13\/06\/2022)<\/p>\n<p style=\"text-align: justify;\"><a href=\"#_ftnref2\" name=\"_ftn2\">[2]<\/a> The Guardian, <a href=\"https:\/\/www.theguardian.com\/world\/2020\/jun\/23\/jordan-smoking-rates-highest-in-world-amid-claims-of-big-tobacco-interference\">Jordan smoking rates highest in world amid claims of big tobacco interferenc<\/a>e, 23\/06\/2020, (consult\u00e9 le 03\/05\/2021)<\/p>\n<p><strong><a href=\"http:\/\/www.cnct.fr\/\" target=\"_blank\" rel=\"noopener noreferrer\">Comit\u00e9 national contre le <span style=\"color: #999999;\">tabagisme<\/span> |<\/a><\/strong><\/p>\n","protected":false},"excerpt":{"rendered":"<p>Malgr\u00e9 la tendance mondiale d\u2019une baisse du tabagisme, la consommation de tabac devrait continuer d\u2019augmenter dans la r\u00e9gion Afrique du Nord et Moyen-Orient (ANMO) pour ces prochaines ann\u00e9es. Si cette croissance s\u2019explique en partie par le d\u00e9veloppement de nouveaux produits du tabac par les fabricants, elle est en grande partie tir\u00e9e par la vente de [&hellip;]<\/p>\n","protected":false},"featured_media":11049,"template":"","tags":[],"thematique":[474],"class_list":["post-20711","actualites","type-actualites","status-publish","has-post-thumbnail","hentry","thematique-sante"],"acf":[],"_links":{"self":[{"href":"https:\/\/www.generationsanstabac.org\/en\/wp-json\/wp\/v2\/actualites\/20711","targetHints":{"allow":["GET"]}}],"collection":[{"href":"https:\/\/www.generationsanstabac.org\/en\/wp-json\/wp\/v2\/actualites"}],"about":[{"href":"https:\/\/www.generationsanstabac.org\/en\/wp-json\/wp\/v2\/types\/actualites"}],"version-history":[{"count":0,"href":"https:\/\/www.generationsanstabac.org\/en\/wp-json\/wp\/v2\/actualites\/20711\/revisions"}],"wp:featuredmedia":[{"embeddable":true,"href":"https:\/\/www.generationsanstabac.org\/en\/wp-json\/wp\/v2\/media\/11049"}],"wp:attachment":[{"href":"https:\/\/www.generationsanstabac.org\/en\/wp-json\/wp\/v2\/media?parent=20711"}],"wp:term":[{"taxonomy":"post_tag","embeddable":true,"href":"https:\/\/www.generationsanstabac.org\/en\/wp-json\/wp\/v2\/tags?post=20711"},{"taxonomy":"thematique","embeddable":true,"href":"https:\/\/www.generationsanstabac.org\/en\/wp-json\/wp\/v2\/thematique?post=20711"}],"curies":[{"name":"wp","href":"https:\/\/api.w.org\/{rel}","templated":true}]}}