{"id":20700,"date":"2022-06-03T07:00:48","date_gmt":"2022-06-03T05:00:48","guid":{"rendered":"https:\/\/www.generationsanstabac.org\/actualites\/irlande-nouveau-plan-lutte-tabagisme-populations-vulnerables\/"},"modified":"2022-06-03T07:00:48","modified_gmt":"2022-06-03T05:00:48","slug":"irlande-nouveau-plan-lutte-tabagisme-populations-vulnerables","status":"publish","type":"actualites","link":"https:\/\/www.generationsanstabac.org\/en\/actualites\/irlande-nouveau-plan-lutte-tabagisme-populations-vulnerables\/","title":{"rendered":"Ireland: New plan to combat smoking targeting vulnerable populations"},"content":{"rendered":"<p><em>Le Health Service Executive (HSE) s&rsquo;est dit pr\u00e9occup\u00e9 par l&rsquo;\u00e9cart grandissant de la pr\u00e9valence du tabagisme entre les groupes socio-\u00e9conomiques, malgr\u00e9 une baisse g\u00e9n\u00e9rale du tabagisme en Irlande. Le nombre de fumeurs dans les groupes socio-\u00e9conomiques inf\u00e9rieurs est trois fois plus \u00e9lev\u00e9 que dans les groupes plus ais\u00e9s<a href=\"#_ftn1\" name=\"_ftnref1\"><strong>[1]<\/strong><\/a>.<\/em><\/p>\n<p>\u00c0 l&rsquo;occasion de la Journ\u00e9e mondiale sans tabac, le HSE Health and Wellbeing, Tobacco Free Ireland Programme (TFI) a organis\u00e9 une conf\u00e9rence \u00ab Tobacco Endgame : Nobody Left Behind \u00bb et a publi\u00e9 un nouveau programme pour 2022-2025 qui d\u00e9finit les actions \u00e0 mener dans l&rsquo;ensemble des services de sant\u00e9 pour lutter contre les risques du tabac<a href=\"#_ftn2\" name=\"_ftnref2\">[2]<\/a>.<\/p>\n<h2><strong>Une hausse de la consommation chez les groupes les plus pr\u00e9caires<\/strong><\/h2>\n<p>Dans l&rsquo;ensemble, en Irlande, la proportion de personnes qui fument est pass\u00e9e de 23 % en 2015 \u00e0 17 % en 2019 puis a l\u00e9g\u00e8rement augment\u00e9 en 2021 pour atteindre 18%, notamment en raison de la hausse de la pr\u00e9valence chez les populations les plus vuln\u00e9rables.<\/p>\n<p>Le rapport r\u00e9v\u00e8le que le tabagisme est trois fois plus \u00e9lev\u00e9 dans les groupes socio-\u00e9conomiques les plus pr\u00e9caires (31%) par rapport aux plus ais\u00e9s (11%). Alors que la pr\u00e9valence parmi le groupe socio-\u00e9conomique le plus \u00e9lev\u00e9 a chut\u00e9 de 16 % de 2015 \u00e0 2021, elle a augment\u00e9 de 2% dans les groupes les plus d\u00e9favoris\u00e9s sur la m\u00eame p\u00e9riode. Cela conduit \u00e0 des in\u00e9galit\u00e9s de sant\u00e9 importantes puisque les habitants des zones les plus d\u00e9favoris\u00e9es d&rsquo;Irlande vivent 4 \u00e0 5 ans de moins que ceux des zones plus ais\u00e9es. Selon les donn\u00e9es les plus r\u00e9centes, le tabagisme reste la principale cause de d\u00e9c\u00e8s pr\u00e9matur\u00e9s et de maladies \u00e9vitables dans le pays, avec environ 4 500 d\u00e9c\u00e8s et 44 000 hospitalisations par an.<\/p>\n<p>Le nouveau plan du HSE d\u00e9crit un certain nombre d&rsquo;actions dans l&rsquo;ensemble des services de sant\u00e9 pour r\u00e9pondre aux besoins des groupes de population o\u00f9 la pr\u00e9valence du tabagisme est plus \u00e9lev\u00e9e, afin de r\u00e9duire les in\u00e9galit\u00e9s en mati\u00e8re de sant\u00e9.<\/p>\n<h2><strong>Vers un renforcement des mesures pour parvenir \u00e0 une g\u00e9n\u00e9ration sans tabac<\/strong><\/h2>\n<p>L\u2019Irlande souhaite parvenir \u00e0 une g\u00e9n\u00e9ration sans tabac d\u2019ici 2025. En janvier 2022, le pays avait d\u00e9voil\u00e9 un nouvel ensemble de recommandations et de bonnes pratiques destin\u00e9es aux professionnels de sant\u00e9. Le but \u00e9tait de les aider dans le conseil et l\u2019accompagnement des patients fumeurs dans l\u2019arr\u00eat du tabac et la pr\u00e9vention des rechutes afin de parvenir \u00e0 cet objectif.<\/p>\n<p>Una attention toute particuli\u00e8re va \u00e9galement \u00eatre accord\u00e9e aux initiatives cibl\u00e9es de lutte contre le tabagisme afin de r\u00e9duire la pr\u00e9valence du tabagisme dans les groupes de population difficiles \u00e0 atteindre et \u00e0 forte pr\u00e9valence.<\/p>\n<p>Le nouveau plan pr\u00e9voit par ailleurs un d\u00e9veloppement des lieux sans tabac (campus, installations sportives, \u00e9tablissements de sant\u00e9\u2026) dans le but de d\u00e9normaliser le tabagisme et de prot\u00e9ger les plus jeunes. Le gouvernement entend travailler conjointement avec la soci\u00e9t\u00e9 civile et des experts internationaux de la lutte contre le tabagisme pour mettre en place les mesures reconnues internationalement comme \u00e9tant les plus efficaces.<\/p>\n<p><strong>Mots cl\u00e9s : Irlande, arr\u00eat tabac, g\u00e9n\u00e9ration sans tabac, pr\u00e9carit\u00e9<\/strong><\/p>\n<p style=\"text-align: justify;\"><strong><a href=\"https:\/\/www.generationsanstabac.org\/\">\u00a9G\u00e9n\u00e9ration Sans Tabac<\/a><\/strong><\/p>\n<p style=\"text-align: right;\"><em><strong>AE<\/strong><\/em><\/p>\n<hr \/>\n<p><a href=\"#_ftnref1\" name=\"_ftn1\">[1]<\/a> Communiqu\u00e9 de presse, <a href=\"https:\/\/www.hse.ie\/eng\/services\/news\/media\/pressrel\/world-no-tobacco-day-hse-publishes-a-new-plan-to-tackle-tobacco-related-harm-as-public-shows-support-for-a-tobacco-free-ireland.html\">World No Tobacco Day: HSE publishes a new plan to tackle tobacco related harm as public shows support for a Tobacco Free Ireland<\/a>, site du Health Service Executive, publi\u00e9 le 31 mai 2022, consult\u00e9 le 1er juin 2022<\/p>\n<p><a href=\"#_ftnref2\" name=\"_ftn2\">[2]<\/a> Rapport, <a href=\"https:\/\/www.hse.ie\/eng\/about\/who\/tobaccocontrol\/news\/tobacco-free-ireland-programme-plan-2022-2025.pdf\">HSE Tobacco Free Ireland Programme, Implementation Plan 2022-2025<\/a>, site du Health Service Executive, publi\u00e9 le 31 mai 2022, consult\u00e9 le 1er juin 2022<\/p>\n<p><span style=\"color: #808080;\"><strong><a style=\"color: #808080;\" href=\"http:\/\/www.cnct.fr\/\" target=\"_blank\" rel=\"noopener noreferrer\">Comit\u00e9 national contre le tabagisme |<\/a><\/strong><\/span><\/p>\n","protected":false},"excerpt":{"rendered":"<p>Le Health Service Executive (HSE) s&rsquo;est dit pr\u00e9occup\u00e9 par l&rsquo;\u00e9cart grandissant de la pr\u00e9valence du tabagisme entre les groupes socio-\u00e9conomiques, malgr\u00e9 une baisse g\u00e9n\u00e9rale du tabagisme en Irlande. Le nombre de fumeurs dans les groupes socio-\u00e9conomiques inf\u00e9rieurs est trois fois plus \u00e9lev\u00e9 que dans les groupes plus ais\u00e9s[1]. \u00c0 l&rsquo;occasion de la Journ\u00e9e mondiale sans [&hellip;]<\/p>\n","protected":false},"featured_media":20474,"template":"","tags":[],"thematique":[491,474],"class_list":["post-20700","actualites","type-actualites","status-publish","has-post-thumbnail","hentry","thematique-politiques-publiques","thematique-sante"],"acf":[],"_links":{"self":[{"href":"https:\/\/www.generationsanstabac.org\/en\/wp-json\/wp\/v2\/actualites\/20700","targetHints":{"allow":["GET"]}}],"collection":[{"href":"https:\/\/www.generationsanstabac.org\/en\/wp-json\/wp\/v2\/actualites"}],"about":[{"href":"https:\/\/www.generationsanstabac.org\/en\/wp-json\/wp\/v2\/types\/actualites"}],"version-history":[{"count":0,"href":"https:\/\/www.generationsanstabac.org\/en\/wp-json\/wp\/v2\/actualites\/20700\/revisions"}],"wp:featuredmedia":[{"embeddable":true,"href":"https:\/\/www.generationsanstabac.org\/en\/wp-json\/wp\/v2\/media\/20474"}],"wp:attachment":[{"href":"https:\/\/www.generationsanstabac.org\/en\/wp-json\/wp\/v2\/media?parent=20700"}],"wp:term":[{"taxonomy":"post_tag","embeddable":true,"href":"https:\/\/www.generationsanstabac.org\/en\/wp-json\/wp\/v2\/tags?post=20700"},{"taxonomy":"thematique","embeddable":true,"href":"https:\/\/www.generationsanstabac.org\/en\/wp-json\/wp\/v2\/thematique?post=20700"}],"curies":[{"name":"wp","href":"https:\/\/api.w.org\/{rel}","templated":true}]}}