{"id":20696,"date":"2022-05-30T16:00:47","date_gmt":"2022-05-30T14:00:47","guid":{"rendered":"https:\/\/www.generationsanstabac.org\/actualites\/la-bosnie-herzegovine-promulgue-une-loi-de-lutte-contre-le-tabagisme\/"},"modified":"2022-05-30T16:00:47","modified_gmt":"2022-05-30T14:00:47","slug":"la-bosnie-herzegovine-promulgue-une-loi-de-lutte-contre-le-tabagisme","status":"publish","type":"actualites","link":"https:\/\/www.generationsanstabac.org\/en\/actualites\/la-bosnie-herzegovine-promulgue-une-loi-de-lutte-contre-le-tabagisme\/","title":{"rendered":"Bosnia and Herzegovina enacts anti-smoking law"},"content":{"rendered":"<p style=\"text-align: justify;\"><em>Le 25 mai 2022, le pr\u00e9sident de la F\u00e9d\u00e9ration de Bosnie-Herz\u00e9govine a promulgu\u00e9 un projet de loi visant \u00e0 r\u00e9duire la consommation de tabac et \u00e0 prot\u00e9ger les plus jeunes g\u00e9n\u00e9rations de l\u2019addiction tabagique. Si la nouvelle l\u00e9gislation a pu \u00eatre partiellement affaiblie par un travail de lobbying de l\u2019industrie du tabac, elle reste toutefois salu\u00e9e par les acteurs de sant\u00e9 publique. <\/em><\/p>\n<p style=\"text-align: justify;\">La nouvelle loi en Bosnie-Herz\u00e9govine interdit d\u00e9sormais de fumer dans la plupart des lieux publics ferm\u00e9s, sur les lieux de travail et dans les transports publics. Ces interdictions de fumer ont \u00e9t\u00e9 \u00e9galement \u00e9tendues aux v\u00e9hicules priv\u00e9s, en pr\u00e9sence de mineurs. En dehors du point de vente, la publicit\u00e9 et les activit\u00e9s de promotion en faveur du tabac sont d\u00e9sormais prohib\u00e9es. Par ailleurs, la nouvelle l\u00e9gislation impose l\u2019apposition d\u2019avertissements sanitaires sur tous les produits du tabac. Enfin, la vente de cigarettes contenant des ar\u00f4mes ou des additifs est interdite, tandis qu\u2019une commission f\u00e9d\u00e9rale de lutte antitabac a \u00e9t\u00e9 institu\u00e9e dans le pays<a href=\"#_ftn1\" name=\"_ftnref1\">[1]<\/a>.<\/p>\n<h2 style=\"text-align: justify;\"><strong>Un projet de loi partiellement affaibli par le lobbying de l\u2019industrie du tabac<\/strong><\/h2>\n<p style=\"text-align: justify;\">Comme le souligne Tobacco Free Kids, l\u2019industrie du tabac s\u2019est vivement oppos\u00e9e \u00e0 ce projet de loi, et s\u2019est structur\u00e9e avec l\u2019appui d\u2019alli\u00e9s pour proposer des amendements visant \u00e0 affaiblir le projet de loi initial, soutenu par la communaut\u00e9 de lutte contre le tabagisme. Ce travail d\u2019influence a port\u00e9 ses fruits, puisque le tabac chauff\u00e9 est exempt\u00e9 des interdictions de fumer dans les lieux publics ferm\u00e9s, des zones fumeurs ont \u00e9t\u00e9 maintenues dans certains lieux publics, tandis que la publicit\u00e9 pour le tabac est toujours autoris\u00e9e dans les points de vente.<\/p>\n<h2 style=\"text-align: justify;\"><strong>Des niveaux \u00e9pid\u00e9miques enregistr\u00e9s en Bosnie-Herz\u00e9govine<\/strong><\/h2>\n<p style=\"text-align: justify;\">Si le projet de loi de lutte contre le tabagisme est incomplet, il devrait n\u00e9anmoins permettre de faire reculer l\u2019\u00e9pid\u00e9mie tabagique en Bosnie-Herz\u00e9govine, qui accuse d\u2019un fort retard en la mati\u00e8re. Selon l\u2019Organisation mondiale de la sant\u00e9, en 2019, 38,3% de la population adulte dans le pays \u00e9tait fumeuse. Chez les hommes, la pr\u00e9valence tabagique est particuli\u00e8rement \u00e9lev\u00e9e (46,3%), mais \u00e9galement chez les femmes (30,2%). Ces niveaux de consommation in\u00e9dits se traduisent par un co\u00fbt humain \u00e9lev\u00e9 : un d\u00e9c\u00e8s sur quatre en Bosnie-Herz\u00e9govine est attribuable \u00e0 la consommation de tabac<a href=\"#_ftn2\" name=\"_ftnref2\">[2]<\/a>.<\/p>\n<p><strong>Mots-cl\u00e9s : Bosnie-Herz\u00e9govine, Projet de loi, Lobbying<br \/>\n<\/strong><\/p>\n<p><strong><a href=\"https:\/\/www.generationsanstabac.org\/\">\u00a9G\u00e9n\u00e9ration Sans Tabac<\/a><\/strong><\/p>\n<p style=\"text-align: right;\"><em><strong>FT<\/strong><\/em><\/p>\n<hr \/>\n<p style=\"text-align: justify;\"><a href=\"#_ftnref1\" name=\"_ftn1\">[1]<\/a> Tobacco Free Kids, <a href=\"https:\/\/www.tobaccofreekids.org\/press-releases\/2022_05_26_bosnia-herzegovina-\">Federation of Bosnia and Herzegovina Approves a Strong Law to Save Lives and Protect Youth from Tobacco<\/a>, 26\/05\/2022, (consult\u00e9 le 30\/05\/2022)<\/p>\n<p style=\"text-align: justify;\"><a href=\"#_ftnref2\" name=\"_ftn2\">[2]<\/a> Global state of tobacco harm reduction, <a href=\"https:\/\/gsthr.org\/countries\/profile\/bih\/1\/\">Tobacco smoking in Bosnia and Herzegovina<\/a>, 2019, (consult\u00e9 le 30\/05\/2022)<\/p>\n<p style=\"text-align: justify;\"><span style=\"color: #999999;\"><strong><a style=\"color: #999999;\" href=\"http:\/\/www.cnct.fr\/\" target=\"_blank\" rel=\"noopener noreferrer\">Comit\u00e9 national contre le tabagisme |<\/a><\/strong><\/span><\/p>\n","protected":false},"excerpt":{"rendered":"<p>Le 25 mai 2022, le pr\u00e9sident de la F\u00e9d\u00e9ration de Bosnie-Herz\u00e9govine a promulgu\u00e9 un projet de loi visant \u00e0 r\u00e9duire la consommation de tabac et \u00e0 prot\u00e9ger les plus jeunes g\u00e9n\u00e9rations de l\u2019addiction tabagique. Si la nouvelle l\u00e9gislation a pu \u00eatre partiellement affaiblie par un travail de lobbying de l\u2019industrie du tabac, elle reste toutefois [&hellip;]<\/p>\n","protected":false},"featured_media":11022,"template":"","tags":[],"thematique":[499,491],"class_list":["post-20696","actualites","type-actualites","status-publish","has-post-thumbnail","hentry","thematique-lobby","thematique-politiques-publiques"],"acf":[],"_links":{"self":[{"href":"https:\/\/www.generationsanstabac.org\/en\/wp-json\/wp\/v2\/actualites\/20696","targetHints":{"allow":["GET"]}}],"collection":[{"href":"https:\/\/www.generationsanstabac.org\/en\/wp-json\/wp\/v2\/actualites"}],"about":[{"href":"https:\/\/www.generationsanstabac.org\/en\/wp-json\/wp\/v2\/types\/actualites"}],"version-history":[{"count":0,"href":"https:\/\/www.generationsanstabac.org\/en\/wp-json\/wp\/v2\/actualites\/20696\/revisions"}],"wp:featuredmedia":[{"embeddable":true,"href":"https:\/\/www.generationsanstabac.org\/en\/wp-json\/wp\/v2\/media\/11022"}],"wp:attachment":[{"href":"https:\/\/www.generationsanstabac.org\/en\/wp-json\/wp\/v2\/media?parent=20696"}],"wp:term":[{"taxonomy":"post_tag","embeddable":true,"href":"https:\/\/www.generationsanstabac.org\/en\/wp-json\/wp\/v2\/tags?post=20696"},{"taxonomy":"thematique","embeddable":true,"href":"https:\/\/www.generationsanstabac.org\/en\/wp-json\/wp\/v2\/thematique?post=20696"}],"curies":[{"name":"wp","href":"https:\/\/api.w.org\/{rel}","templated":true}]}}