{"id":20674,"date":"2022-05-04T13:54:15","date_gmt":"2022-05-04T11:54:15","guid":{"rendered":"https:\/\/www.generationsanstabac.org\/actualites\/baisse-ventes-tabac-france-2021-baisse-consommation-chez-les-adolescents\/"},"modified":"2022-05-04T13:54:15","modified_gmt":"2022-05-04T11:54:15","slug":"baisse-ventes-tabac-france-2021-baisse-consommation-chez-les-adolescents","status":"publish","type":"actualites","link":"https:\/\/www.generationsanstabac.org\/en\/actualites\/baisse-ventes-tabac-france-2021-baisse-consommation-chez-les-adolescents\/","title":{"rendered":"Decline in tobacco sales in France in 2021 and overall decline in consumption among adolescents"},"content":{"rendered":"<p style=\"text-align: justify;\"><em>Une note de l\u2019Observatoire fran\u00e7ais des drogues et des tendances addictives (OFDT) synth\u00e9tise les tendances actuelles des consommations des produits du tabac chez les adultes et chez les adolescents.<\/em><\/p>\n<p style=\"text-align: justify;\">L\u2019\u00e9volution des ventes, de la consommation et des strat\u00e9gies de sevrage li\u00e9s au tabac est scrut\u00e9e de pr\u00e8s par l\u2019OFDT, tant chez les adultes que chez les adolescents. Une note produite par cet Observatoire r\u00e9capitule les toutes derni\u00e8res tendances<a href=\"#_ftn1\" name=\"_ftnref1\">[1]<\/a>.<\/p>\n<h2 style=\"text-align: justify;\"><strong>Baisse des ventes des produits du tabac en 2021 <\/strong><\/h2>\n<p style=\"text-align: justify;\">Les ventes des produits du tabac au sein du r\u00e9seau national des buralistes ont baiss\u00e9 de 6,6 % en 2021 et repr\u00e9sentent 43 188 tonnes de tabac. Apr\u00e8s une stabilisation en 2020, due \u00e0 l\u2019effet de confinement, les ventes ont donc repris leur tendance \u00e0 la baisse, amorc\u00e9e depuis 2012. Les cigarettes repr\u00e9sentent encore 78 % de ce volume, le reste se partageant entre le tabac \u00e0 rouler (17 %, contre 12 % de 2008 \u00e0 2011) et les autres produits du tabac (6 % contre 3 \u00e0 4 % de 2006 \u00e0 2019). Les \u00e9carts de prix entre cigarettes et tabac \u00e0 rouler se sont toutefois r\u00e9duits depuis 2019.<\/p>\n<p style=\"text-align: justify;\">Les plus fortes baisses sont enregistr\u00e9es dans les r\u00e9gions Hauts-de-France et Grand Est, o\u00f9 les achats transfrontaliers ont repris, apr\u00e8s la hausse observ\u00e9e au cours du premier confinement de 2020. Ces baisses d\u00e9passent les 10 % dans quinze d\u00e9partements, tous frontaliers, tandis qu\u2019elles se situent \u00e0 5,8 % dans le reste du territoire m\u00e9tropolitain.<\/p>\n<h2 style=\"text-align: justify;\"><strong>Les achats transfrontaliers dominent encore les achats hors du r\u00e9seau officiel <\/strong><\/h2>\n<p style=\"text-align: justify;\">Parmi les achats effectu\u00e9s hors du r\u00e9seau national des buralistes, les achats transfrontaliers restent pr\u00e9dominants et sont en grande partie licites, lorsqu\u2019ils r\u00e9alis\u00e9s dans les quantit\u00e9s autoris\u00e9es<a href=\"#_ftn2\" name=\"_ftnref2\">[2]<\/a>. C\u2019est quand ils d\u00e9passent ces quantit\u00e9s autoris\u00e9es que les achats transfrontaliers deviennent ill\u00e9gaux. Les achats ill\u00e9gaux peuvent aussi concerner les produits de contrebande (achats transfrontaliers massifs, souvent par des circuits mafieux, mais aussi \u00ab cheap white \u00bb, produites par les cigarettiers dans des usines situ\u00e9es en zones franches), voire de contrefa\u00e7on (production ill\u00e9gale).<\/p>\n<p style=\"text-align: justify;\">Au total, ces achats hors r\u00e9seau, sans pour autant \u00eatre illicites, repr\u00e9senteraient 22 % des achats de tabac, la part effective des achats illicites \u00e9tant estim\u00e9e \u00e0 12 % (dont 10,4% pour les achats aupr\u00e8s d\u2019un proche ou d\u2019un revendeur, et 1,6% en achats sur Internet), ce qui semble nettement inf\u00e9rieur \u00e0 ce qu\u2019annoncent les fabricants. En s\u2019appuyant sur une \u00e9tude r\u00e9alis\u00e9e sur des paquets vides (\u00ab <em>empty pack surveys \u00bb<\/em> ou \u00e9tudes \u00ab ramasse-paquet \u00bb, dont la m\u00e9thodologie reste contest\u00e9e), la SEITA, filiale du groupe Imperial Brands, affirme en effet que 37 % des cigarettes proviendraient d\u2019achats hors du r\u00e9seau national, dont pr\u00e8s de 18 % seraient des cigarettes de contrefa\u00e7on<a href=\"#_ftn3\" name=\"_ftnref3\">[3]<\/a> et 19 % des achats transfrontaliers ; ces \u00e9tudes pr\u00e9sentent cependant des biais d\u2019\u00e9chantillonnage et ont tendance \u00e0 sur\u00e9valuer la part des achats ill\u00e9gaux, tout en distinguant mal les paquets transfrontaliers achet\u00e9s l\u00e9galement ou non. Les industriels invoquent fr\u00e9quemment l\u2019argument que les hausses de taxes sur les produits du tabac induiraient une augmentation de la contrebande ; l\u2019observation semble au contraire montrer que la moindre accessibilit\u00e9 des produits de tabac entra\u00eene une baisse de la consommation qui se r\u00e9percute \u00e0 la fois sur le march\u00e9 licite et sur le march\u00e9 illicite<a href=\"#_ftn4\" name=\"_ftnref4\">[4]<\/a>.<\/p>\n<h2 style=\"text-align: justify;\"><strong>Baisse de la consommation et de l\u2019exp\u00e9rimentation chez les adolescents <\/strong><\/h2>\n<p style=\"text-align: justify;\">Sur le plan de la consommation de tabac, on d\u00e9nombre 15 millions de fumeurs dans l\u2019ann\u00e9e dont 12 millions d\u2019usagers quotidiens (25,5% des 18-75 ans en 2020), pour 37 millions de personnes ayant exp\u00e9riment\u00e9 le tabac au cours de leur vie.<\/p>\n<p style=\"text-align: justify;\">Des disparit\u00e9s sociales fortes sont observ\u00e9es : la pr\u00e9valence de tabagisme quotidien, variant selon le niveau de dipl\u00f4me, s\u2019\u00e9tablit \u00e0 36 % parmi les personnes n\u2019ayant aucun dipl\u00f4me contre 17 % parmi celles titulaires d\u2019un dipl\u00f4me sup\u00e9rieur au baccalaur\u00e9at. Le niveau de revenus joue \u00e9galement, puisque 33 % des fumeurs quotidiens se situent dans le tercile le plus bas, contre 18 % dans le tercile le plus \u00e9lev\u00e9. Les ch\u00f4meurs (44 %) sont davantage des fumeurs quotidiens que les actifs occup\u00e9s (27 %) ou les \u00e9tudiants et les inactifs (24 %).<\/p>\n<p style=\"text-align: justify;\">Le tabagisme des adolescents poursuit de son c\u00f4t\u00e9 sa baisse, l\u2019exp\u00e9rimentation de tabac chez les \u00e9l\u00e8ves de 3<sup>e<\/sup> passant de 37,5 % en 2018 \u00e0 29 % en 2021 (contre 52 % en 2010), tandis que la consommation quotidienne \u00e9volue de 6,5 % en 2018 \u00e0 3,7 % en 2021 (contre 15,6 % en 2010)<a href=\"#_ftn5\" name=\"_ftnref5\">[5]<\/a>. Dans cette population, l\u2019\u00e2ge moyen d\u2019exp\u00e9rimentation du tabac a recul\u00e9, passant de 13,7 ans en 2000 \u00e0 14,4 ans en 2017. Le passage entre exp\u00e9rimentation et consommation quotidienne s\u2019est en revanche r\u00e9duit \u00e0 13 mois en 2021, contre 22 en 2011. Les exp\u00e9rimentations exclusives de chicha restent quant \u00e0 elles stables, autour de 6 % en classe de 3<sup>e<\/sup>, marquant une implantation de cet usage chez les adolescents, alors que les consommations mixtes incluant la chicha sont en baisse de 6 points (de 20 % \u00e0 14 %) en comparaison de 2018. Les exp\u00e9rimentations de cigarette \u00e9lectronique (34 %) ont par ailleurs d\u00e9pass\u00e9 celles du tabac chez les \u00e9l\u00e8ves de 3<sup>e<\/sup>, alors que leur usage quotidien est rest\u00e9 stable depuis 2018.  A 17 ans, 25 % des adolescents \u00e9taient fumeurs quotidiens de produits du tabac en 2021, contre 41 % en 2000.<\/p>\n<h2 style=\"text-align: justify;\"><strong>La perception du tabac reste li\u00e9e au statut tabagique<\/strong><\/h2>\n<p style=\"text-align: justify;\">La perception des dangers du tabagisme chez les adultes d\u00e9pend quant \u00e0 elle du statut tabagique : les fumeurs tendent plus souvent \u00e0 minimiser les risques li\u00e9s \u00e0 l\u2019exp\u00e9rimentation (28% contre 36% chez les non-fumeurs)<a href=\"#_ftn6\" name=\"_ftnref6\">[6]<\/a> et \u00e0 consid\u00e9rer que ces dangers sont surtout li\u00e9s \u00e0 l\u2019usage quotidien de tabac (56% contre 49% des non-fumeurs). Une \u00e9tude conduite en 2017 aupr\u00e8s des adolescents indique que chez derniers, la perception des produits du tabac s\u2019est nettement d\u00e9grad\u00e9e et que ceux-ci sont aujourd\u2019hui fortement associ\u00e9s \u00e0 la d\u00e9ch\u00e9ance physique, \u00e0 la mort et aux diverses pathologies li\u00e9s au tabac, y compris chez les jeunes fumeurs<a href=\"#_ftn7\" name=\"_ftnref7\">[7]<\/a>.<\/p>\n<h2 style=\"text-align: justify;\"><strong>Les TSN sont en progression, le Mois sans tabac est moins suivi<\/strong><\/h2>\n<p style=\"text-align: justify;\">Du c\u00f4t\u00e9 du sevrage tabagique, les ventes de traitements de substitution nicotinique (TSN) ont augment\u00e9 de 14 % en 2021. Cette hausse est favoris\u00e9e par le remboursement de ces traitements selon le r\u00e9gime de droit commun, apr\u00e8s la disparition des forfaits TSN au 1<sup>er<\/sup> janvier 2019, et par l\u2019\u00e9largissement des prescripteurs au 1<sup>er<\/sup> janvier 2016. Les formes orales de ces TSN connaissent la plus forte progression (+ 21 % par rapport \u00e0 2020), probablement du fait de la multiplication des combinaisons th\u00e9rapeutiques patch + formes orales. Cette augmentation est moins marqu\u00e9e (+10 %) pour les timbres transdermiques (patchs). Les deux rappels de lots de var\u00e9nicline (Champix\u00ae), en juillet et octobre 2021, ont divis\u00e9 de moiti\u00e9 les ventes de ce traitement (0,9 % des traitements en 2021)<a href=\"#_ftn8\" name=\"_ftnref8\">[8]<\/a>.<\/p>\n<p style=\"text-align: justify;\">Si les visites sur le site Tabac-Info-Service ont baiss\u00e9 de 9%, les appels de premi\u00e8re intention sur la ligne Tabac Info Service ont augment\u00e9 de 14,4 %, tandis que les appels de seconde intention (entretien avec un tabacologue) se sont r\u00e9duits de 3 % et le t\u00e9l\u00e9chargement de l\u2019application de 22 %. Le Mois sans tabac 2021 a rassembl\u00e9 10 % de participants en moins (112 931 en 2021, contre 126 690 en 2020), mais le nombre de tentatives d\u2019arr\u00eat du tabac durant cette p\u00e9riode, soit environ 1,8 millions de personnes, est estim\u00e9 au double du nombre d\u2019inscrits en ligne (784 874).<\/p>\n<p style=\"text-align: justify;\">Les tendances observ\u00e9es quant aux ventes, \u00e0 la consommation et aux tentatives d\u2019arr\u00eat sont donc plut\u00f4t encourageants, et montrent qu\u2019une politique volontaire et surtout suivie peut porter ses fruits. Le ralentissement de la baisse de la consommation n\u00e9cessite toutefois de renforcer les efforts pour \u00eatre en mesure d\u2019atteindre en 2030 l\u2019objectif d\u2019une g\u00e9n\u00e9ration sans tabac, soit moins de 5% de fumeurs.<\/p>\n<p style=\"text-align: justify;\"><strong>Mots-cl\u00e9s : ventes, usages, perception, sevrage, France, OFDT<\/strong><\/p>\n<p><strong><a href=\"https:\/\/www.generationsanstabac.org\/\">\u00a9G\u00e9n\u00e9ration Sans Tabac<\/a><\/strong><\/p>\n<p style=\"text-align: right;\"><em><strong>MF<\/strong><\/em><\/p>\n<hr \/>\n<p style=\"text-align: justify;\"><a href=\"#_ftnref1\" name=\"_ftn1\">[1]<\/a> Douchet MA, <a href=\"https:\/\/www.ofdt.fr\/ofdt\/fr\/tt_21bil.pdf\"><em>Tabagisme et arr\u00eat du tabac en 2021<\/em><\/a>, OFDT, Notes, avril 2021, 20 p.<\/p>\n<p style=\"text-align: justify;\"><a href=\"#_ftnref2\" name=\"_ftn2\">[2]<\/a> Les quantite\u0301s de tabac qu\u2019il est possible de rapporter de l\u2019e\u0301tranger, depuis le 1er aou\u0302t 2020 : 200 cigarettes ; 250 grammes de tabac a\u0300 fumer (\u00e0 rouler ou autre) ; 100 cigarillos ; 50 cigares, ces quantit\u00e9s \u00e9tant cumulables. Avant cette date, les quantit\u00e9s autoris\u00e9es \u00e9taient quatre fois sup\u00e9rieures.<\/p>\n<p style=\"text-align: justify;\"><a href=\"#_ftnref3\" name=\"_ftn3\">[3]<\/a> Degrandmaison E, <a href=\"https:\/\/www.ouest-france.fr\/sante\/addictions\/tabac\/tabac-le-marche-parallele-explose-dans-la-region-5f4784e8-b02a-11ec-bac3-54faba916d73\"><em>Tabac de contrefa\u00e7on : le march\u00e9 parall\u00e8le explose dans les Pays de la Loire<\/em><\/a>, Ouest France, publi\u00e9 le 30 mars 2022, consult\u00e9 le 29 avril 2022.<\/p>\n<p style=\"text-align: justify;\"><a href=\"#_ftnref4\" name=\"_ftn4\">[4]<\/a> <em><a href=\"https:\/\/www.generationsanstabac.org\/article\/le-commerce-illicite-mondial-de-tabac-en-diminution-dans-le-monde\/\">Le commerce illicite mondial de tabac en diminution dans le monde<\/a><\/em>, G\u00e9n\u00e9ration sans tabac, publi\u00e9 le 9 mars 2022, consult\u00e9 le 4 mai 2022.<\/p>\n<p style=\"text-align: justify;\"><a href=\"#_ftnref5\" name=\"_ftn5\">[5]<\/a> Spilka S., Philippon A., Le Ne\u0301zet O., Janssen E., Eroukmanoff V., Godeau E. <a href=\"https:\/\/www.ofdt.fr\/BDD\/publications\/docs\/eftxss2bc.pdf\"><em>Usages d\u2019alcool, de tabac et de cannabis chez les e\u0301le\u0300ves de 3e en 2021<\/em><\/a>. OFDT, Tendances, n\u00b0148, d\u00e9cembre 2021, 4 p.<\/p>\n<p style=\"text-align: justify;\"><a href=\"#_ftnref6\" name=\"_ftn6\">[6]<\/a> Spilka S., Le Ne\u0301zet O., Janssen E., Brissot A., Philippon A., Chyderiotis S. (2019) <a href=\"https:\/\/www.ofdt.fr\/BDD\/publications\/docs\/eftxssz4.pdf\"><em>Drogues : perceptions des produits, des politiques publiques et des usagers<\/em><\/a>. OFDT, Tendances, n\u00b0131, avril 2019, 8 p.<\/p>\n<p style=\"text-align: justify;\"><a href=\"#_ftnref7\" name=\"_ftn7\">[7]<\/a> Obradovic I. <a href=\"https:\/\/www.ofdt.fr\/BDD\/publications\/docs\/eftxioy1.pdf\"><em>Repre\u0301sentations, motivations et trajectoires d\u2019usage de drogues a\u0300 l\u2019adolescence.<\/em><\/a> OFDT, Tendances, n\u00b0122, d\u00e9cembre 2017, 8 p.<\/p>\n<p style=\"text-align: justify;\"><a href=\"#_ftnref8\" name=\"_ftn8\">[8]<\/a> <em><a href=\"https:\/\/ansm.sante.fr\/informations-de-securite\/champix-varenicline-rappel-de-lots-en-raison-de-la-presence-de-limpurete-n-nitrosovarenicline-a-un-taux-superieur-a-la-limite-acceptable\">CHAMPIX (var\u00e9nicline) \u2013 Rappel de lots en raison de la pr\u00e9sence de l\u2019impuret\u00e9 N-nitrosovar\u00e9nicline \u00e0 un taux sup\u00e9rieur \u00e0 la limite acceptable<\/a><\/em>, ANSM, publi\u00e9 le 1<sup>er<\/sup> octobre 2021, consult\u00e9 le 4 mai 2022.<\/p>\n<p><span style=\"color: #808080;\"><strong><a style=\"color: #808080;\" href=\"http:\/\/www.cnct.fr\/\" target=\"_blank\" rel=\"noopener noreferrer\">Comit\u00e9 national contre le tabagisme |<\/a><\/strong><\/span><\/p>\n<p style=\"text-align: justify;\">\n","protected":false},"excerpt":{"rendered":"<p>Une note de l\u2019Observatoire fran\u00e7ais des drogues et des tendances addictives (OFDT) synth\u00e9tise les tendances actuelles des consommations des produits du tabac chez les adultes et chez les adolescents. L\u2019\u00e9volution des ventes, de la consommation et des strat\u00e9gies de sevrage li\u00e9s au tabac est scrut\u00e9e de pr\u00e8s par l\u2019OFDT, tant chez les adultes que chez [&hellip;]<\/p>\n","protected":false},"featured_media":10987,"template":"","tags":[],"thematique":[474],"class_list":["post-20674","actualites","type-actualites","status-publish","has-post-thumbnail","hentry","thematique-sante"],"acf":[],"_links":{"self":[{"href":"https:\/\/www.generationsanstabac.org\/en\/wp-json\/wp\/v2\/actualites\/20674","targetHints":{"allow":["GET"]}}],"collection":[{"href":"https:\/\/www.generationsanstabac.org\/en\/wp-json\/wp\/v2\/actualites"}],"about":[{"href":"https:\/\/www.generationsanstabac.org\/en\/wp-json\/wp\/v2\/types\/actualites"}],"version-history":[{"count":0,"href":"https:\/\/www.generationsanstabac.org\/en\/wp-json\/wp\/v2\/actualites\/20674\/revisions"}],"wp:featuredmedia":[{"embeddable":true,"href":"https:\/\/www.generationsanstabac.org\/en\/wp-json\/wp\/v2\/media\/10987"}],"wp:attachment":[{"href":"https:\/\/www.generationsanstabac.org\/en\/wp-json\/wp\/v2\/media?parent=20674"}],"wp:term":[{"taxonomy":"post_tag","embeddable":true,"href":"https:\/\/www.generationsanstabac.org\/en\/wp-json\/wp\/v2\/tags?post=20674"},{"taxonomy":"thematique","embeddable":true,"href":"https:\/\/www.generationsanstabac.org\/en\/wp-json\/wp\/v2\/thematique?post=20674"}],"curies":[{"name":"wp","href":"https:\/\/api.w.org\/{rel}","templated":true}]}}