{"id":20658,"date":"2022-04-14T15:00:57","date_gmt":"2022-04-14T13:00:57","guid":{"rendered":"https:\/\/www.generationsanstabac.org\/actualites\/regression-des-consommations-de-produits-du-tabac-et-de-la-nicotine-en-finlande\/"},"modified":"2022-04-14T15:00:57","modified_gmt":"2022-04-14T13:00:57","slug":"regression-des-consommations-de-produits-du-tabac-et-de-la-nicotine-en-finlande","status":"publish","type":"actualites","link":"https:\/\/www.generationsanstabac.org\/en\/actualites\/regression-des-consommations-de-produits-du-tabac-et-de-la-nicotine-en-finlande\/","title":{"rendered":"Decline in tobacco and nicotine consumption in Finland"},"content":{"rendered":"<p style=\"text-align: justify;\"><em>Bien que le snus soit interdit en Finlande, comme dans le reste de l\u2019Union Europ\u00e9enne \u00e0 l\u2019exception de la Su\u00e8de, les adolescents finnois, peu fumeurs, parviennent \u00e0 s\u2019en procurer. <\/em><\/p>\n<p style=\"text-align: justify;\">Petit sachet de tabac \u00e0 placer entre la l\u00e8vre et la gencive, le snus n\u2019est, dans l\u2019Union Europ\u00e9enne, autoris\u00e9 qu\u2019en Su\u00e8de, leur pays d\u2019origine. La fronti\u00e8re commune entre la Su\u00e8de et la Finlande, et l\u2019autorisation aux Finnois d\u2019importer 1000 grammes de snus \u00e0 leur retour ont cependant favoris\u00e9 la diffusion illicite du snus en Finlande.<\/p>\n<p style=\"text-align: justify;\">Les derniers r\u00e9sultats de l\u2019\u00e9tude sur la promotion de la sant\u00e9 \u00e0 l\u2019\u00e9cole indiquent  que 43% des lyc\u00e9ens ont consomm\u00e9 au moins une fois dans l\u2019ann\u00e9e un produit du tabac, cette proportion s\u2019\u00e9levant \u00e0 67% pour les \u00e9l\u00e8ves de l\u2019enseignement professionnel. Le snus est de plus en plus pr\u00e9sent parmi les produits du tabac exp\u00e9riment\u00e9s ou consomm\u00e9s, et un tiers des adolescents s\u2019en procureraient via les r\u00e9seaux sociaux, ainsi que par le r\u00e9seau d\u2019amis<a href=\"#_ftn1\" name=\"_ftnref1\">[1]<\/a>. L\u2019Institut de la Sant\u00e9 et de la Solidarit\u00e9 (THL) en appelle \u00e0 la vigilance des parents vis-\u00e0-vis de l\u2019usage par leurs enfants des sites Web et des r\u00e9seaux sociaux, o\u00f9 les achats de produits du tabac sont facilit\u00e9s.<\/p>\n<h2 style=\"text-align: justify;\"><strong>Des produits du tabac peu consomm\u00e9s et en r\u00e9gression <\/strong><\/h2>\n<p style=\"text-align: justify;\">La pr\u00e9valence tabagique s\u2019est beaucoup r\u00e9duite en Finlande ces derni\u00e8res ann\u00e9es, passant de 24% en 2000 \u00e0 14% en 2018. Chez les jeunes de 14-16 ans, cette pr\u00e9valence s\u2019\u00e9tablissait \u00e0 5% en 2018, mais avec de fortes disparit\u00e9s : si seulement 3% de lyc\u00e9ens \u00e9taient fumeurs en 2019, ce taux grimpait \u00e0 19% pour les \u00e9l\u00e8ves de l\u2019enseignement professionnel<a href=\"#_ftn2\" name=\"_ftnref2\">[2]<\/a>.<\/p>\n<p style=\"text-align: justify;\">La consommation quotidienne de snus, qui se situe entre 1 et 3% chez les adultes, \u00e9tait en 2019 de 5% parmi les adolescents scolaris\u00e9s et de 15% chez les \u00e9l\u00e8ves de l\u2019enseignement professionnel. Cette consommation de snus s\u2019est fortement accrue entre 2008 et 2015 pour l\u2019ensemble des jeunes scolaris\u00e9s, et n\u2019a depuis progress\u00e9 que chez les \u00e9l\u00e8ves de l\u2019enseignement professionnel. Jusqu\u2019ici surtout pr\u00e9sent chez les gar\u00e7ons, l\u2019usage de snus s\u2019est sensiblement d\u00e9velopp\u00e9 chez les filles depuis 2017.<\/p>\n<p style=\"text-align: justify;\">L\u2019utilisation quotidienne de cigarettes \u00e9lectroniques ne concerne quant \u00e0 elle que 2% des adultes en 2018 et a sensiblement r\u00e9gress\u00e9 chez les jeunes scolaris\u00e9s, de 6% en 2015 \u00e0 un peu plus de 2% en 2019.<\/p>\n<h2 style=\"text-align: justify;\"><strong>Une d\u00e9gradation de l\u2019image des produits du tabac <\/strong><\/h2>\n<p style=\"text-align: justify;\">Ce d\u00e9sint\u00e9r\u00eat pour le tabac s\u2019est accompagn\u00e9 d\u2019un changement de perception vis-\u00e0-vis de ce produit qui, selon une \u00e9tude de 2017 de la Soci\u00e9t\u00e9 de recherche finnoise sur la jeunesse et de la Soci\u00e9t\u00e9 finlandaise du Cancer leur para\u00eet plut\u00f4t idiot que \u00ab cool \u00bb.<\/p>\n<p style=\"text-align: justify;\">Dans une autre \u00e9tude plus r\u00e9cente sur la perception par les adolescents des diff\u00e9rents produits du tabac, le snus, les cigarettes et la nicotine elle-m\u00eame sont per\u00e7us comme des produits toxiques, tandis que les cigarettes \u00e9lectroniques et les pipes \u00e0 eau b\u00e9n\u00e9ficient d\u2019une image, en grande partie erron\u00e9e, de produits moins nocifs<a href=\"#_ftn3\" name=\"_ftnref3\">[3]<\/a>. Les auteurs estiment que cette perception d\u00e9grad\u00e9e des produits du tabac s\u2019appuie sur un discours coh\u00e9rent des adultes et des scientifiques, relay\u00e9 par les m\u00e9dias classiques, tandis que les cigarettes \u00e9lectroniques et les pipes \u00e0 eau sont surtout \u00e9voqu\u00e9es sur les r\u00e9seaux sociaux, o\u00f9 l\u2019information est moins contr\u00f4l\u00e9e et se pr\u00eate davantage aux m\u00e9sinterpr\u00e9tations. Les adolescents ayant exp\u00e9riment\u00e9 certains de ces produits du tabac ou de la nicotine et dont les parents sont consommateurs en ont cependant des perceptions moins n\u00e9gatives.<\/p>\n<p style=\"text-align: justify;\">Les progr\u00e8s r\u00e9alis\u00e9s au cours des ann\u00e9es 2000 ont fait de la Finlande un mod\u00e8le de la lutte contre le tabagisme en Europe<a href=\"#_ftn4\" name=\"_ftnref4\">[4]<\/a>. L\u2019\u00e9volution des perceptions des produits du tabac et de la nicotine par les jeunes Finlandais peut d\u00e8s lors \u00eatre interpr\u00e9t\u00e9e comme une sorte de laboratoire grandeur nature de ce que serait une g\u00e9n\u00e9ration sans tabac.<\/p>\n<p style=\"text-align: justify;\"><strong>Mots-cl\u00e9s : Finlande, snus, tabac, jeunes, r\u00e9seaux sociaux<\/strong><\/p>\n<p style=\"text-align: justify;\"><strong><a href=\"https:\/\/www.generationsanstabac.org\/\">\u00a9G\u00e9n\u00e9ration Sans Tabac<\/a><\/strong><\/p>\n<p style=\"text-align: right;\"><strong><em>MF<\/em><\/strong><\/p>\n<hr \/>\n<p style=\"text-align: justify;\"><a href=\"#_ftnref1\" name=\"_ftn1\">[1]<\/a> <a href=\"https:\/\/yle.fi\/news\/3-12397250\"><em>One in three teens buys snus on social media, study finds<\/em><\/a><em>, <\/em>yle News, publi\u00e9 le 8 avril 2022, consult\u00e9 le 12 avril 2022.<\/p>\n<p style=\"text-align: justify;\"><a href=\"#_ftnref2\" name=\"_ftn2\">[2]<\/a> <a href=\"https:\/\/thl.fi\/en\/web\/alcohol-tobacco-and-addictions\/tobacco\"><em>Tobacco<\/em><\/a>, Finnish Institute for Health and Welfare, publi\u00e9 le 12 octobre 2020, consult\u00e9 le 12 avril 2022.<\/p>\n<p style=\"text-align: justify;\"><a href=\"#_ftnref3\" name=\"_ftn3\">[3]<\/a> El-Amin S., Kinnunen JM, Rimpela\u0308 A<a href=\"https:\/\/www.mdpi.com\/1660-4601\/19\/3\/1485\">,<em> Adolescents\u2019 Perceptions of Harmfulness of Tobacco and Tobacco-like Products in Finland<\/em><\/a><em>, <\/em>Int. J. Environ. Res. Public Health 2022, 19(3), 1485.<\/p>\n<p style=\"text-align: justify;\"><a href=\"#_ftnref4\" name=\"_ftn4\">[4]<\/a> <a href=\"https:\/\/www.generationsanstabac.org\/actualites\/lutte-tabac-finlande\/\"><em>La lutte contre le tabac s\u2019intensifie en Finlande<\/em><\/a><em>, <\/em>G\u00e9n\u00e9ration Sans Tabac, publi\u00e9 le 28 avril 2021, consult\u00e9 le 12 avril 2022.<\/p>\n<p style=\"text-align: justify;\"><span style=\"color: #999999;\"><strong><a style=\"color: #999999;\" href=\"http:\/\/www.cnct.fr\/\" target=\"_blank\" rel=\"noopener noreferrer\">Comit\u00e9 national contre le tabagisme |<\/a><\/strong><\/span><\/p>\n","protected":false},"excerpt":{"rendered":"<p>Bien que le snus soit interdit en Finlande, comme dans le reste de l\u2019Union Europ\u00e9enne \u00e0 l\u2019exception de la Su\u00e8de, les adolescents finnois, peu fumeurs, parviennent \u00e0 s\u2019en procurer. Petit sachet de tabac \u00e0 placer entre la l\u00e8vre et la gencive, le snus n\u2019est, dans l\u2019Union Europ\u00e9enne, autoris\u00e9 qu\u2019en Su\u00e8de, leur pays d\u2019origine. La fronti\u00e8re [&hellip;]<\/p>\n","protected":false},"featured_media":20659,"template":"","tags":[],"thematique":[491,474],"class_list":["post-20658","actualites","type-actualites","status-publish","has-post-thumbnail","hentry","thematique-politiques-publiques","thematique-sante"],"acf":[],"_links":{"self":[{"href":"https:\/\/www.generationsanstabac.org\/en\/wp-json\/wp\/v2\/actualites\/20658","targetHints":{"allow":["GET"]}}],"collection":[{"href":"https:\/\/www.generationsanstabac.org\/en\/wp-json\/wp\/v2\/actualites"}],"about":[{"href":"https:\/\/www.generationsanstabac.org\/en\/wp-json\/wp\/v2\/types\/actualites"}],"version-history":[{"count":0,"href":"https:\/\/www.generationsanstabac.org\/en\/wp-json\/wp\/v2\/actualites\/20658\/revisions"}],"wp:featuredmedia":[{"embeddable":true,"href":"https:\/\/www.generationsanstabac.org\/en\/wp-json\/wp\/v2\/media\/20659"}],"wp:attachment":[{"href":"https:\/\/www.generationsanstabac.org\/en\/wp-json\/wp\/v2\/media?parent=20658"}],"wp:term":[{"taxonomy":"post_tag","embeddable":true,"href":"https:\/\/www.generationsanstabac.org\/en\/wp-json\/wp\/v2\/tags?post=20658"},{"taxonomy":"thematique","embeddable":true,"href":"https:\/\/www.generationsanstabac.org\/en\/wp-json\/wp\/v2\/thematique?post=20658"}],"curies":[{"name":"wp","href":"https:\/\/api.w.org\/{rel}","templated":true}]}}