{"id":20657,"date":"2022-04-14T11:00:10","date_gmt":"2022-04-14T09:00:10","guid":{"rendered":"https:\/\/www.generationsanstabac.org\/actualites\/bat-soppose-au-projet-de-nouvelle-reglementation-sur-les-aromes-en-islande\/"},"modified":"2022-04-14T11:00:10","modified_gmt":"2022-04-14T09:00:10","slug":"bat-soppose-au-projet-de-nouvelle-reglementation-sur-les-aromes-en-islande","status":"publish","type":"actualites","link":"https:\/\/www.generationsanstabac.org\/en\/actualites\/bat-soppose-au-projet-de-nouvelle-reglementation-sur-les-aromes-en-islande\/","title":{"rendered":"BAT opposes proposed new flavour regulations in Iceland"},"content":{"rendered":"<p style=\"text-align: justify;\"><em>Le projet de protection de la jeunesse et d\u2019interdiction des ar\u00f4mes dans les pouches et les cigarettes \u00e9lectroniques, propos\u00e9 par le ministre de la Sant\u00e9, est combattu par British American Tobacco (BAT) au nom de la r\u00e9duction des risques. <\/em><\/p>\n<p style=\"text-align: justify;\">Interdire les ar\u00f4mes de fruits et de friandises dans les pouches (sachets de nicotine qui se placent entre la l\u00e8vre et la gencive), les cigarettes \u00e9lectroniques et les liquides de recharge, mais aussi interdire d\u2019utiliser tous ces produits dans l\u2019univers \u00e9ducatif (cr\u00e8ches, \u00e9coles, coll\u00e8ges et lyc\u00e9es) et dans les lieux fr\u00e9quent\u00e9s par les jeunes (sports, loisirs, activit\u00e9s sociales), telles sont les principales dispositions du projet de loi sur les produits du tabac et du vapotage<a href=\"#_ftn1\" name=\"_ftnref1\">[1]<\/a>. Ce projet pr\u00e9voit notamment l\u2019alignement de la r\u00e9glementation des produits de vapotage (appareils et e-liquides) et des pouches sur celle des produits du tabac, en interdisant par exemple de vendre ces produits \u00e0 des mineurs<a href=\"#_ftn2\" name=\"_ftnref2\">[2]<\/a>.<\/p>\n<h2 style=\"text-align: justify;\"><strong>BAT veut pr\u00e9server les ar\u00f4mes sucr\u00e9s et demande un d\u00e9lai<\/strong><\/h2>\n<p style=\"text-align: justify;\">British American Tobacco a adress\u00e9 au ministre de la Sant\u00e9, Willum \u00de\u00f3r \u00de\u00f3rsson, un courrier reconnaissant l\u2019int\u00e9r\u00eat de l\u2019\u00e2ge minimum d\u2019achat, de l\u2019interdiction de vapoter dans les \u00e9tablissements scolaires et des autres mesures de protection des enfants, mais s\u2019indignant de l\u2019interdiction des ar\u00f4mes dans les produits de la nicotine. La deuxi\u00e8me multinationale du tabac, qui affirme \u00e0 son tour, apr\u00e8s Philip Morris International, vouloir combattre le tabagisme et aider les fumeurs \u00e0 arr\u00eater de fumer, estime que les ar\u00f4mes de fruits et de confiserie aideraient les adultes fumeurs \u00e0 s\u2019affranchir du tabac fum\u00e9. Cet argument est amplement utilis\u00e9 par les groupes de fa\u00e7ade de l\u2019industrie du tabac et du vapotage pour justifier le maintien d\u2019ar\u00f4mes aux saveurs sucr\u00e9es, alors que des recherches ont montr\u00e9 leur fort pouvoir attractif sur les adolescents<a href=\"#_ftn3\" name=\"_ftnref3\">[3]<\/a>.<\/p>\n<p style=\"text-align: justify;\">BAT appelle aussi \u00e0 relever le taux l\u00e9gal de nicotine dans les pouches \u00e0 20 mg, sur le mod\u00e8le du seuil appliqu\u00e9 en Su\u00e8de, alors que le taux moyen des pouches en Islande se situe \u00e0 11 mg. La multinationale, propri\u00e9taire de la marque de pouches Velo, r\u00e9clame par ailleurs un d\u00e9lai de douze mois avant l\u2019application de cette l\u00e9gislation, temps qu\u2019elle juge n\u00e9cessaire pour adapter son outil de production.<\/p>\n<p style=\"text-align: justify;\">Cette protestation a \u00e9t\u00e9 appuy\u00e9e par deux parlementaires du Parti Ind\u00e9pendant. Le premier estime que ces mesures, pr\u00e9vues pour prot\u00e9ger les mineurs, s\u2019exerceraient au d\u00e9triment de l\u2019auto-d\u00e9termination des adultes qui souhaiteraient arr\u00eater de fumer. Le second consid\u00e8re que de telles restrictions nuiraient au secteur agro-alimentaire. Ces arguments rappellent ceux de l\u2019industrie du tabac, entre autres utilis\u00e9s dans les d\u00e9bats sur les interdictions de fumer, qui n\u00e9gligent toutefois de soupeser la pertinence de cette auto-d\u00e9termination lorsqu\u2019il s\u2019agit de mineurs<a href=\"#_ftn4\" name=\"_ftnref4\">[4]<\/a>.<\/p>\n<h2 style=\"text-align: justify;\"><strong>Un fort d\u00e9veloppement des produits de la nicotine en Islande<\/strong><\/h2>\n<p style=\"text-align: justify;\">Ces questions sont d\u2019autant plus sensibles dans un pays qui a connu une spectaculaire r\u00e9gression de sa pr\u00e9valence tabagique en trente ans, pour s\u2019\u00e9tablir \u00e0 17% en 2019, dont 8% de fumeurs quotidiens<a href=\"#_ftn5\" name=\"_ftnref5\">[5]<\/a>. Les dix derni\u00e8res ann\u00e9es ont vu, parall\u00e8lement \u00e0 la baisse du tabagisme, une importante augmentation de l\u2019usage des produits de la nicotine. Un jeune de 15-16 ans sur six utilisait une cigarette \u00e9lectronique en 2019 et un tiers des 18-34 ans consommerait aujourd\u2019hui des pouches quasi-quotidiennement.<\/p>\n<p style=\"text-align: justify;\">La rapide croissance des produits de la nicotine parmi les jeunes et les mineurs est l\u2019un des principaux motifs du projet d\u2019interdiction des ar\u00f4mes sucr\u00e9s. Le Directeur g\u00e9n\u00e9ral de la Sant\u00e9 a par ailleurs point\u00e9 les cons\u00e9quences n\u00e9fastes de la nicotine sur le d\u00e9veloppement du cerveau des jeunes et des adolescents, en termes de concentration, de motivation et de modification de l\u2019humeur.<\/p>\n<p style=\"text-align: justify;\"><strong>Mots-cl\u00e9s : Islande, nicotine, ar\u00f4mes, pouches, BAT<\/strong><\/p>\n<p style=\"text-align: justify;\"><strong><a href=\"https:\/\/www.generationsanstabac.org\/\">\u00a9G\u00e9n\u00e9ration Sans Tabac<\/a><\/strong><\/p>\n<p style=\"text-align: right;\"><em><strong>MF<\/strong><\/em><\/p>\n<hr \/>\n<p style=\"text-align: justify;\"><a href=\"#_ftnref1\" name=\"_ftn1\">[1]<\/a> Poggio A, <a href=\"https:\/\/grapevine.is\/news\/2022\/04\/08\/tobacco-giant-on-flavour-ban-of-new-bill-undermines-public-health-goals\/\"><em>Tobacco Giant On Flavour Ban Of New Bill : Undermines Public Health Goals<\/em><\/a>, Rykjavil Grapevine, publi\u00e9 le 8 avril 2022, consult\u00e9 le 11 avril 2022.<\/p>\n<p style=\"text-align: justify;\"><a href=\"#_ftnref2\" name=\"_ftn2\">[2]<\/a> <a href=\"https:\/\/tobaccoreporter.com\/2022\/03\/21\/iceland-mull-new-restrictions-on-nicotine-products\/\"><em>Iceland Mulls New Restrictions on Nicotine<\/em><\/a>, Tobacco Reporter, publi\u00e9 le 21 mars 2022, consult\u00e9 le 11 avril 2022.<\/p>\n<p style=\"text-align: justify;\"><a href=\"#_ftnref3\" name=\"_ftn3\">[3]<\/a> Do E, O\u2019Connor K, Kreslake J, Friedrichsen S, Vallone D, Hair E, <a href=\"https:\/\/www.tandfonline.com\/doi\/full\/10.1080\/10826084.2022.2034876?scroll=top&amp;needAccess=true\"><em>Influence of Flavors and Nicotine Concentration on Nicotine Dependence in Adolescent and Young Adult E-Cigarette Users, Substance Use &amp; Misuse<\/em><\/a>, 2022;(57),4. DOI: 10.1080\/10826084.2022.2034876<\/p>\n<p style=\"text-align: justify;\"><a href=\"#_ftnref4\" name=\"_ftn4\">[4]<\/a> Schmidt A. <a href=\"https:\/\/www.researchgate.net\/publication\/331230624_Is_there_a_human_right_to_tobacco_control\">Is there a human right to tobacco control?<\/a> in: Gispen ME, Toebes B. <em>Human Rights and Tobacco Control<\/em>. Edgar Studies in Health and the Law, Liverpool, 2020.<\/p>\n<p style=\"text-align: justify;\"><a href=\"#_ftnref5\" name=\"_ftn5\">[5]<\/a> OECD\/European Observatory on Health Systems and Policies, <a href=\"https:\/\/www.oecd-ilibrary.org\/docserver\/5341c87c-en.pdf?expires=1649696548&amp;id=id&amp;accname=guest&amp;checksum=E67C604C2C16BA75B5718FDFF8B2CE2B\"><em>Iceland: Country Health Profile 2021, State of Health in the EU<\/em><\/a>, OECD Publishing, Paris\/European Observatory on Health Systems and Policies, Brussels, 2021.<\/p>\n<p><span style=\"color: #999999;\"><strong><a style=\"color: #999999;\" href=\"http:\/\/www.cnct.fr\/\" target=\"_blank\" rel=\"noopener noreferrer\">Comit\u00e9 national contre le tabagisme |<\/a><\/strong><\/span><\/p>\n","protected":false},"excerpt":{"rendered":"<p>Le projet de protection de la jeunesse et d\u2019interdiction des ar\u00f4mes dans les pouches et les cigarettes \u00e9lectroniques, propos\u00e9 par le ministre de la Sant\u00e9, est combattu par British American Tobacco (BAT) au nom de la r\u00e9duction des risques. Interdire les ar\u00f4mes de fruits et de friandises dans les pouches (sachets de nicotine qui se [&hellip;]<\/p>\n","protected":false},"featured_media":10965,"template":"","tags":[],"thematique":[499,516],"class_list":["post-20657","actualites","type-actualites","status-publish","has-post-thumbnail","hentry","thematique-lobby","thematique-nouveaux-produits"],"acf":[],"_links":{"self":[{"href":"https:\/\/www.generationsanstabac.org\/en\/wp-json\/wp\/v2\/actualites\/20657","targetHints":{"allow":["GET"]}}],"collection":[{"href":"https:\/\/www.generationsanstabac.org\/en\/wp-json\/wp\/v2\/actualites"}],"about":[{"href":"https:\/\/www.generationsanstabac.org\/en\/wp-json\/wp\/v2\/types\/actualites"}],"version-history":[{"count":0,"href":"https:\/\/www.generationsanstabac.org\/en\/wp-json\/wp\/v2\/actualites\/20657\/revisions"}],"wp:featuredmedia":[{"embeddable":true,"href":"https:\/\/www.generationsanstabac.org\/en\/wp-json\/wp\/v2\/media\/10965"}],"wp:attachment":[{"href":"https:\/\/www.generationsanstabac.org\/en\/wp-json\/wp\/v2\/media?parent=20657"}],"wp:term":[{"taxonomy":"post_tag","embeddable":true,"href":"https:\/\/www.generationsanstabac.org\/en\/wp-json\/wp\/v2\/tags?post=20657"},{"taxonomy":"thematique","embeddable":true,"href":"https:\/\/www.generationsanstabac.org\/en\/wp-json\/wp\/v2\/thematique?post=20657"}],"curies":[{"name":"wp","href":"https:\/\/api.w.org\/{rel}","templated":true}]}}