{"id":20656,"date":"2022-04-14T06:15:13","date_gmt":"2022-04-14T04:15:13","guid":{"rendered":"https:\/\/www.generationsanstabac.org\/actualites\/region-europe-entre-progres-inegaux-et-nouvelles-menaces\/"},"modified":"2022-04-14T06:15:13","modified_gmt":"2022-04-14T04:15:13","slug":"region-europe-entre-progres-inegaux-et-nouvelles-menaces","status":"publish","type":"actualites","link":"https:\/\/www.generationsanstabac.org\/en\/actualites\/region-europe-entre-progres-inegaux-et-nouvelles-menaces\/","title":{"rendered":"Europe Region: Between Uneven Progress and New Threats"},"content":{"rendered":"<p style=\"text-align: justify;\"><em>L\u2019Organisation mondiale de la sant\u00e9 (OMS) Europe a publi\u00e9 des fiches d\u2019informations sur l\u2019\u00e9volution de la lutte contre le tabagisme, \u00e0 travers la mise en place des mesures MPOWER. Au-del\u00e0 d\u2019un certain nombre de progr\u00e8s r\u00e9alis\u00e9s sur l\u2019ensemble du continent, et de la variabilit\u00e9 des situations nationales, l\u2019OMS souligne la n\u00e9cessit\u00e9 d\u2019une meilleure vigilance \u00e0 l\u2019\u00e9gard de la menace que constitue les nouveaux produits du tabac et de la nicotine, ainsi que l\u2019imp\u00e9ratif de mieux lutter contre le tabagisme des femmes<a href=\"#_ftn1\" name=\"_ftnref1\"><strong>[1]<\/strong><\/a>.  <\/em><\/p>\n<p style=\"text-align: justify;\">L\u2019OMS, conform\u00e9ment \u00e0 sa Convention-cadre pour la lutte antitabac (CCLAT), a mis en place en 2008 le programme MPOWER, qui propose un ensemble de six mesures co\u00fbt-efficaces visant \u00e0 r\u00e9duire l\u2019\u00e9pid\u00e9mie tabagique mondiale. Le programme MPOWER pr\u00e9voit en particulier de surveiller la consommation de tabac et les politiques de pr\u00e9vention, de prot\u00e9ger la population contre la fum\u00e9e de tabac au travers de l\u2019interdiction de fumer dans les lieux \u00e0 usage collectif et du d\u00e9veloppement des lieux sans tabac, d\u2019offrir une aide aux personnes qui souhaitent cesser leur consommation, de mettre en garde contre les dangers du tabac, de faire respecter l\u2019interdiction de la publicit\u00e9, de promotion et des activit\u00e9s de parrainages de l\u2019industrie du tabac, ainsi que de mettre en place une politique dissuasive de hausses fiscales sur les produits du tabac.<\/p>\n<h2 style=\"text-align: justify;\"><strong>Le d\u00e9veloppement des nouveaux produits du tabac en Europe, une menace pour la sant\u00e9 publique <\/strong><\/h2>\n<p style=\"text-align: justify;\">La majorit\u00e9 des donn\u00e9es des fiches d\u2019information proviennent du huiti\u00e8me rapport de l\u2019OMS sur l\u2019\u00e9pid\u00e9mie mondiale de tabagisme, publi\u00e9 en 2021. Celui-ci pointe notamment la menace nouvelle que constituent les nouveaux produits du tabac et de la nicotine. En particulier, la r\u00e9gion europ\u00e9enne pr\u00e9sente une tr\u00e8s forte variabilit\u00e9 de la consommation de cigarettes \u00e9lectroniques, avec une pr\u00e9valence chez les adultes pouvant aller de 0,7% en Espagne (2020) \u00e0 10,5% en Estonie (2018). A Monaco, 41% des adolescents \u00e9taient consommateurs de cigarettes \u00e9lectroniques en 2019. Comme le rappelle l\u2019OMS, les cigarettes \u00e9lectroniques doivent \u00eatre consid\u00e9r\u00e9es comme des produits nocifs. La pr\u00e9sence de nicotine et d\u2019autres produits chimiques peuvent avoir des effets d\u00e9l\u00e9t\u00e8res sur le d\u00e9veloppement c\u00e9r\u00e9bral, \u00e0 commencer par celui des adolescents. L\u2019OMS note toutefois que ces produits sont r\u00e9guli\u00e8rement pr\u00e9sent\u00e9s comme des alternatives moins nocives, notamment par les fabricants de tabac, et font l\u2019objet de campagnes marketing \u00e0 destination des jeunes g\u00e9n\u00e9rations.<\/p>\n<h2 style=\"text-align: justify;\"><strong>Une grande variabilit\u00e9 des situations observ\u00e9es <\/strong><\/h2>\n<p style=\"text-align: justify;\">Sur certains crit\u00e8res, la r\u00e9gion europ\u00e9enne fait figure de bonne \u00e9l\u00e8ve mondiale. Ainsi, sur la question de la fiscalit\u00e9, 53% des pays europ\u00e9ens ont des niveaux de taxation au moins conformes aux recommandations de l\u2019OMS, contre 21% dans le reste du monde. Pour l\u2019Organisation mondiale de la sant\u00e9, il est imp\u00e9ratif que les 47% restants mettent en place une politique fiscale ambitieuse, dans un objectif de r\u00e9duction du tabagisme, mais \u00e9galement de diminution de la pression du secteur du tabac sur les d\u00e9penses publiques. Dans d\u2019autres domaines, l\u2019Europe accuse un retard par rapport \u00e0 la moyenne mondiale. Ainsi, seuls 26% des pays europ\u00e9ens ont mis en place une interdiction de fumer dans les lieux publics, souvent incompl\u00e8te, contre 34% dans le monde. L\u2019instauration d\u2019espaces sans tabac est pourtant \u00e0 la fois n\u00e9cessaire pour prot\u00e9ger la population du tabagisme passif, mais \u00e9galement pour inscrire la soci\u00e9t\u00e9 dans un processus de d\u00e9normalisation de la consommation tabagique.<\/p>\n<h2 style=\"text-align: justify;\"><strong>L\u2019enjeu du tabagisme f\u00e9minin prioritaire en Europe<\/strong><\/h2>\n<p style=\"text-align: justify;\">La r\u00e9gion europ\u00e9enne est la seule de l&rsquo;OMS qui ne devrait pas atteindre l&rsquo;objectif de r\u00e9duction de 30 % pour les femmes d&rsquo;ici 2025. Chez les jeunes femmes, l\u2019OMS note \u00e9galement une situation pr\u00e9occupante. En effet, dans 26 pays sur 42, les taux de tabagisme chez les jeunes femmes sont \u00e9quivalents ou sup\u00e9rieurs \u00e0 ceux des hommes. Pour rem\u00e9dier \u00e0 cette situation, l\u2019OMS recommande de davantage int\u00e9grer les probl\u00e9matiques de genre dans les politiques de lutte contre le tabagisme, ainsi que de mieux anticiper les d\u00e9terminants sociaux de la sant\u00e9, pouvant pr\u00e9disposer certains groupes \u00e0 consommer des produits du tabac ou de la nicotine.<\/p>\n<p style=\"text-align: justify;\">Selon l\u2019OMS, l\u2019in\u00e9galit\u00e9 observ\u00e9e dans les progr\u00e8s r\u00e9alis\u00e9s doit inviter les pouvoirs publics \u00e0 int\u00e9gralement mettre en \u0153uvre la Convention-cadre pour la lutte antitabac. Si la quasi-totalit\u00e9 des pays ont ratifi\u00e9 la CCLAT, beaucoup d\u2019entre eux n\u2019ont pas rempli leurs engagements en la mati\u00e8re, malgr\u00e9 l\u2019urgence en mati\u00e8re de sant\u00e9 publique que ces derniers repr\u00e9sentent.<\/p>\n<p><strong>Mots-cl\u00e9s : OMS, Europe<\/strong><span id=\"docid\"><\/span><\/p>\n<p><strong><a href=\"https:\/\/www.generationsanstabac.org\/\">\u00a9G\u00e9n\u00e9ration Sans Tabac<\/a><\/strong><\/p>\n<p style=\"text-align: right;\"><b><i>FT<\/i><\/b><\/p>\n<hr \/>\n<p style=\"text-align: justify;\"><a href=\"#_ftnref1\" name=\"_ftn1\">[1]<\/a> Organisation mondiale de la sant\u00e9, <a href=\"https:\/\/www.euro.who.int\/en\/health-topics\/disease-prevention\/tobacco\/news\/news\/2022\/4\/recently-launched-mpower-factsheets-show-uneven-progress-against-the-tobacco-epidemic-in-the-who-european-region\">Recently launched MPOWER factsheets show uneven progress against the tobacco epidemic in the WHO European Region<\/a>, 12\/04\/2022, (consult\u00e9 le 13\/04\/2022)<\/p>\n<p><span style=\"color: #999999;\"><strong><a style=\"color: #999999;\" href=\"http:\/\/www.cnct.fr\/\" target=\"_blank\" rel=\"noopener noreferrer\">Comit\u00e9 national contre le tabagisme |<\/a><\/strong><\/span><\/p>\n","protected":false},"excerpt":{"rendered":"<p>L\u2019Organisation mondiale de la sant\u00e9 (OMS) Europe a publi\u00e9 des fiches d\u2019informations sur l\u2019\u00e9volution de la lutte contre le tabagisme, \u00e0 travers la mise en place des mesures MPOWER. Au-del\u00e0 d\u2019un certain nombre de progr\u00e8s r\u00e9alis\u00e9s sur l\u2019ensemble du continent, et de la variabilit\u00e9 des situations nationales, l\u2019OMS souligne la n\u00e9cessit\u00e9 d\u2019une meilleure vigilance \u00e0 [&hellip;]<\/p>\n","protected":false},"featured_media":10963,"template":"","tags":[],"thematique":[516,474],"class_list":["post-20656","actualites","type-actualites","status-publish","has-post-thumbnail","hentry","thematique-nouveaux-produits","thematique-sante"],"acf":[],"_links":{"self":[{"href":"https:\/\/www.generationsanstabac.org\/en\/wp-json\/wp\/v2\/actualites\/20656","targetHints":{"allow":["GET"]}}],"collection":[{"href":"https:\/\/www.generationsanstabac.org\/en\/wp-json\/wp\/v2\/actualites"}],"about":[{"href":"https:\/\/www.generationsanstabac.org\/en\/wp-json\/wp\/v2\/types\/actualites"}],"version-history":[{"count":0,"href":"https:\/\/www.generationsanstabac.org\/en\/wp-json\/wp\/v2\/actualites\/20656\/revisions"}],"wp:featuredmedia":[{"embeddable":true,"href":"https:\/\/www.generationsanstabac.org\/en\/wp-json\/wp\/v2\/media\/10963"}],"wp:attachment":[{"href":"https:\/\/www.generationsanstabac.org\/en\/wp-json\/wp\/v2\/media?parent=20656"}],"wp:term":[{"taxonomy":"post_tag","embeddable":true,"href":"https:\/\/www.generationsanstabac.org\/en\/wp-json\/wp\/v2\/tags?post=20656"},{"taxonomy":"thematique","embeddable":true,"href":"https:\/\/www.generationsanstabac.org\/en\/wp-json\/wp\/v2\/thematique?post=20656"}],"curies":[{"name":"wp","href":"https:\/\/api.w.org\/{rel}","templated":true}]}}