{"id":20632,"date":"2022-03-23T16:59:15","date_gmt":"2022-03-23T15:59:15","guid":{"rendered":"https:\/\/www.generationsanstabac.org\/actualites\/le-quebec-renonce-a-augmenter-les-taxes-sur-le-tabac-pour-la-huitieme-annee-consecutive\/"},"modified":"2022-03-23T16:59:15","modified_gmt":"2022-03-23T15:59:15","slug":"le-quebec-renonce-a-augmenter-les-taxes-sur-le-tabac-pour-la-huitieme-annee-consecutive","status":"publish","type":"actualites","link":"https:\/\/www.generationsanstabac.org\/en\/actualites\/le-quebec-renonce-a-augmenter-les-taxes-sur-le-tabac-pour-la-huitieme-annee-consecutive\/","title":{"rendered":"Quebec renounces raising tobacco taxes for the eighth consecutive year"},"content":{"rendered":"<p style=\"text-align: justify;\"><em>Pour la huiti\u00e8me ann\u00e9e cons\u00e9cutive, le Qu\u00e9bec renonce \u00e0 augmenter les taxes sur les produits du tabac, dans un contexte de d\u00e9ficit budg\u00e9taire et de fragilisation de son syst\u00e8me de sant\u00e9. Les organisations de sant\u00e9 publique partagent leur inqui\u00e9tude, alors que le Qu\u00e9bec aggrave son retard en mati\u00e8re de lutte contre le tabagisme. <\/em><\/p>\n<p style=\"text-align: justify;\">Flory Doucas, porte-parole de la Coalition qu\u00e9b\u00e9coise pour le contr\u00f4le du tabac, a d\u00e9nonc\u00e9 le caract\u00e8re \u00ab ahurissant \u00bb de la d\u00e9cision des pouvoirs publics de ne pas augmenter les taxes sur les produits du tabac. Comme elle le souligne, la politique fiscale reste la mesure la plus efficace pour endiguer l\u2019\u00e9pid\u00e9mie tabagique, responsable de 13 000 morts par an au Qu\u00e9bec. Au-del\u00e0 de son efficacit\u00e9, les hausses de taxes sont \u00e9galement une mesure particuli\u00e8rement rentable, et permet de r\u00e9duire la pression sur les h\u00f4pitaux, alors que la pand\u00e9mie de Covid-19 continue de peser sur le syst\u00e8me de sant\u00e9<a href=\"#_ftn1\" name=\"_ftnref1\">[1]<\/a>.<\/p>\n<h2 style=\"text-align: justify;\"><strong>Le commerce illicite stabilis\u00e9 depuis plus de dix ans<\/strong><\/h2>\n<p style=\"text-align: justify;\">L\u2019argument de la menace d\u2019une hausse du commerce illicite, largement mobilis\u00e9 par l\u2019industrie du tabac, n\u2019est, selon la Coalition, pas une objection recevable pour justifier l\u2019absence de politique fiscale. Depuis 2011, le niveau de contrebande s\u2019est en effet stabilis\u00e9 \u00e0 un niveau relativement limit\u00e9, aux alentours de 11 \u00e0 12% du march\u00e9 qu\u00e9b\u00e9cois, selon les estimations officielles. En 2014, les derni\u00e8res hausses de taxes sur les produits du tabac ne s\u2019\u00e9taient d\u2019ailleurs pas traduites par une augmentation du commerce illicite.<\/p>\n<h2 style=\"text-align: justify;\"><strong>Le Qu\u00e9bec, mauvais \u00e9l\u00e8ve canadien sur la fiscalit\u00e9 des produits du tabac<\/strong><\/h2>\n<p style=\"text-align: justify;\">Le vote de ce huiti\u00e8me budget accentue le retard du Qu\u00e9bec par rapport aux autres provinces canadiennes en mati\u00e8re de lutte contre le tabagisme. En mars 2022, la cartouche de 200 cigarettes est tax\u00e9e \u00e0 hauteur de 29,80 dollars canadiens (21,50 euros), soit 35 dollars de moins que la moyenne des douze autres provinces. L\u2019Ontario, la deuxi\u00e8me province canadienne avec la fiscalit\u00e9 la plus permissive sur les produits du tabac, taxe elle-m\u00eame la cartouche de 15 dollars de plus que le Qu\u00e9bec. En parall\u00e8le, quatre provinces canadiennes enregistrent des niveaux de taxation sup\u00e9rieurs \u00e0 70 dollars par cartouche, dont les Territoires du Nord-Ouest, appliquant une taxe de 77,91 dollars pour 200 cigarettes (56,18 euros), soit un niveau sup\u00e9rieur de plus de 160% par rapport \u00e0 la fiscalit\u00e9 appliqu\u00e9e au Qu\u00e9bec.<\/p>\n<h2 style=\"text-align: justify;\"><strong>Une opportunit\u00e9 manqu\u00e9e de g\u00e9n\u00e9rer 165 millions de dollars canadiens de taxes suppl\u00e9mentaires<\/strong><\/h2>\n<p style=\"text-align: justify;\">Selon la Coalition, une hausse de sept dollars par cartouche, soit de 70 centimes additionnels par paquet, aurait permis de r\u00e9duire de 18 000 le nombre de fumeurs au Qu\u00e9bec, tout en g\u00e9n\u00e9rant 165 millions de dollars de taxes suppl\u00e9mentaires d\u00e8s la premi\u00e8re ann\u00e9e. Par ailleurs, une augmentation des taxes sur le tabac de 2% par an se traduirait par une recette d\u2019un milliard de dollars canadiens en cinq ans. La Coalition rappelle \u00e9galement que ces nouveaux revenus pourraient \u00eatre r\u00e9investis dans les programmes d\u2019aide au sevrage tabagique, ainsi que pour r\u00e9tablir le budget consacr\u00e9 \u00e0 la lutte contre le tabagisme, qui, \u00ab comme celui de la sant\u00e9 publique, ne cesse de s\u2019effriter \u00bb.<\/p>\n<h2 style=\"text-align: justify;\"><strong>L\u2019influence de l\u2019industrie du tabac dans les politiques publiques au Qu\u00e9bec<\/strong><\/h2>\n<p style=\"text-align: justify;\">Pour finir, la Coalition d\u00e9plore la forte influence du lobbying de l\u2019industrie du tabac dans les politiques publiques qu\u00e9b\u00e9coises, pouvant en partie expliquer l\u2019absence d\u2019augmentation des taxes sur le tabac. La pr\u00e9dominance de l\u2019influence des fabricants sur celle de la sant\u00e9 publique est d\u2019autant plus critiquable que l\u2019augmentation des taxes sur le tabac, en plus d\u2019\u00eatre vertueuse sur tous les plans, est une mesure particuli\u00e8rement populaire, puisqu\u2019elle est soutenue par 78% de la population qu\u00e9b\u00e9coise. Si aucune hausse de taxe n\u2019a \u00e9t\u00e9 d\u00e9cid\u00e9e depuis huit ans, les prix des produits du tabac ont toutefois augment\u00e9, en raison de discr\u00e8tes hausses tarifaires d\u00e9cid\u00e9es par les fabricants. Cette strat\u00e9gie a \u00e9t\u00e9 largement profitable \u00e0 l\u2019industrie du tabac, qui a vu ses revenus augmenter de plus de 16% entre 2014 et 2019.<\/p>\n<p><strong>Mots-cl\u00e9s : Qu\u00e9bec, Taxes, Coalition qu\u00e9b\u00e9coise pour le contr\u00f4le du tabac<br \/>\n<\/strong><\/p>\n<p><span id=\"docid\"><br \/>\n<\/span><span id=\"docid\"><\/span><\/p>\n<p><strong><a href=\"https:\/\/www.generationsanstabac.org\/\">\u00a9G\u00e9n\u00e9ration Sans Tabac<\/a><\/strong><\/p>\n<p style=\"text-align: right;\"><b><i>FT<\/i><\/b><\/p>\n<hr \/>\n<p style=\"text-align: justify;\"><a href=\"#_ftnref1\" name=\"_ftn1\">[1]<\/a> Coalition qu\u00e9b\u00e9coise pour le contr\u00f4le du tabac, <a href=\"https:\/\/cqct.qc.ca\/2022\/03\/22\/huitieme-budget-sans-hausse-de-la-taxe-sur-le-tabac\/\">Huiti\u00e8me budget sans hausse de la taxe sur le tabac !<\/a>, 22 mars 2022, (consult\u00e9 le 23\/03\/2022)<\/p>\n<p><span style=\"color: #999999;\"><strong><a style=\"color: #999999;\" href=\"http:\/\/www.cnct.fr\/\" target=\"_blank\" rel=\"noopener noreferrer\">Comit\u00e9 national contre le tabagisme |<\/a><\/strong><\/span><\/p>\n","protected":false},"excerpt":{"rendered":"<p>Pour la huiti\u00e8me ann\u00e9e cons\u00e9cutive, le Qu\u00e9bec renonce \u00e0 augmenter les taxes sur les produits du tabac, dans un contexte de d\u00e9ficit budg\u00e9taire et de fragilisation de son syst\u00e8me de sant\u00e9. Les organisations de sant\u00e9 publique partagent leur inqui\u00e9tude, alors que le Qu\u00e9bec aggrave son retard en mati\u00e8re de lutte contre le tabagisme. Flory Doucas, [&hellip;]<\/p>\n","protected":false},"featured_media":19603,"template":"","tags":[],"thematique":[499,491],"class_list":["post-20632","actualites","type-actualites","status-publish","has-post-thumbnail","hentry","thematique-lobby","thematique-politiques-publiques"],"acf":[],"_links":{"self":[{"href":"https:\/\/www.generationsanstabac.org\/en\/wp-json\/wp\/v2\/actualites\/20632","targetHints":{"allow":["GET"]}}],"collection":[{"href":"https:\/\/www.generationsanstabac.org\/en\/wp-json\/wp\/v2\/actualites"}],"about":[{"href":"https:\/\/www.generationsanstabac.org\/en\/wp-json\/wp\/v2\/types\/actualites"}],"version-history":[{"count":0,"href":"https:\/\/www.generationsanstabac.org\/en\/wp-json\/wp\/v2\/actualites\/20632\/revisions"}],"wp:featuredmedia":[{"embeddable":true,"href":"https:\/\/www.generationsanstabac.org\/en\/wp-json\/wp\/v2\/media\/19603"}],"wp:attachment":[{"href":"https:\/\/www.generationsanstabac.org\/en\/wp-json\/wp\/v2\/media?parent=20632"}],"wp:term":[{"taxonomy":"post_tag","embeddable":true,"href":"https:\/\/www.generationsanstabac.org\/en\/wp-json\/wp\/v2\/tags?post=20632"},{"taxonomy":"thematique","embeddable":true,"href":"https:\/\/www.generationsanstabac.org\/en\/wp-json\/wp\/v2\/thematique?post=20632"}],"curies":[{"name":"wp","href":"https:\/\/api.w.org\/{rel}","templated":true}]}}