{"id":20623,"date":"2022-03-17T14:41:37","date_gmt":"2022-03-17T13:41:37","guid":{"rendered":"https:\/\/www.generationsanstabac.org\/actualites\/alcome-pourquoi-leco-organisme-de-lutte-contre-les-megots-pose-probleme\/"},"modified":"2022-03-17T14:41:37","modified_gmt":"2022-03-17T13:41:37","slug":"alcome-pourquoi-leco-organisme-de-lutte-contre-les-megots-pose-probleme","status":"publish","type":"actualites","link":"https:\/\/www.generationsanstabac.org\/en\/actualites\/alcome-pourquoi-leco-organisme-de-lutte-contre-les-megots-pose-probleme\/","title":{"rendered":"Alcome: why the eco-organization for the fight against cigarette butts is problematic"},"content":{"rendered":"<p style=\"text-align: justify;\"><em>L\u2019\u00e9co-organisme Alcome va d\u00e9marrer un programme pilote dans six villes de France, dans un objectif d\u2019 \u00ab \u0153uvrer en faveur d\u2019une r\u00e9duction significative des m\u00e9gots mal jet\u00e9s dans l\u2019espace public \u00bb. Cependant, cette structure, \u00e9manant directement de l\u2019industrie du tabac, est une entorse \u00e0 la Convention-cadre de l\u2019Organisation mondiale de la sant\u00e9 pour la lutte antitabac (CCLAT), et propose des solutions contestables pour r\u00e9duire la pollution par les m\u00e9gots. <\/em><\/p>\n<p style=\"text-align: justify;\">Alcome a \u00e9t\u00e9 agr\u00e9\u00e9 par le minist\u00e8re de la Transition \u00e9cologique en ao\u00fbt 2021 pour mettre en place une fili\u00e8re de r\u00e9cup\u00e9ration des 23,3 milliards de m\u00e9gots jet\u00e9s sur la voie publique en France chaque ann\u00e9e. L\u2019\u00e9co-organisme est directement associ\u00e9 \u00e0 l\u2019industrie du tabac, qui compose l\u2019int\u00e9gralit\u00e9 de ses membres fondateurs : l\u2019Association des fournisseurs de tabac \u00e0 rouler (AFTF), British American Tobacco (BAT), Seita Imperial Brands, Japan Tobacco International (JTI), Philip Morris International, ainsi que la Conf\u00e9d\u00e9ration des buralistes<a href=\"#_ftn1\" name=\"_ftnref1\">[1]<\/a>. La pr\u00e9sidence d\u2019Alcome est assur\u00e9e par J\u00e9r\u00f4me Duffieux, \u00e9galement pr\u00e9sident de Traditab, une PME de production de tabac \u00e0 rouler et de tabac \u00e0 pipe et de l\u2019AFTF. Pour rappel, J\u00e9r\u00f4me Duffieux avait indiqu\u00e9 engager des poursuites contre l\u2019\u00c9tat en 2017 pour protester contre la mise en place de mesures de lutte contre le tabagisme, accus\u00e9es de d\u00e9favoriser les petits acteurs face aux multinationales de tabac<a href=\"#_ftn2\" name=\"_ftnref2\">[2]<\/a>.<\/p>\n<h2 style=\"text-align: justify;\"><strong>Alcome en contradiction avec la Convention-cadre de l\u2019OMS<\/strong><\/h2>\n<p style=\"text-align: justify;\">L\u2019association de l\u2019industrie du tabac dans un programme de lutte contre la pollution des m\u00e9gots est contraire aux engagements internationaux de la France. En effet, dans ses directives d\u2019application, la Convention-cadre recommande aux pouvoirs publics de limiter strictement les interactions entre les pouvoirs publics et les cigarettiers \u00e0 \u00ab ce qui est n\u00e9cessaire pour r\u00e9glementer efficacement l\u2019industrie du tabac et les produits du tabac \u00bb<a href=\"#_ftn3\" name=\"_ftnref3\">[3]<\/a>. De la m\u00eame mani\u00e8re, la Convention-cadre appelle les Parties \u00e0 rejeter les partenariats, ainsi que tout accord non contraignant avec l\u2019industrie du tabac. L\u2019\u00e9co-organisme Alcome se situe en dehors des interactions strictement n\u00e9cessaires, dans la mesure o\u00f9 un organisme ind\u00e9pendant aurait pu mettre en place cette fili\u00e8re, en contraignant l\u2019industrie du tabac \u00e0 une participation uniquement financi\u00e8re. Enfin, les activit\u00e9s dites de responsabilit\u00e9 sociale des entreprises (RSE) sont interdites en France pour l\u2019industrie du tabac.<\/p>\n<h2 style=\"text-align: justify;\"><strong>Une inversion de la responsabilit\u00e9<\/strong><\/h2>\n<p style=\"text-align: justify;\">\u00c0 l\u2019heure actuelle, six communes participent \u00e0 ce programme pilote, parmi lesquelles la ville de la Fert\u00e9-sous-Jouarre, celle de Rouen, ou encore celle de Grenoble<a href=\"#_ftn4\" name=\"_ftnref4\">[4]<\/a>, dont la mairie est tenue par \u00c9ric Piolle, issu d\u2019Europe-Ecologie les Verts. Si Alcome avance vouloir atteindre l\u2019objectif de r\u00e9duire de 40% le nombre de m\u00e9gots jet\u00e9s sur la voie publique, les solutions propos\u00e9es pour y parvenir ne semblent pas appropri\u00e9es. En effet, le discours d\u2019Alcome fait reposer la responsabilit\u00e9 de la pollution par les m\u00e9gots sur les seuls consommateurs, en \u00e9ludant que ces d\u00e9chets sont d\u2019abord produits par les fabricants de tabac. La responsabilit\u00e9 de l\u2019industrie du tabac dans la pollution par les m\u00e9gots est d\u2019autant plus \u00e9vidente que ces derniers sont essentiellement compos\u00e9s de filtres, quand l\u2019absence de justification sanitaire de ceux-ci a \u00e9t\u00e9 d\u00e9montr\u00e9e.<\/p>\n<h2 style=\"text-align: justify;\"><strong>Un enjeu environnemental majeur d\u00e9tourn\u00e9 en levier de communication<\/strong><\/h2>\n<p style=\"text-align: justify;\">En \u00e9vacuant la responsabilit\u00e9 de l\u2019industrie du tabac dans la pollution par les m\u00e9gots, c\u2019est la question du pollueur-payeur qui est r\u00e9fut\u00e9e dans son principe. Ainsi, pour r\u00e9soudre le probl\u00e8me des m\u00e9gots, associ\u00e9 \u00e0 une question de civisme, Alcome propose de mettre en place une mission de sensibilisation, afin d\u2019am\u00e9liorer \u00ab durablement le comportement des fumeurs \u00bb. Le d\u00e9ploiement de cette campagne sera principalement assur\u00e9 par le r\u00e9seau des buralistes. En d\u2019autres termes, l\u2019\u00e9co-organisme Alcome, \u00e9manant d\u2019un accord non-contraignant entre les fabricants et les pouvoirs publics, s\u2019apparente \u00e0 un outil de communication valorisant la responsabilit\u00e9 de l\u2019industrie du tabac, et son engagement dans la lutte contre un probl\u00e8me dont elle est \u00e0 l\u2019origine.<\/p>\n<h2 style=\"text-align: justify;\"><strong>Cendriers de rue et cendriers de poche : la fausse bonne id\u00e9e pour lutter contre les m\u00e9gots<\/strong><\/h2>\n<p style=\"text-align: justify;\">Par ailleurs, sur son site internet, Alcome affirme vouloir lutter contre la pollution des m\u00e9gots en mettant \u00e0 disposition des cendriers de rue et des cendriers de poche. Si l\u2019id\u00e9e peut spontan\u00e9ment appara\u00eetre pertinente, il est aujourd\u2019hui d\u00e9montr\u00e9 depuis plusieurs ann\u00e9es que la multiplication des cendriers, en normalisant le tabac, a tendance \u00e0 se traduire par une augmentation de la consommation tabagique, allant ainsi \u00e0 l\u2019encontre des objectifs de sant\u00e9 publique. Par ailleurs, la prolif\u00e9ration de cendriers de poche, g\u00e9n\u00e9ralement compos\u00e9s de plastique, sont susceptibles de devenir des d\u00e9chets suppl\u00e9mentaires \u00e0 leur tour. Pour lutter contre la pollution des m\u00e9gots, d\u2019autres pistes plus efficaces sont envisag\u00e9es, comme la suppression du filtre, la mise en place d\u2019espaces sans tabac, o\u00f9 la r\u00e9duction du nombre de fumeurs.<\/p>\n<p><strong>Mots cl\u00e9s : Alcome, M\u00e9gots, Filtre, Environnement, Pollueur-Payeur<br \/>\n<\/strong><\/p>\n<p><strong><a href=\"https:\/\/www.generationsanstabac.org\/\">\u00a9G\u00e9n\u00e9ration Sans Tabac<\/a><\/strong><\/p>\n<p style=\"text-align: right;\"><b><i>FT<\/i><\/b><\/p>\n<hr \/>\n<p style=\"text-align: justify;\"><a href=\"#_ftnref1\" name=\"_ftn1\">[1]<\/a> <a href=\"https:\/\/alcome.eco\/le-collectif\/\">Alcome<\/a>, (consult\u00e9 le 14\/03\/2022)<\/p>\n<p style=\"text-align: justify;\"><a href=\"#_ftnref2\" name=\"_ftn2\">[2]<\/a> BFM, <a href=\"https:\/\/www.bfmtv.com\/economie\/consommation\/le-derniere-manufacture-de-tabac-made-in-france-veut-attaquer-l-etat_AN-201703260066.html#xtor=AL-68\">La derni\u00e8re manufacture de tabac \u00ab Made in France \u00bb veut attaquer l\u2019Etat<\/a>, 26\/03\/2017, (consult\u00e9 le 14\/03\/2022)<\/p>\n<p style=\"text-align: justify;\"><a href=\"#_ftnref3\" name=\"_ftn3\">[3]<\/a> CCLAT, <a href=\"https:\/\/www.who.int\/fctc\/treaty_instruments\/article_5_3_fr.pdf*\">Directives pour l\u2019application de l\u2019article 5.3 de la Convention-cadre de l\u2019OMS pour la lutte antitabac sur la protection des politiques de sant\u00e9 publique en mati\u00e8re de lutte antitabac face aux int\u00e9r\u00eats commerciaux et autres de l\u2019industrie du tabac<\/a>, (consult\u00e9 le 14\/03\/2022)<\/p>\n<p style=\"text-align: justify;\"><a href=\"#_ftnref4\" name=\"_ftn4\">[4]<\/a> Les Echos, <a href=\"https:\/\/www.lesechos.fr\/industrie-services\/energie-environnement\/la-filiere-de-recuperation-des-megots-lance-son-programme-de-communes-pilotes-1392154\">La fili\u00e8re de r\u00e9cup\u00e9ration des m\u00e9gots lance son programme de \u00ab communes pilotes \u00bb<\/a>, 08\/03\/2022, (consult\u00e9 le 14\/03\/2022)<\/p>\n<p><span style=\"color: #999999;\"><strong><a style=\"color: #999999;\" href=\"http:\/\/www.cnct.fr\/\" target=\"_blank\" rel=\"noopener noreferrer\">Comit\u00e9 National Contre le Tabagisme |<\/a><\/strong><\/span><\/p>\n","protected":false},"excerpt":{"rendered":"<p>L\u2019\u00e9co-organisme Alcome va d\u00e9marrer un programme pilote dans six villes de France, dans un objectif d\u2019 \u00ab \u0153uvrer en faveur d\u2019une r\u00e9duction significative des m\u00e9gots mal jet\u00e9s dans l\u2019espace public \u00bb. Cependant, cette structure, \u00e9manant directement de l\u2019industrie du tabac, est une entorse \u00e0 la Convention-cadre de l\u2019Organisation mondiale de la sant\u00e9 pour la lutte [&hellip;]<\/p>\n","protected":false},"featured_media":10907,"template":"","tags":[],"thematique":[480,499],"class_list":["post-20623","actualites","type-actualites","status-publish","has-post-thumbnail","hentry","thematique-environnement","thematique-lobby"],"acf":[],"_links":{"self":[{"href":"https:\/\/www.generationsanstabac.org\/en\/wp-json\/wp\/v2\/actualites\/20623","targetHints":{"allow":["GET"]}}],"collection":[{"href":"https:\/\/www.generationsanstabac.org\/en\/wp-json\/wp\/v2\/actualites"}],"about":[{"href":"https:\/\/www.generationsanstabac.org\/en\/wp-json\/wp\/v2\/types\/actualites"}],"version-history":[{"count":0,"href":"https:\/\/www.generationsanstabac.org\/en\/wp-json\/wp\/v2\/actualites\/20623\/revisions"}],"wp:featuredmedia":[{"embeddable":true,"href":"https:\/\/www.generationsanstabac.org\/en\/wp-json\/wp\/v2\/media\/10907"}],"wp:attachment":[{"href":"https:\/\/www.generationsanstabac.org\/en\/wp-json\/wp\/v2\/media?parent=20623"}],"wp:term":[{"taxonomy":"post_tag","embeddable":true,"href":"https:\/\/www.generationsanstabac.org\/en\/wp-json\/wp\/v2\/tags?post=20623"},{"taxonomy":"thematique","embeddable":true,"href":"https:\/\/www.generationsanstabac.org\/en\/wp-json\/wp\/v2\/thematique?post=20623"}],"curies":[{"name":"wp","href":"https:\/\/api.w.org\/{rel}","templated":true}]}}