{"id":20614,"date":"2022-03-04T15:51:15","date_gmt":"2022-03-04T14:51:15","guid":{"rendered":"https:\/\/www.generationsanstabac.org\/actualites\/tabagisme-serait-source-solitude-isolement-social\/"},"modified":"2022-03-04T15:51:15","modified_gmt":"2022-03-04T14:51:15","slug":"tabagisme-serait-source-solitude-isolement-social","status":"publish","type":"actualites","link":"https:\/\/www.generationsanstabac.org\/en\/actualites\/tabagisme-serait-source-solitude-isolement-social\/","title":{"rendered":"Smoking may cause loneliness and social isolation"},"content":{"rendered":"<p style=\"text-align: justify;\"><em>Les fumeurs \u00e2g\u00e9s seraient plus souvent seuls, auraient moins d\u2019interactions sociales et auraient moins d\u2019activit\u00e9s culturelles et sociales que les non-fumeurs, r\u00e9v\u00e8le une \u00e9tude anglaise. Des r\u00e9sultats qui infirment l\u2019image de convivialit\u00e9 du tabagisme longtemps entretenue par l\u2019industrie du tabac. <\/em><\/p>\n<p style=\"text-align: justify;\">Diff\u00e9rentes \u00e9tudes avaient d\u00e9j\u00e0 point\u00e9 que la solitude et l\u2019isolement social pouvaient \u00eatre des facteurs renfor\u00e7ant le tabagisme. Une \u00e9tude anglaise montre aujourd\u2019hui que ce lien peut \u00eatre bidirectionnel et que le tabagisme peut accentuer, au moins chez les plus de 50 ans, la solitude et l\u2019isolement social.<\/p>\n<h2 style=\"text-align: justify;\"><strong>Des interactions sociales moins nombreuses <\/strong><\/h2>\n<p style=\"text-align: justify;\">L\u2019\u00e9quipe de chercheurs anglais s\u2019est appuy\u00e9e sur une \u00e9tude longitudinale sur les effets de l\u2019\u00e2ge s\u2019\u00e9tendant sur douze ann\u00e9es et ponctu\u00e9e par quatre moments de collecte de  donn\u00e9es, \u00e0 4, 8 et 12 ans apr\u00e8s le lancement de l\u2019\u00e9tude<a href=\"#_ftn1\" name=\"_ftnref1\">[1]<\/a>. Des donn\u00e9es concernant l\u2019\u00e9tat de sant\u00e9, mais aussi la vie sociale des participants et leur statut tabagique ont pu \u00eatre relev\u00e9es et crois\u00e9es, sur une base de 8780 personnes \u00e2g\u00e9es de 50 ans et plus.<\/p>\n<p style=\"text-align: justify;\">En accord avec d\u2019autres \u00e9tudes, les r\u00e9sultats ont indiqu\u00e9 que les fumeurs \u00e9taient d\u2019un niveau d\u2019\u00e9ducation moins \u00e9lev\u00e9 que les non-fumeurs, qu\u2019ils disposaient de revenus moins importants, \u00e9taient plus souvent sans emploi et plus souvent d\u00e9pressifs. L\u2019\u00e9tude longitudinale a cependant montr\u00e9 qu\u2019ils auraient aussi moins d\u2019interactions sociales, seraient moins fr\u00e9quemment engag\u00e9s dans des activit\u00e9s communautaires ou culturelles et qu\u2019ils vivraient plus fr\u00e9quemment seuls, autant de signes de solitude et d\u2019isolement social. Les contacts sociaux des fumeurs paraissent se r\u00e9duire au fil du temps, la tranche d\u2019\u00e2ge des 52-65 ans \u00e9tant la plus concern\u00e9e. Les hommes fumeurs seraient plus souvent isol\u00e9s que les femmes, mais le tabagisme ne semble pas avoir d\u2019influence sur l\u2019\u00e9volution de la structure du L\u2019\u00e9tude n\u2019a pas retrouv\u00e9 les notions de convivialit\u00e9 et de facilitateur social qu\u2019ont longtemps mises en avant les publicit\u00e9s pour le tabac.<\/p>\n<h2 style=\"text-align: justify;\"><strong>Le tabagisme accentuerait l\u2019isolement social<\/strong><\/h2>\n<p style=\"text-align: justify;\">L\u2019\u00e9tude \u00e9tant observationnelle, elle ne permet pas d\u2019identifier les raisons de ce ph\u00e9nom\u00e8ne. Plusieurs hypoth\u00e8ses sont n\u00e9anmoins avanc\u00e9es pour l\u2019expliquer.<\/p>\n<p style=\"text-align: justify;\">Le contexte britannique, o\u00f9 des mesures antitabac fortes ont \u00e9t\u00e9 prises d\u00e8s les ann\u00e9es 1990, o\u00f9 la pr\u00e9valence tabagique a fortement chut\u00e9 et o\u00f9 le regard social a d\u00e9normalis\u00e9 le tabagisme, expliquerait en partie cet isolement. Les fumeurs vieillissants seraient ainsi plus sensibles \u00e0 une moindre acceptation sociale du tabagisme. La d\u00e9gradation de l\u2019\u00e9tat de sant\u00e9 des fumeurs \u00e2g\u00e9s pourrait \u00eatre un facteur d\u2019isolement, nettement moins pr\u00e9sent chez les fumeurs plus jeunes. Les d\u00e9c\u00e8s des amis fumeurs pourraient restreindre le r\u00e9seau de connaissances. Ce serait ainsi en vieillissant que les fumeurs s\u2019isolent socialement. Les fumeurs mari\u00e9s auraient en revanche tendance \u00e0 davantage cesser leur tabagisme.<\/p>\n<h2 style=\"text-align: justify;\"><strong>Des interactions \u00e0 double sens entre tabagisme et solitude <\/strong><\/h2>\n<p style=\"text-align: justify;\">Le tabagisme ne serait ainsi pas qu\u2019une cons\u00e9quence, mais aussi une cause de d\u00e9t\u00e9rioration de la qualit\u00e9 de vie psychologique et sociale des fumeurs les plus \u00e2g\u00e9s. Le caract\u00e8re bidirectionnel de cette causalit\u00e9 alimente un cercle vicieux o\u00f9 le tabagisme entretient un isolement qu\u2019il aurait favoris\u00e9. En l\u2019\u00e9tat des connaissances, ce processus ne saurait \u00eatre trop rapidement extrapol\u00e9 \u00e0 d\u2019autres pays ou \u00e0 d\u2019autres tranches d\u2019\u00e2ges, bien que des \u00e9tudes aient d\u00e9j\u00e0 soulign\u00e9s les cons\u00e9quences psychologiques du tabagisme et de la nicotine chez les jeunes fumeurs et vapoteurs<a href=\"#_ftn2\" name=\"_ftnref2\">[2]<\/a>. La pr\u00e9sente \u00e9tude entend n\u00e9anmoins souligner les liens complexes qui unissent facteurs et cons\u00e9quences psychosociales de la consommation de tabac.<\/p>\n<p style=\"text-align: justify;\"><strong>Mots-cl\u00e9s : solitude, isolement, psychosocial, \u00e2ge<\/strong><\/p>\n<p style=\"text-align: justify;\"><strong><a href=\"https:\/\/www.generationsanstabac.org\/\">\u00a9G\u00e9n\u00e9ration Sans Tabac<\/a><\/strong><\/p>\n<p style=\"text-align: right;\"><b><i>MF<\/i><\/b><\/p>\n<hr \/>\n<p><a href=\"#_ftnref1\" name=\"_ftn1\">[1]<\/a> Philip K, Feifei Bu F, Michael I Polkey M, Jamie Brown J, Andrew Steptoe A, Nicholas S Hopkinson N, <a href=\"https:\/\/www.thelancet.com\/journals\/lanepe\/article\/PIIS2666-7762(21)00288-X\/fulltext\"><em>Relationship of smoking with current and future social isolation and loneliness: 12-year follow-up of older adults in England<\/em><\/a>, The Lancet Regional Health Europe, Vol. 14, 100302, March 01, 2022.<\/p>\n<p><a href=\"#_ftnref2\" name=\"_ftn2\">[2]<\/a> <a href=\"https:\/\/www.generationsanstabac.org\/article\/nicotine-et-sante-mentale\/\"><em>Nicotine et sant\u00e9 mentale<\/em><\/a>, G\u00e9n\u00e9ration Sans Tabac, publi\u00e9 le 2 d\u00e9cembre 2022, consult\u00e9 le 3 mars 2022.<\/p>\n<p><span style=\"color: #999999;\"><strong><a style=\"color: #999999;\" href=\"http:\/\/www.cnct.fr\/\" target=\"_blank\" rel=\"noopener noreferrer\">Comit\u00e9 National Contre le Tabagisme |<\/a><\/strong><\/span><\/p>\n","protected":false},"excerpt":{"rendered":"<p>Les fumeurs \u00e2g\u00e9s seraient plus souvent seuls, auraient moins d\u2019interactions sociales et auraient moins d\u2019activit\u00e9s culturelles et sociales que les non-fumeurs, r\u00e9v\u00e8le une \u00e9tude anglaise. Des r\u00e9sultats qui infirment l\u2019image de convivialit\u00e9 du tabagisme longtemps entretenue par l\u2019industrie du tabac. Diff\u00e9rentes \u00e9tudes avaient d\u00e9j\u00e0 point\u00e9 que la solitude et l\u2019isolement social pouvaient \u00eatre des facteurs [&hellip;]<\/p>\n","protected":false},"featured_media":10896,"template":"","tags":[],"thematique":[474],"class_list":["post-20614","actualites","type-actualites","status-publish","has-post-thumbnail","hentry","thematique-sante"],"acf":[],"_links":{"self":[{"href":"https:\/\/www.generationsanstabac.org\/en\/wp-json\/wp\/v2\/actualites\/20614","targetHints":{"allow":["GET"]}}],"collection":[{"href":"https:\/\/www.generationsanstabac.org\/en\/wp-json\/wp\/v2\/actualites"}],"about":[{"href":"https:\/\/www.generationsanstabac.org\/en\/wp-json\/wp\/v2\/types\/actualites"}],"version-history":[{"count":0,"href":"https:\/\/www.generationsanstabac.org\/en\/wp-json\/wp\/v2\/actualites\/20614\/revisions"}],"wp:featuredmedia":[{"embeddable":true,"href":"https:\/\/www.generationsanstabac.org\/en\/wp-json\/wp\/v2\/media\/10896"}],"wp:attachment":[{"href":"https:\/\/www.generationsanstabac.org\/en\/wp-json\/wp\/v2\/media?parent=20614"}],"wp:term":[{"taxonomy":"post_tag","embeddable":true,"href":"https:\/\/www.generationsanstabac.org\/en\/wp-json\/wp\/v2\/tags?post=20614"},{"taxonomy":"thematique","embeddable":true,"href":"https:\/\/www.generationsanstabac.org\/en\/wp-json\/wp\/v2\/thematique?post=20614"}],"curies":[{"name":"wp","href":"https:\/\/api.w.org\/{rel}","templated":true}]}}