{"id":20602,"date":"2022-02-18T16:00:52","date_gmt":"2022-02-18T15:00:52","guid":{"rendered":"https:\/\/www.generationsanstabac.org\/actualites\/parlement-europeen-engage-generation-sans-tabac-2040\/"},"modified":"2022-02-18T16:00:52","modified_gmt":"2022-02-18T15:00:52","slug":"parlement-europeen-engage-generation-sans-tabac-2040","status":"publish","type":"actualites","link":"https:\/\/www.generationsanstabac.org\/en\/actualites\/parlement-europeen-engage-generation-sans-tabac-2040\/","title":{"rendered":"European Parliament commits to a tobacco-free generation in Europe by 2040"},"content":{"rendered":"<p style=\"text-align: justify;\"><em>Ce mercredi 16 f\u00e9vrier 2022, le Parlement europ\u00e9en a adopt\u00e9 en s\u00e9ance pl\u00e9ni\u00e8re un rapport visant \u00e0 \u00ab <\/em><a href=\"https:\/\/www.europarl.europa.eu\/doceo\/document\/TA-9-2022-0038_FR.pdf\"><em>renforcer l\u2019Europe dans la lutte contre le cancer<\/em><em> <\/em><\/a><em>\u00bb<a href=\"#_ftn1\" name=\"_ftnref1\"><strong>[1]<\/strong><\/a>. Il a \u00e9t\u00e9 \u00e9labor\u00e9 \u00e0 l\u2019initiative de la commission sp\u00e9ciale du Parlement sur la lutte contre le cancer (BECA) et fait suite au \u00ab Plan europ\u00e9en pour vaincre le cancer \u00bb publi\u00e9 par la Commission europ\u00e9enne en f\u00e9vrier 2021<a href=\"#_ftn2\" name=\"_ftnref2\"><strong>[2]<\/strong><\/a>&#8211;<a href=\"#_ftn3\" name=\"_ftnref3\"><strong>[3]<\/strong><\/a>.<\/em><\/p>\n<p style=\"text-align: justify;\">Le rapport d\u00e9taille les diverses recommandations du Parlement pour renforcer le r\u00f4le de l\u2019Union europ\u00e9enne dans la lutte contre le cancer, notamment en ce qui concerne les produits du tabac et de la nicotine.<\/p>\n<h2 style=\"text-align: justify;\"><strong>Une g\u00e9n\u00e9ration sans tabac en Europe d\u2019ici 2040<\/strong><\/h2>\n<p style=\"text-align: justify;\">Le rapport indique que 4 cancers sur 10 dans la r\u00e9gion r\u00e9sultent de l&rsquo;exposition \u00e0 des facteurs de risque li\u00e9s \u00e0 des modes de vie et comportements, comme la consommation de tabac, et pourraient donc \u00eatre \u00e9vit\u00e9s. Le tabagisme est de loin la principale cause \u00e9vitable de cancer dans l&rsquo;Union Europ\u00e9enne. Il est \u00e0 l\u2019origine de 15 \u00e0 20 % des cas de cancer et constitue le principal facteur de risque de d\u00e9c\u00e8s d\u00fb au cancer sur le continent (27 % des d\u00e9c\u00e8s soit 700 000 d\u00e9c\u00e8s par cancer par an).<\/p>\n<p style=\"text-align: justify;\">Le parlement r\u00e9affirme ainsi son soutien \u00e0 parvenir \u00e0 une g\u00e9n\u00e9ration sans tabac qui vise \u00e0 ce que moins de 5 % de la population soit consommatrice de tabac d\u2019ici \u00e0 2040 sur le continent, contre 25 % aujourd\u2019hui.<\/p>\n<h2 style=\"text-align: justify;\"><strong>Vigilance autour des ar\u00f4mes des nouveaux produits du tabac et de la nicotine<\/strong><\/h2>\n<p style=\"text-align: justify;\">Les parlementaires appellent \u00e0 redoubler de vigilance concernant les nouveaux produits du tabac et de la nicotine. Ils alertent notamment sur les ar\u00f4mes susceptibles d\u2019attirer les jeunes et des non-fumeurs. Ils invitent la Commission \u00e0 \u00e9valuer, dans le cadre de la directive sur les produits du tabac, quels ar\u00f4mes des cigarettes \u00e9lectroniques sont particuli\u00e8rement attrayants et \u00e0 proposer une interdiction de ces ar\u00f4mes. De m\u00eame cette vigilance \u00e0 l\u2019\u00e9gard des ar\u00f4mes concerne les produits du tabac chauff\u00e9 avec la recommandation d\u2019une m\u00eame interdiction pour tous les aromes attractifs.<\/p>\n<p style=\"text-align: justify;\">L\u2019\u00e9valuation des risques engendr\u00e9s par l\u2019utilisation des produits du tabac chauff\u00e9 et du vapotage par rapport \u00e0 la consommation d\u2019autres produits du tabac doit \u00e9galement \u00eatre poursuivie. Une liste des substances que ces produits contiennent et \u00e9mettent devrait \u00eatre \u00e9tablie.<\/p>\n<h2 style=\"text-align: justify;\"><strong>Harmonisation fiscale \u00e0 la hausse des produits du tabac<\/strong><\/h2>\n<p style=\"text-align: justify;\">Le parlement invite la Commission \u00e0 agir sur la fiscalit\u00e9 du tabac en augmentant les accises minimales pour tous les produits du tabac \u2013y compris le tabac chauff\u00e9-. Ces hausses devraient conduire \u00e0 augmenter le prix final de ces produits sur le march\u00e9. Les parlementaires appellent \u00e9galement \u00e0 une convergence vers le haut en mati\u00e8re de fiscalit\u00e9. La hausse des taxes sur le tabac est la mesure la plus efficace pour r\u00e9duire le tabagisme. Des augmentations significatives et r\u00e9p\u00e9t\u00e9es des taxes sur le tabac induisent une diminution de la consommation et des arr\u00eats parmi les fumeurs et dissuadent l\u2019entr\u00e9e dans le tabagisme des jeunes.<\/p>\n<h2 style=\"text-align: justify;\"><strong>Une mise en \u0153uvre rapide et compl\u00e8te de la Convention-Cadre et son article 5.3<\/strong><\/h2>\n<p style=\"text-align: justify;\">Le parlement rappelle l\u2019importance de la Convention-Cadre de l\u2019OMS et de ses directives d\u2019application, en particulier son article 5.3 qui joue un r\u00f4le important dans la protection des politiques publiques \u00e0 l\u2019\u00e9gard du lobby de l\u2019industrie du tabac. Il r\u00e9clame la mise en \u0153uvre rapide et compl\u00e8te de ce trait\u00e9, ainsi que celle du Protocole pour lutter contre le commerce illicite des produits du tabac. Il demande avec force \u00e0 la Commission europ\u00e9enne de mettre en application des r\u00e8gles de conduite sp\u00e9cifiques pour tous les fonctionnaires et autres agents pour toute relation avec l\u2019industrie du tabac, et ce, conform\u00e9ment \u00e0 la d\u00e9cision du M\u00e9diateur europ\u00e9en dans l\u2019affaire 852\/2014\/LP.<\/p>\n<p style=\"text-align: justify;\"><strong>Mots-cl\u00e9s : Parlement, Union Europ\u00e9enne, G\u00e9n\u00e9ration sans tabac, 2040, Cancer<\/strong><\/p>\n<p><strong><a href=\"https:\/\/www.generationsanstabac.org\/\">\u00a9G\u00e9n\u00e9ration Sans Tabac<\/a><\/strong><\/p>\n<p style=\"text-align: right;\"><b><i>AE<\/i><\/b><\/p>\n<hr \/>\n<p><a href=\"#_ftnref1\" name=\"_ftn1\">[1]<\/a> Parlement europ\u00e9en, <a href=\"https:\/\/www.europarl.europa.eu\/doceo\/document\/TA-9-2022-0038_FR.pdf\">Renforcer l\u2019Europe dans la lutte contre le cancer<\/a> &#8211; R\u00e9solution du Parlement europ\u00e9en du 16 f\u00e9vrier 2022 sur le renforcement de l\u2019Europe dans la lutte contre le cancer \u2013 vers une strat\u00e9gie globale et coordonn\u00e9e (2020\/2267(INI))<\/p>\n<p><a href=\"#_ftnref2\" name=\"_ftn2\">[2]<\/a> Communication from the Commission to the European Parliament and the Council, <a href=\"https:\/\/ec.europa.eu\/health\/sites\/health\/files\/non_communicable_diseases\/docs\/eu_cancer-plan_en.pdf\">Europe\u2019s Beating Cancer Plan<\/a>, European Commission, Bruxelles, 3 f\u00e9vrier 2021, consult\u00e9 le 18 f\u00e9vrier 2021<\/p>\n<p><a href=\"#_ftnref3\" name=\"_ftn3\">[3]<\/a> G\u00e9n\u00e9ration sans tabac, <a href=\"https:\/\/www.generationsanstabac.org\/actualites\/plan-cancer-europeen-la-commission-pour-une-europe-sans-tabac-dici-2040\/\">Plan cancer europ\u00e9en : la Commission pour une Europe sans tabac d\u2019ici 2040<\/a>, 4 f\u00e9vrier 2021, consult\u00e9 le 18 f\u00e9vrier 2022<\/p>\n<p><span style=\"color: #999999;\"><strong><a style=\"color: #999999;\" href=\"http:\/\/www.cnct.fr\/\" target=\"_blank\" rel=\"noopener noreferrer\">Comit\u00e9 National Contre le Tabagisme |<\/a><\/strong><\/span><\/p>\n","protected":false},"excerpt":{"rendered":"<p>Ce mercredi 16 f\u00e9vrier 2022, le Parlement europ\u00e9en a adopt\u00e9 en s\u00e9ance pl\u00e9ni\u00e8re un rapport visant \u00e0 \u00ab renforcer l\u2019Europe dans la lutte contre le cancer \u00bb[1]. Il a \u00e9t\u00e9 \u00e9labor\u00e9 \u00e0 l\u2019initiative de la commission sp\u00e9ciale du Parlement sur la lutte contre le cancer (BECA) et fait suite au \u00ab Plan europ\u00e9en pour vaincre [&hellip;]<\/p>\n","protected":false},"featured_media":10878,"template":"","tags":[],"thematique":[491,474],"class_list":["post-20602","actualites","type-actualites","status-publish","has-post-thumbnail","hentry","thematique-politiques-publiques","thematique-sante"],"acf":[],"_links":{"self":[{"href":"https:\/\/www.generationsanstabac.org\/en\/wp-json\/wp\/v2\/actualites\/20602","targetHints":{"allow":["GET"]}}],"collection":[{"href":"https:\/\/www.generationsanstabac.org\/en\/wp-json\/wp\/v2\/actualites"}],"about":[{"href":"https:\/\/www.generationsanstabac.org\/en\/wp-json\/wp\/v2\/types\/actualites"}],"version-history":[{"count":0,"href":"https:\/\/www.generationsanstabac.org\/en\/wp-json\/wp\/v2\/actualites\/20602\/revisions"}],"wp:featuredmedia":[{"embeddable":true,"href":"https:\/\/www.generationsanstabac.org\/en\/wp-json\/wp\/v2\/media\/10878"}],"wp:attachment":[{"href":"https:\/\/www.generationsanstabac.org\/en\/wp-json\/wp\/v2\/media?parent=20602"}],"wp:term":[{"taxonomy":"post_tag","embeddable":true,"href":"https:\/\/www.generationsanstabac.org\/en\/wp-json\/wp\/v2\/tags?post=20602"},{"taxonomy":"thematique","embeddable":true,"href":"https:\/\/www.generationsanstabac.org\/en\/wp-json\/wp\/v2\/thematique?post=20602"}],"curies":[{"name":"wp","href":"https:\/\/api.w.org\/{rel}","templated":true}]}}