{"id":20594,"date":"2022-02-15T08:58:13","date_gmt":"2022-02-15T07:58:13","guid":{"rendered":"https:\/\/www.generationsanstabac.org\/actualites\/interdiction-de-la-publicite-les-suisses-disent-oui\/"},"modified":"2022-02-15T08:58:13","modified_gmt":"2022-02-15T07:58:13","slug":"interdiction-de-la-publicite-les-suisses-disent-oui","status":"publish","type":"actualites","link":"https:\/\/www.generationsanstabac.org\/en\/actualites\/interdiction-de-la-publicite-les-suisses-disent-oui\/","title":{"rendered":"Advertising ban: the Swiss say \u201cyes\u201d"},"content":{"rendered":"<p style=\"text-align: justify;\"><em>Le 13 f\u00e9vrier, les Suisses ont \u00e9t\u00e9 amen\u00e9s \u00e0 se prononcer sur une initiative populaire proposant d\u2019interdire \u00ab toute forme de publicit\u00e9 qui atteint les enfants et les jeunes \u00bb. A 57%, et \u00e0 la majorit\u00e9 des cantons, et malgr\u00e9 une forte opposition de l\u2019industrie du tabac, les Suisses se sont prononc\u00e9s en faveur de la mesure de sant\u00e9 publique. Ce vote marque une nette victoire de la lutte contre le tabagisme dans un pays particuli\u00e8rement perm\u00e9able \u00e0 l\u2019influence des cigarettiers.<\/em><\/p>\n<p style=\"text-align: justify;\"><a href=\"https:\/\/www.enfantssanstabac.ch\/media\/files\/2021\/12\/Enfants-sans-tabac_initiative_FR.pdf\">L\u2019initiative populaire \u00ab Oui \u00e0 la protection des enfants et des jeunes contre la publicit\u00e9 pour le tabac \u00bb<\/a>, soutenue par plusieurs organisations de sant\u00e9 publique suisses, visait \u00e0 une forte restriction de la publicit\u00e9 en faveur du tabac et des produits de la nicotine. Le vote favorable \u00e0 l\u2019initiative modifie la constitution suisse avec l\u2019inscription d\u2019un article qui oblige la Conf\u00e9d\u00e9ration helv\u00e9tique \u00e0 se munir d\u2019une loi qui \u00ab interdit notamment, pour les produits du tabac, toute forme de publicit\u00e9 qui atteint les enfants et les jeunes. \u00bb Les jeunes sont compris comme le groupe d\u2019\u00e2ge de 16 \u00e0 25 ans. L\u2019Assembl\u00e9e f\u00e9d\u00e9rale dispose de trois ans pour adopter les dispositions l\u00e9gislatives mettant en \u0153uvre ce nouvel article.<\/p>\n<h2 style=\"text-align: justify;\"><strong>L\u2019interdiction de la publicit\u00e9 marque un \u00ab changement de paradigme \u00bb<\/strong><\/h2>\n<p style=\"text-align: justify;\">Avec 57% des Suisses en faveur de l\u2019interdiction de publicit\u00e9, le vote d\u00e9note un net soutien populaire aux politiques de lutte contre le tabagisme. Ce score doit par ailleurs \u00eatre analys\u00e9 au regard de <a href=\"https:\/\/www.generationsanstabac.org\/actualites\/suisse-bras-de-fer-sur-linterdiction-de-publicite-pour-le-tabac-a-destination-des-mineurs\/\">la forte campagne d\u2019opposition de la part de l\u2019industrie du tabac<\/a>. Les fabricants, relay\u00e9s par les d\u00e9cideurs politiques associ\u00e9s aux milieux \u00e9conomiques, ont \u00e0 plusieurs reprises exprim\u00e9 leur m\u00e9contentement, et fait savoir qu\u2019une telle mesure engendrerait des effets \u00e9conomiques et sociaux n\u00e9gatifs. En r\u00e9alit\u00e9, plusieurs recherches entreprises sur le sujet ont montr\u00e9 que l\u2019interdiction de publicit\u00e9 en faveur du tabac se traduirait par <a href=\"https:\/\/www.generationsanstabac.org\/actualites\/restriction-sur-la-publicite-du-tabac-quelles-consequences-pour-la-suisse\/\">des cons\u00e9quences \u00e9conomiques positives, notamment sur l\u2019emploi<\/a>. Selon Pascal Diethelm, pr\u00e9sident d\u2019Oxysuisse et vice-pr\u00e9sident en France du Comit\u00e9 national contre le tabagisme (CNCT), les r\u00e9sultats du vote d\u00e9montrent <em>\u00ab un changement de paradigme pour les autorit\u00e9s f\u00e9d\u00e9rales, qui acceptent depuis trop longtemps que la politique de pr\u00e9vention sanitaire soit mise sous la tutelle des grandes entreprises \u00bb. <\/em><\/p>\n<h2 style=\"text-align: justify;\"><strong>Une victoire de la sant\u00e9 publique dans un pays fortement influenc\u00e9 par l\u2019industrie du tabac<\/strong><\/h2>\n<p style=\"text-align: justify;\">Cette quasi-totale interdiction de publicit\u00e9 constitue une avanc\u00e9e majeure dans la lutte contre le tabagisme en Suisse. Le pays, qui demeure \u00e0 ce jour l\u2019un des derniers pays \u00e0 ne pas avoir ratifi\u00e9 la Convention-cadre de l\u2019Organisation mondiale de la sant\u00e9 pour la lutte antitabac (CCLAT), est aujourd\u2019hui consid\u00e9r\u00e9 comme <a href=\"https:\/\/www.generationsanstabac.org\/actualites\/la-suisse-place-forte-de-linfluence-des-cigarettiers-en-europe\/\">la place forte de l\u2019industrie du tabac<\/a> dans le monde. L\u2019industrie du tabac conserve par ailleurs une tr\u00e8s forte influence aupr\u00e8s des d\u00e9cideurs publics, ce qui explique en grande partie le retard pris par la Suisse dans la mise en place de r\u00e9glementations de sant\u00e9 publique. Ainsi, les pouvoirs publics helv\u00e8tes n\u2019ont par exemple pas vot\u00e9 d\u2019augmentation de la fiscalit\u00e9 sur les produits du tabac depuis 2013. Pourtant, comme le gouvernement helv\u00e9tique l\u2019a rappel\u00e9 dans ses messages relatifs \u00e0 l\u2019initiative (tout en s\u2019y opposant) le tabagisme est un enjeu de sant\u00e9 publique majeur en Suisse: cause de la mort pr\u00e9matur\u00e9e de 9500 personnes chaque ann\u00e9e, le tabagisme est responsable de pr\u00e8s de 15 % des d\u00e9c\u00e8s et repr\u00e9sente ainsi la premi\u00e8re cause \u00e9vitable de d\u00e9c\u00e8s dans ce pays.<\/p>\n<p><strong>Mots cl\u00e9s : Suisse, Publicit\u00e9<br \/>\n<\/strong><\/p>\n<p><strong><a href=\"https:\/\/www.generationsanstabac.org\/\">\u00a9G\u00e9n\u00e9ration Sans Tabac<\/a><\/strong><\/p>\n<p style=\"text-align: right;\"><b><i>FT &amp; PD<br \/>\n<\/i><\/b><\/p>\n<hr \/>\n<p style=\"text-align: justify;\"><a href=\"#_ftnref1\" name=\"_ftn1\">[1]<\/a> Le Monde, <a href=\"https:\/\/www.lemonde.fr\/international\/article\/2022\/02\/13\/la-suisse-vote-en-faveur-de-l-interdiction-de-la-publicite-pour-le-tabac-accessible-aux-jeunes_6113503_3210.html\">La Suisse vote en faveur de l\u2019interdiction de la publicit\u00e9 pour le tabac accessible aux jeunes<\/a>, 13\/02\/2021, (consult\u00e9 le 14\/02\/2021)<\/p>\n<p style=\"text-align: justify;\"><span style=\"color: #999999;\"><strong><a style=\"color: #999999;\" href=\"http:\/\/www.cnct.fr\/\" target=\"_blank\" rel=\"noopener noreferrer\">Comit\u00e9 National Contre le Tabagisme |<\/a><\/strong><\/span><\/p>\n","protected":false},"excerpt":{"rendered":"<p>Le 13 f\u00e9vrier, les Suisses ont \u00e9t\u00e9 amen\u00e9s \u00e0 se prononcer sur une initiative populaire proposant d\u2019interdire \u00ab toute forme de publicit\u00e9 qui atteint les enfants et les jeunes \u00bb. A 57%, et \u00e0 la majorit\u00e9 des cantons, et malgr\u00e9 une forte opposition de l\u2019industrie du tabac, les Suisses se sont prononc\u00e9s en faveur de [&hellip;]<\/p>\n","protected":false},"featured_media":10868,"template":"","tags":[],"thematique":[507,491],"class_list":["post-20594","actualites","type-actualites","status-publish","has-post-thumbnail","hentry","thematique-marketing-publicite","thematique-politiques-publiques"],"acf":[],"_links":{"self":[{"href":"https:\/\/www.generationsanstabac.org\/en\/wp-json\/wp\/v2\/actualites\/20594","targetHints":{"allow":["GET"]}}],"collection":[{"href":"https:\/\/www.generationsanstabac.org\/en\/wp-json\/wp\/v2\/actualites"}],"about":[{"href":"https:\/\/www.generationsanstabac.org\/en\/wp-json\/wp\/v2\/types\/actualites"}],"version-history":[{"count":0,"href":"https:\/\/www.generationsanstabac.org\/en\/wp-json\/wp\/v2\/actualites\/20594\/revisions"}],"wp:featuredmedia":[{"embeddable":true,"href":"https:\/\/www.generationsanstabac.org\/en\/wp-json\/wp\/v2\/media\/10868"}],"wp:attachment":[{"href":"https:\/\/www.generationsanstabac.org\/en\/wp-json\/wp\/v2\/media?parent=20594"}],"wp:term":[{"taxonomy":"post_tag","embeddable":true,"href":"https:\/\/www.generationsanstabac.org\/en\/wp-json\/wp\/v2\/tags?post=20594"},{"taxonomy":"thematique","embeddable":true,"href":"https:\/\/www.generationsanstabac.org\/en\/wp-json\/wp\/v2\/thematique?post=20594"}],"curies":[{"name":"wp","href":"https:\/\/api.w.org\/{rel}","templated":true}]}}