{"id":20582,"date":"2022-02-04T12:32:11","date_gmt":"2022-02-04T11:32:11","guid":{"rendered":"https:\/\/www.generationsanstabac.org\/actualites\/journee-mondiale-contre-cancer-tabac-premier-facteur-risque-evitable\/"},"modified":"2022-02-04T12:32:11","modified_gmt":"2022-02-04T11:32:11","slug":"journee-mondiale-contre-cancer-tabac-premier-facteur-risque-evitable","status":"publish","type":"actualites","link":"https:\/\/www.generationsanstabac.org\/en\/actualites\/journee-mondiale-contre-cancer-tabac-premier-facteur-risque-evitable\/","title":{"rendered":"World Cancer Day: Tobacco, the leading preventable risk factor"},"content":{"rendered":"<p style=\"text-align: justify;\"><em>Le 4 f\u00e9vrier marque la journ\u00e9e mondiale contre le cancer et avec pr\u00e8s de 400 000 nouveaux cas et plus de 157 000 d\u00e9c\u00e8s chaque ann\u00e9e en France, les cancers repr\u00e9sentent la premi\u00e8re cause de d\u00e9c\u00e8s chez l\u2019homme et la deuxi\u00e8me chez la femme<a href=\"#_ftn1\" name=\"_ftnref1\"><strong>[1]<\/strong><\/a>. Chaque ann\u00e9e en France, le tabac est responsable de 75 000 d\u00e9c\u00e8s pr\u00e9matur\u00e9s, dont 45 000 par cancer. Il constitue<\/em> <em>ainsi le facteur de risque \u00e9vitable de cancer le plus important. <\/em><\/p>\n<p style=\"text-align: justify;\">Au cours des derni\u00e8res ann\u00e9es, l\u2019efficacit\u00e9 des soins contre le cancer s\u2019est am\u00e9lior\u00e9e et les taux de survie g\u00e9n\u00e9raux face au cancer ont sensiblement progress\u00e9. Cependant, l\u2019incidence croissante des cas de cancer et des d\u00e9c\u00e8s reste une pr\u00e9occupation majeure.<\/p>\n<h2 style=\"text-align: justify;\"><strong>Le fardeau du tabagisme sur l\u2019incidence et la mortalit\u00e9 li\u00e9es aux cancers en France<\/strong><\/h2>\n<p style=\"text-align: justify;\">Selon l\u2019INCA, 40% des cancers diagnostiqu\u00e9s en France restent \u00e9vitables. A lui seul, le tabac est \u00e0 l&rsquo;origine de 19,8 % des cancers et il est responsable de 68 000 nouveaux cas de cancers et de 45 000 d\u00e9c\u00e8s chez les adultes \u00e2g\u00e9s de 30 ans et plus chaque ann\u00e9e<a href=\"#_ftn2\" name=\"_ftnref2\">[2]<\/a>.<\/p>\n<p style=\"text-align: justify;\">La consommation de tabac est mise en cause dans 17 types de cancer et elle est le principal facteur de risque de d\u00e9velopper un cancer du poumon, de la trach\u00e9e, des bronches, de la bouche, du c\u00f4lon et de la vessie.  Le tabac est \u00e9galement responsable des nombreux autres cancers (\u0153sophage, estomac, colon, foie, pancr\u00e9as, col de l&rsquo;ut\u00e9rus, etc.).<\/p>\n<p style=\"text-align: justify;\">La part des cancers du poumon attribuable au tabac est estim\u00e9e \u00e0 80-85 % de la totalit\u00e9 de ces cancers et le tabagisme multiplie par au moins 10 \u00e0 15 le risque de cancer du poumon par rapport \u00e0 un non-fumeur. En France, en 2018, le cancer du poumon a provoqu\u00e9 33 100 d\u00e9c\u00e8s. L\u2019exposition \u00e0 la fum\u00e9e secondaire augmente elle aussi consid\u00e9rablement le risque pour les non-fumeurs ainsi que les enfants de d\u00e9velopper un cancer et augmente de 20 \u00e0 30% le risque de d\u00e9velopper un cancer du poumon.<\/p>\n<h2 style=\"text-align: justify;\"><strong>Une pr\u00e9valence qui reste \u00e9lev\u00e9e en France<\/strong><\/h2>\n<p style=\"text-align: justify;\">Les mesures r\u00e9glementaires et de pr\u00e9vention mises en place entre 2014 et 2019 ont contribu\u00e9 \u00e0 une baisse de 16 % du tabagisme quotidien en France. Malgr\u00e9 ces efforts, la situation reste pr\u00e9occupante car trois Fran\u00e7ais sur dix \u00e2g\u00e9s de 18 \u00e0 75 ans d\u00e9claraient fumer (30 %), dont pr\u00e8s d\u2019un quart quotidiennement (24 %)<a href=\"#_ftn3\" name=\"_ftnref3\">[3]<\/a>. Ce taux de pr\u00e9valence du tabagisme quotidien est l\u2019un des taux les plus \u00e9lev\u00e9s recens\u00e9s dans les pays occidentaux.<\/p>\n<p style=\"text-align: justify;\">La pr\u00e9valence tabagique, bien qu\u2019en baisse, demeure \u00e9galement \u00e9lev\u00e9e chez les jeunes fran\u00e7ais. Selon la <a href=\"https:\/\/www.ofdt.fr\/BDD\/publications\/docs\/epfxssy9.pdf\">derni\u00e8re enqu\u00eate ESCAPAD<\/a>, au niveau national, plus d\u2019un quart des jeunes (25,1%) de 17 ans sont des fumeurs quotidiens et pr\u00e8s de six jeunes Fran\u00e7ais sur 10 ont d\u00e9j\u00e0 essay\u00e9 de fumer.<\/p>\n<h2 style=\"text-align: justify;\"><strong>Appel \u00e0 une g\u00e9n\u00e9ration sans tabac d\u2019ici 2030<\/strong><\/h2>\n<p style=\"text-align: justify;\">Lors de la pr\u00e9c\u00e9dente journ\u00e9e mondiale contre le cancer, le 4 f\u00e9vrier 2021, le pr\u00e9sident Emmanuel Macron avait d\u00e9voil\u00e9 une nouvelle strat\u00e9gie<a href=\"#_ftn4\" name=\"_ftnref4\">[4]<\/a> de lutte contre le cancer avec le lancement du 4\u00e8me \u00ab plan cancer \u00bb (2021 \u2013 2030)<a href=\"#_ftn5\" name=\"_ftnref5\">[5]<\/a>. Le tabac \u00e9tait au c\u0153ur de cette nouvelle strat\u00e9gie dont l\u2019un des objectifs est de parvenir \u00e0 une g\u00e9n\u00e9ration sans tabac en 2030.<\/p>\n<p style=\"text-align: justify;\">Pour parvenir \u00e0 cet ambitieux objectif, le pr\u00e9sident entendait agir sur l\u2019augmentation du prix du tabac, l\u2019extension des espaces sans tabac, les campagnes d\u2019information sur la toxicit\u00e9 du tabac, et un meilleur accompagnement de ceux qui arr\u00eatent de fumer. Le 18 janvier 2021<a href=\"#_ftn6\" name=\"_ftnref6\">[6]<\/a>, <a href=\"https:\/\/www.generationsanstabac.org\/actualites\/presidentielles-19-associations-de-sante-appellent-les-candidats-a-sengager-contre-le-tabagisme\/\">19 associations de sant\u00e9 publique<\/a> ont lanc\u00e9 un appel pour inscrire la lutte contre le cancer dans le d\u00e9bat public et exhortent les candidats aux pr\u00e9sidentielles \u00e0 s\u2019engager en faveur d\u2019une g\u00e9n\u00e9ration sans tabac notamment \u00e0 travers trois mesures fortes : interdire progressivement la vente de tabac, g\u00e9n\u00e9raliser l\u2019interdiction de fumer aux abords de tous les \u00e9tablissements scolaires et renforcer la transparence du lobbying de l\u2019industrie du tabac.<\/p>\n<p style=\"text-align: justify;\">Lire : <a href=\"https:\/\/www.generationsanstabac.org\/article\/importance-plans-cancer-lutte-contre-le-tabagisme-france\/\">l\u2019importance des plans cancer dans la lutte contre le tabagisme en France<\/a><\/p>\n<p style=\"text-align: justify;\"><strong><a href=\"https:\/\/www.generationsanstabac.org\/\">\u00a9G\u00e9n\u00e9ration Sans Tabac<\/a><\/strong><\/p>\n<p style=\"text-align: right;\"><b><i>AE<\/i><\/b><\/p>\n<hr \/>\n<p style=\"text-align: justify;\"><strong>Mots cl\u00e9s : Journ\u00e9e mondiale contre le cancer, g\u00e9n\u00e9ration sans tabac, 2030<\/strong><\/p>\n<p style=\"text-align: justify;\"><a href=\"#_ftnref1\" name=\"_ftn1\">[1]<\/a> <a href=\"https:\/\/www.e-cancer.fr\/Comprendre-prevenir-depister\/Qu-est-ce-qu-un-cancer\/Chiffres-cles\">Cancers : les chiffres cl\u00e9s<\/a>, Institut national du cancer, mis \u00e0 jour le 16 f\u00e9vrier 2021, consult\u00e9 le 4 f\u00e9vrier 2022<\/p>\n<p style=\"text-align: justify;\"><a href=\"#_ftnref2\" name=\"_ftn2\">[2]<\/a> Panorama des cancers en France &#8211; \u00c9dition 2021 \u00c9dit\u00e9 par l\u2019Institut national du cancer (INCa)<\/p>\n<p style=\"text-align: justify;\"><a href=\"#_ftnref3\" name=\"_ftn3\">[3]<\/a> Pasquereau A, Andler R, Guignard R, Soullier N, Gautier A, Richard JB, Nguyen-Thanh V. Consommation de tabac parmi les adultes en 2020\u202f: r\u00e9sultats du Barom\u00e8tre de Sant\u00e9 publique France. Bull Epid\u00e9miol Hebd. 2021;(8):132-9. <a href=\"http:\/\/beh.santepubliquefrance.fr\/beh\/2021\/8\/2021_8_1.html\">http:\/\/beh.santepubliquefrance.fr\/beh\/2021\/8\/2021_8_1.html<\/a><\/p>\n<p style=\"text-align: justify;\"><a href=\"#_ftnref4\" name=\"_ftn4\">[4]<\/a> D\u00e9cret no 2021-119 du 4 f\u00e9vrier 2021 portant d\u00e9finition de la <a href=\"https:\/\/www.legifrance.gouv.fr\/download\/pdf?id=kBOnwVt-Y5qv1WCVMdpW_1GFxjp-OhM2wb5Aj0O8TSo=\">strat\u00e9gie d\u00e9cennale de lutte contre le cancer pr\u00e9vue<\/a> \u00e0 l\u2019article L. 1415-2 1o A du code de la sant\u00e9 publique<\/p>\n<p style=\"text-align: justify;\"><a href=\"#_ftnref5\" name=\"_ftn5\">[5]<\/a> G\u00e9n\u00e9ration sans tabac<a href=\"https:\/\/www.generationsanstabac.org\/article\/importance-plans-cancer-lutte-contre-le-tabagisme-france\/\">, L\u2019importance des plans cancer dans la lutte contre le tabagisme en France<\/a>, 9 avril 2021, consult\u00e9 le 4 f\u00e9vrier 2022<\/p>\n<p style=\"text-align: justify;\"><a href=\"#_ftnref6\" name=\"_ftn6\">[6]<\/a> G\u00e9n\u00e9ration sans tabac, <a href=\"https:\/\/www.generationsanstabac.org\/actualites\/presidentielles-19-associations-de-sante-appellent-les-candidats-a-sengager-contre-le-tabagisme\/\">Pr\u00e9sidentielles : 19 associations de sant\u00e9 appellent les candidats \u00e0 s\u2019engager contre le tabagisme<\/a>, 18 janvier 2022, consult\u00e9 le 4 f\u00e9vrier 2022<\/p>\n","protected":false},"excerpt":{"rendered":"<p>Le 4 f\u00e9vrier marque la journ\u00e9e mondiale contre le cancer et avec pr\u00e8s de 400 000 nouveaux cas et plus de 157 000 d\u00e9c\u00e8s chaque ann\u00e9e en France, les cancers repr\u00e9sentent la premi\u00e8re cause de d\u00e9c\u00e8s chez l\u2019homme et la deuxi\u00e8me chez la femme[1]. Chaque ann\u00e9e en France, le tabac est responsable de 75 000 [&hellip;]<\/p>\n","protected":false},"featured_media":10848,"template":"","tags":[],"thematique":[474],"class_list":["post-20582","actualites","type-actualites","status-publish","has-post-thumbnail","hentry","thematique-sante"],"acf":[],"_links":{"self":[{"href":"https:\/\/www.generationsanstabac.org\/en\/wp-json\/wp\/v2\/actualites\/20582","targetHints":{"allow":["GET"]}}],"collection":[{"href":"https:\/\/www.generationsanstabac.org\/en\/wp-json\/wp\/v2\/actualites"}],"about":[{"href":"https:\/\/www.generationsanstabac.org\/en\/wp-json\/wp\/v2\/types\/actualites"}],"version-history":[{"count":0,"href":"https:\/\/www.generationsanstabac.org\/en\/wp-json\/wp\/v2\/actualites\/20582\/revisions"}],"wp:featuredmedia":[{"embeddable":true,"href":"https:\/\/www.generationsanstabac.org\/en\/wp-json\/wp\/v2\/media\/10848"}],"wp:attachment":[{"href":"https:\/\/www.generationsanstabac.org\/en\/wp-json\/wp\/v2\/media?parent=20582"}],"wp:term":[{"taxonomy":"post_tag","embeddable":true,"href":"https:\/\/www.generationsanstabac.org\/en\/wp-json\/wp\/v2\/tags?post=20582"},{"taxonomy":"thematique","embeddable":true,"href":"https:\/\/www.generationsanstabac.org\/en\/wp-json\/wp\/v2\/thematique?post=20582"}],"curies":[{"name":"wp","href":"https:\/\/api.w.org\/{rel}","templated":true}]}}