{"id":20577,"date":"2022-01-31T12:51:42","date_gmt":"2022-01-31T11:51:42","guid":{"rendered":"https:\/\/www.generationsanstabac.org\/actualites\/cote-d-ivoire-premier-pays-africain-instaurer-le-paquet-neutre\/"},"modified":"2022-01-31T12:51:42","modified_gmt":"2022-01-31T11:51:42","slug":"cote-d-ivoire-premier-pays-africain-instaurer-le-paquet-neutre","status":"publish","type":"actualites","link":"https:\/\/www.generationsanstabac.org\/en\/actualites\/cote-d-ivoire-premier-pays-africain-instaurer-le-paquet-neutre\/","title":{"rendered":"Ivory Coast to be first African country to introduce plain packaging"},"content":{"rendered":"<p style=\"text-align: justify;\"><em>Le Conseil des ministres, qui s\u2019est tenu le 26 janvier dernier, a adopt\u00e9 deux d\u00e9crets en faveur de la lutte contre le tabagisme en C\u00f4te d\u2019Ivoire<a href=\"#_ftn1\" name=\"_ftnref1\"><strong>[1]<\/strong><\/a>. Le premier porte sur les modalit\u00e9s d\u2019application des avertissements sanitaires, du conditionnement et de l\u2019\u00e9tiquetage des produits du tabac. Le second sur l\u2019institution d\u2019un syst\u00e8me de suivi et de tra\u00e7abilit\u00e9 des produits du tabac.<\/em><\/p>\n<p style=\"text-align: justify;\">Bien que la C\u00f4te d&rsquo;Ivoire ait fait des progr\u00e8s dans la lutte antitabac ces derni\u00e8res ann\u00e9es, plus de 9 000 de ses habitants d\u00e9c\u00e8dent pr\u00e9matur\u00e9ment \u00e0 la suite de maladies caus\u00e9es par la consommation de tabac.  Le <a href=\"https:\/\/files.tobaccoatlas.org\/wp-content\/uploads\/pdf\/cote-divoire-country-facts-en.pdf\">taux de pr\u00e9valence<\/a> en C\u00f4te d\u2019Ivoire est estim\u00e9 \u00e0 plus de 14 % de la population totale, avec une proportion grimpante chez les jeunes (19% des 13 \u2013 15 ans sont fumeurs selon l\u2019OMS).<\/p>\n<h2 style=\"text-align: justify;\"><strong>Des mesures qui doivent servir de mod\u00e8les aux autres pays africains<\/strong><\/h2>\n<p style=\"text-align: justify;\">Ces d\u00e9crets interviennent en application de la <a href=\"https:\/\/www.tobaccocontrollaws.org\/files\/live\/Cote%20d'Ivoire\/Cote%20d%27Ivoire%20-%20Law%20No.%202019-676%20-%20national.pdf\">loi n\u00b02019-676<\/a> du 23 juillet 2019 relative \u00e0 la lutte antitabac et conform\u00e9ment \u00e0 la Convention-Cadre de l\u2019OMS (CCLAT) et du Protocole pour l\u2019\u00e9limination du commerce illicite des produits du tabac. Ces trait\u00e9s recommandent l\u2019instauration de mesures globales pour r\u00e9duire la consommation de tous les produits du tabac afin de pr\u00e9venir l\u2019incidence des maladies et les d\u00e9c\u00e8s pr\u00e9matur\u00e9s associ\u00e9s. Ces nouvelles mesures introduisent un conditionnement neutre des produits du tabac avec des avertissements sanitaires couvrant presque la totalit\u00e9 des paquets. La C\u00f4te d\u2019Ivoire deviendra ainsi le premier pays d\u2019Afrique \u00e0 exiger un emballage neutre pour les produits du tabac. Le paquet neutre, accompagn\u00e9 d\u2019un arsenal d\u2019autres mesures (espaces sans tabac, interdiction de la publicit\u00e9, hausse des taxes, interdiction des ar\u00f4mes, etc.)  est un puissant outil de sant\u00e9 publique<a href=\"#_ftn2\" name=\"_ftnref2\">[2]<\/a>.<\/p>\n<p style=\"text-align: justify;\">La C\u00f4te d\u2019Ivoire devrait \u00eatre le 20<sup>\u00e8me<\/sup> pays au monde \u00e0 introduire le paquet neutre pour les produits du tabac, la date d\u2019entr\u00e9e en vigueur du dispositif n\u2019a pas encore \u00e9t\u00e9 fix\u00e9e.<\/p>\n<table style=\"height: 1459px;\" width=\"1175\">\n<tbody>\n<tr>\n<td width=\"24%\"><\/td>\n<td colspan=\"2\" width=\"74%\">\n<p style=\"text-align: center;\"><strong>INTRODUCTION<\/strong><\/p>\n<\/td>\n<\/tr>\n<tr>\n<td width=\"24%\"><strong>PAYS<\/strong><\/td>\n<td width=\"35%\"><strong>Au niveau de la fabrication<\/strong><\/td>\n<td width=\"38%\"><strong>Au niveau de la vente<\/strong><\/td>\n<\/tr>\n<tr>\n<td width=\"24%\">Australie<\/td>\n<td width=\"35%\">1<sup>er<\/sup> octobre 2012<\/td>\n<td width=\"38%\">1<sup>er<\/sup> d\u00e9cembre 2012<\/td>\n<\/tr>\n<tr>\n<td width=\"24%\">France<\/td>\n<td width=\"35%\">20 mai 2016<\/td>\n<td width=\"38%\">1<sup>er<\/sup> janvier 2017<\/td>\n<\/tr>\n<tr>\n<td width=\"24%\">Royaume-Uni<\/td>\n<td width=\"35%\">20 mai 2016<\/td>\n<td width=\"38%\">20 mai 2017<\/td>\n<\/tr>\n<tr>\n<td width=\"24%\">Nouvelle-Z\u00e9lande<\/td>\n<td width=\"35%\">14 mars 2018<\/td>\n<td width=\"38%\">6 juin 2018<\/td>\n<\/tr>\n<tr>\n<td width=\"24%\">Norv\u00e8ge<\/td>\n<td width=\"35%\">1<sup>er<\/sup> juillet 2017<\/td>\n<td width=\"38%\">1<sup>er<\/sup> juillet 2018<\/td>\n<\/tr>\n<tr>\n<td width=\"24%\">Irlande<\/td>\n<td width=\"35%\">30 septembre 2017<\/td>\n<td width=\"38%\">20 septembre 2018<\/td>\n<\/tr>\n<tr>\n<td width=\"24%\">Tha\u00eflande<\/td>\n<td width=\"35%\">10 septembre 2019<\/td>\n<td width=\"38%\">8 d\u00e9cembre 2019<\/td>\n<\/tr>\n<tr>\n<td width=\"24%\">Uruguay<\/td>\n<td width=\"35%\">21 d\u00e9cembre 2019<\/td>\n<td width=\"38%\">21 d\u00e9cembre 2019<\/td>\n<\/tr>\n<tr>\n<td width=\"24%\">Arabie Saoudite<\/td>\n<td width=\"35%\">23 ao\u00fbt 2019<\/td>\n<td width=\"38%\">1<sup>er<\/sup> janvier 2020<\/td>\n<\/tr>\n<tr>\n<td width=\"24%\">Slov\u00e9nie<\/td>\n<td width=\"35%\">1<sup>er<\/sup> janvier 2020<\/td>\n<td width=\"38%\">1<sup>er<\/sup> janvier 2020<\/td>\n<\/tr>\n<tr>\n<td width=\"24%\">Turquie<\/td>\n<td width=\"35%\">5 d\u00e9cembre 2019<\/td>\n<td width=\"38%\">5 janvier 2020<\/td>\n<\/tr>\n<tr>\n<td width=\"24%\">Isra\u00ebl<\/td>\n<td width=\"35%\">8 janvier 2020<\/td>\n<td width=\"38%\">8 janvier 2020<\/td>\n<\/tr>\n<tr>\n<td width=\"24%\">Canada<\/td>\n<td width=\"35%\">9 novembre 2019<\/td>\n<td width=\"38%\">7 f\u00e9vrier 2020<\/td>\n<\/tr>\n<tr>\n<td width=\"24%\">Singapour<\/td>\n<td width=\"35%\">1<sup>er<\/sup> juillet 2020<\/td>\n<td width=\"38%\">1<sup>er<\/sup> juillet 2020<\/td>\n<\/tr>\n<tr>\n<td width=\"24%\">Belgique<\/td>\n<td width=\"35%\">1<sup>er<\/sup> juillet 2020<\/td>\n<td width=\"38%\">1<sup>er<\/sup> janvier 2021<\/td>\n<\/tr>\n<tr>\n<td width=\"24%\">Pays-Bas<\/td>\n<td width=\"35%\">1<sup>er<\/sup> octobre 2020<\/td>\n<td width=\"38%\">1<sup>er<\/sup> octobre 2021<\/td>\n<\/tr>\n<tr>\n<td width=\"24%\">Hongrie<\/td>\n<td width=\"35%\">1<sup>er<\/sup> janvier 2022<\/td>\n<td width=\"38%\">1<sup>er<\/sup> janvier 2022<\/td>\n<\/tr>\n<tr>\n<td width=\"24%\">Danemark<\/td>\n<td width=\"35%\">1<sup>er<\/sup> juillet 2021<\/td>\n<td width=\"38%\">1<sup>er<\/sup> avril 2022<\/td>\n<\/tr>\n<tr>\n<td width=\"24%\">Myanmar<\/td>\n<td width=\"35%\">12 avril 2022<\/td>\n<td width=\"38%\">12 juillet 2022<\/td>\n<\/tr>\n<tr>\n<td width=\"24%\">C\u00f4te d\u2019Ivoire<\/td>\n<td width=\"35%\">?<\/td>\n<td width=\"38%\">?<\/td>\n<\/tr>\n<\/tbody>\n<\/table>\n<p style=\"text-align: justify;\">L\u2019autre d\u00e9cret concerne l\u2019instauration d\u2019un syst\u00e8me de suivi et de tra\u00e7abilit\u00e9 des produits du tabac. Un tel dispositif a pour finalit\u00e9 d\u2019identifier les diff\u00e9rents intervenants dans la chaine de production et d\u2019approvisionnement des produits du tabac fabriqu\u00e9s ou import\u00e9s en C\u00f4te d\u2019Ivoire pour lutter contre les march\u00e9s de contrebande. Par un tra\u00e7age continu du produit et sous r\u00e9serve que le dispositif soit mis en place par des tiers ext\u00e9rieurs aux fabricants de tabac, ce dispositif permet de d\u00e9terminer si un produit saisi est sorti ou pas du r\u00e9seau l\u00e9gal.<\/p>\n<p style=\"text-align: justify;\"><strong>Mots cl\u00e9s : C\u00f4te d\u2019Ivoire, paquet neutre, CCLAT, lutte contre le tabagisme, syst\u00e8me de suivi et tra\u00e7abilit\u00e9, Afrique<\/strong><\/p>\n<p><strong><a href=\"https:\/\/www.generationsanstabac.org\/\">\u00a9G\u00e9n\u00e9ration Sans Tabac<\/a><\/strong><\/p>\n<p style=\"text-align: right;\"><b><i>AE<\/i><\/b><\/p>\n<hr \/>\n<p style=\"text-align: justify;\"><a href=\"#_ftnref1\" name=\"_ftn1\">[1]<\/a> Communiqu\u00e9 de presse, <a href=\"https:\/\/www.ouestaf.com\/cote-divoire-conseil-des-ministres-du-26-janvier-2022-le-communique\/\">C\u00f4te d\u2019Ivoire : conseil des ministres du 26 janvier 2022, Ouestaf<\/a>, 27 janvier 2022, consult\u00e9 le 31 janvier 2022<\/p>\n<p style=\"text-align: justify;\"><a href=\"#_ftnref2\" name=\"_ftn2\">[2]<\/a> Communiqu\u00e9 de presse, <a href=\"https:\/\/www.tobaccofreekids.org\/press-releases\/2022_01_28_plain-packaging-cote-d-ivoire\">L&#8217;emballage neutre en C\u00f4te d&rsquo;Ivoire sauvera des vies et \u00e9tablira un pr\u00e9c\u00e9dent audacieux pour l&rsquo;Afrique<\/a>, Campaign for Tobacco-Free kids, 28 janvier 2022, consult\u00e9 le 31 janvier 2022<\/p>\n<p><span style=\"color: #999999;\"><strong><a style=\"color: #999999;\" href=\"http:\/\/www.cnct.fr\/\" target=\"_blank\" rel=\"noopener noreferrer\">Comit\u00e9 National Contre le Tabagisme |<\/a><\/strong><\/span><\/p>\n","protected":false},"excerpt":{"rendered":"<p>Le Conseil des ministres, qui s\u2019est tenu le 26 janvier dernier, a adopt\u00e9 deux d\u00e9crets en faveur de la lutte contre le tabagisme en C\u00f4te d\u2019Ivoire[1]. Le premier porte sur les modalit\u00e9s d\u2019application des avertissements sanitaires, du conditionnement et de l\u2019\u00e9tiquetage des produits du tabac. Le second sur l\u2019institution d\u2019un syst\u00e8me de suivi et de [&hellip;]<\/p>\n","protected":false},"featured_media":10838,"template":"","tags":[],"thematique":[491],"class_list":["post-20577","actualites","type-actualites","status-publish","has-post-thumbnail","hentry","thematique-politiques-publiques"],"acf":[],"_links":{"self":[{"href":"https:\/\/www.generationsanstabac.org\/en\/wp-json\/wp\/v2\/actualites\/20577","targetHints":{"allow":["GET"]}}],"collection":[{"href":"https:\/\/www.generationsanstabac.org\/en\/wp-json\/wp\/v2\/actualites"}],"about":[{"href":"https:\/\/www.generationsanstabac.org\/en\/wp-json\/wp\/v2\/types\/actualites"}],"version-history":[{"count":0,"href":"https:\/\/www.generationsanstabac.org\/en\/wp-json\/wp\/v2\/actualites\/20577\/revisions"}],"wp:featuredmedia":[{"embeddable":true,"href":"https:\/\/www.generationsanstabac.org\/en\/wp-json\/wp\/v2\/media\/10838"}],"wp:attachment":[{"href":"https:\/\/www.generationsanstabac.org\/en\/wp-json\/wp\/v2\/media?parent=20577"}],"wp:term":[{"taxonomy":"post_tag","embeddable":true,"href":"https:\/\/www.generationsanstabac.org\/en\/wp-json\/wp\/v2\/tags?post=20577"},{"taxonomy":"thematique","embeddable":true,"href":"https:\/\/www.generationsanstabac.org\/en\/wp-json\/wp\/v2\/thematique?post=20577"}],"curies":[{"name":"wp","href":"https:\/\/api.w.org\/{rel}","templated":true}]}}