{"id":20576,"date":"2022-01-28T14:11:37","date_gmt":"2022-01-28T13:11:37","guid":{"rendered":"https:\/\/www.generationsanstabac.org\/actualites\/afrique-la-hausse-des-taxes-est-le-meilleur-rempart-contre-le-tabagisme-des-jeunes\/"},"modified":"2022-01-28T14:11:37","modified_gmt":"2022-01-28T13:11:37","slug":"afrique-la-hausse-des-taxes-est-le-meilleur-rempart-contre-le-tabagisme-des-jeunes","status":"publish","type":"actualites","link":"https:\/\/www.generationsanstabac.org\/en\/actualites\/afrique-la-hausse-des-taxes-est-le-meilleur-rempart-contre-le-tabagisme-des-jeunes\/","title":{"rendered":"Africa: Tax hikes are the best way to combat youth smoking"},"content":{"rendered":"<p style=\"text-align: justify;\"><em>Une \u00e9tude comparant les habitudes de consommation de tabac des jeunes issus de 16 pays d&rsquo;Afrique indique que l\u2019augmentation des taxes r\u00e9percut\u00e9e sur les prix des cigarettes est l\u2019un des meilleurs leviers pour r\u00e9duire leur consommation. <\/em><\/p>\n<p style=\"text-align: justify;\">La forte croissance d\u00e9mographique des pays africains se traduit par une population tr\u00e8s jeune qui en fait un terrain de pr\u00e9dilection pour le d\u00e9veloppement des ventes de tabac. Les pays d\u2019Afrique \u00e9tant ceux qui conservent les taux d\u2019accises les plus bas du monde, le continent est estim\u00e9 devenir \u00e0 terme le futur \u00e9picentre de l\u2019\u00e9pid\u00e9mie de tabagisme.<\/p>\n<h2 style=\"text-align: justify;\"><strong>Des donn\u00e9es parcellaires concernant le tabagisme des jeunes Africains <\/strong><\/h2>\n<p style=\"text-align: justify;\">La litt\u00e9rature scientifique est abondante et r\u00e9v\u00e8le que les jeunes des pays \u00e0 revenu faible ou interm\u00e9diaire sont plus sensibles aux augmentations du prix du tabac que ceux des pays \u00e0 haut revenu, mais peu d\u2019\u00e9tudes documentent la question pour les jeunes Africains. De m\u00eame, si plusieurs \u00e9tudes ont pu d\u00e9montrer que les adultes sont moins sensibles que les jeunes \u00e0 l\u2019\u00e9lasticit\u00e9-prix<a href=\"#_ftn1\" name=\"_ftnref1\">[1]<\/a>, les donn\u00e9es \u00e9taient jusqu\u2019\u00e0 pr\u00e9sent manquantes pour mesurer cette influence chez les jeunes Africains.<\/p>\n<p style=\"text-align: justify;\">L\u2019\u00e9tude conduite par deux chercheurs sud-africains<a href=\"#_ftn2\" name=\"_ftnref2\">[2]<\/a> s\u2019appuie sur les donn\u00e9es fournies par la Global Youth Tobacco Survey, une enqu\u00eate internationale mise en place en 1999 et dont le questionnaire a \u00e9t\u00e9 r\u00e9vis\u00e9 en 2012. En plus de certaines informations d\u00e9mographiques, comme le type d\u2019habitat (urbain\/rural), la pr\u00e9valence tabagique des parents ou la disposition d\u2019argent de poche, cette enqu\u00eate permet aussi de collecter des informations sur l\u2019exposition \u00e0 la publicit\u00e9 ou aux messages antitabac, ainsi que sur la facilit\u00e9 pour les mineurs \u00e0 pouvoir acheter du tabac. \u00c0 partir d\u2019une base de 67 500 personnes, \u00e2g\u00e9es de 10 \u00e0 19 ans, participant \u00e0 cette enqu\u00eate sur les habitudes de consommation de tabac, les auteurs ont confront\u00e9 ces donn\u00e9es \u00e0 d\u2019autres crit\u00e8res, tels le prix des cigarettes (marques nationales ou internationales), la pr\u00e9valence tabagique du pays ou le nombre de personnes vivant sous le seuil de pauvret\u00e9 (fix\u00e9 \u00e0 1,90 $ US\/jour) dans les pays concern\u00e9s.<\/p>\n<h2 style=\"text-align: justify;\"><strong>Le prix du tabac, premier des crit\u00e8res environnementaux<\/strong><\/h2>\n<p style=\"text-align: justify;\">Les r\u00e9sultats de cette \u00e9tude montrent que la pr\u00e9valence tabagique et l\u2019intensit\u00e9 de consommation des jeunes Africains sont encore plus sensibles que celles de leurs a\u00een\u00e9s au prix du tabac qu\u2019\u00e0 d\u2019autres crit\u00e8res environnementaux comme l\u2019accessibilit\u00e9 du tabac pour les jeunes ou l\u2019exposition \u00e0 la publicit\u00e9. Cette sensibilit\u00e9 au prix se v\u00e9rifie davantage vis-\u00e0-vis des marques internationales que des marques nationales, habituellement moins ch\u00e8res ; l\u2019exposition aux messages publicitaires semble quant \u00e0 elle avoir un effet incitatif sur la consommation de marques nationales de cigarettes, mais peu sur celle des marques internationales. L\u2019exposition aux messages antitabac aurait en revanche pour effet de r\u00e9duire l\u2019intensit\u00e9 du tabagisme, sans influer sur la pr\u00e9valence elle-m\u00eame. Par ailleurs, l\u2019intensit\u00e9 de cette consommation de tabac augmente \u00e0 mesure que les individus avancent en \u00e2ge et en scolarit\u00e9, mais aussi lorsqu\u2019ils per\u00e7oivent un argent de poche et surtout lorsque l\u2019un des deux parents est un fumeur r\u00e9gulier.<\/p>\n<p style=\"text-align: justify;\">Confirmant l\u2019efficacit\u00e9 des mesures d\u2019augmentation de prix du tabac via des hausses de taxes chez les publics jeunes, les auteurs incitent les gouvernements des pays africains \u00e0 relever significativement leurs taxes sur le tabac afin de limiter l\u2019entr\u00e9e des jeunes dans le tabagisme. D\u00e9j\u00e0, \u00e0 l\u2019automne 2020, des associations sud-africaines avaient enjoint les pouvoirs publics \u00e0 doubler leurs droits d\u2019accise afin d\u2019enrayer l\u2019\u00e9pid\u00e9mie de tabagisme<a href=\"#_ftn3\" name=\"_ftnref3\">[3]<\/a>.<\/p>\n<p><strong>Mots-cl\u00e9s : prix du tabac, Afrique, Afrique du Sud, jeunes<\/strong><\/p>\n<p><strong><a href=\"https:\/\/www.generationsanstabac.org\/\">\u00a9G\u00e9n\u00e9ration Sans Tabac<\/a><\/strong><\/p>\n<p style=\"text-align: right;\"><b><i>MF<\/i><\/b><\/p>\n<hr \/>\n<p><a href=\"#_ftnref1\" name=\"_ftn1\">[1]<\/a> Ecart entre l\u2019augmentation des prix du tabac et le niveau de consommation de tabac en r\u00e9ponse \u00e0 ces augmentations.<\/p>\n<p><a href=\"#_ftnref2\" name=\"_ftn2\">[2]<\/a> Filby S, van Walbeek C, <a href=\"https:\/\/academic.oup.com\/ntr\/advance-article\/doi\/10.1093\/ntr\/ntac017\/6509071?login=false\"><em>Cigarette prices and smoking among youth in 16 African countries: Evidence from the Global Youth Tobacco Survey<\/em><\/a><em>. <\/em>Nicotine &amp; Tobacco Research, ntac017, publi\u00e9 le 17 janvier 2022.  <a href=\"https:\/\/doi.org\/10.1093\/ntr\/ntac017\">https:\/\/doi.org\/10.1093\/ntr\/ntac017<\/a><\/p>\n<p><a href=\"#_ftnref3\" name=\"_ftn3\">[3]<\/a> G\u00e9n\u00e9ration Sans Tabac, <a href=\"https:\/\/www.generationsanstabac.org\/actualites\/ong-afrique-du-sud-taxes\/\"><em>Afrique du Sud. Des ONG demandent une hausse des taxes de 100%<\/em><\/a><em>. <\/em>Publi\u00e9 le 26 octobre 2020, consult\u00e9 le 25 janvier 2022.<\/p>\n<p><span style=\"color: #999999;\"><strong><a style=\"color: #999999;\" href=\"http:\/\/www.cnct.fr\/\" target=\"_blank\" rel=\"noopener noreferrer\">Comit\u00e9 National Contre le Tabagisme |<\/a><\/strong><\/span><\/p>\n","protected":false},"excerpt":{"rendered":"<p>Une \u00e9tude comparant les habitudes de consommation de tabac des jeunes issus de 16 pays d&rsquo;Afrique indique que l\u2019augmentation des taxes r\u00e9percut\u00e9e sur les prix des cigarettes est l\u2019un des meilleurs leviers pour r\u00e9duire leur consommation. La forte croissance d\u00e9mographique des pays africains se traduit par une population tr\u00e8s jeune qui en fait un terrain [&hellip;]<\/p>\n","protected":false},"featured_media":10836,"template":"","tags":[],"thematique":[491],"class_list":["post-20576","actualites","type-actualites","status-publish","has-post-thumbnail","hentry","thematique-politiques-publiques"],"acf":[],"_links":{"self":[{"href":"https:\/\/www.generationsanstabac.org\/en\/wp-json\/wp\/v2\/actualites\/20576","targetHints":{"allow":["GET"]}}],"collection":[{"href":"https:\/\/www.generationsanstabac.org\/en\/wp-json\/wp\/v2\/actualites"}],"about":[{"href":"https:\/\/www.generationsanstabac.org\/en\/wp-json\/wp\/v2\/types\/actualites"}],"version-history":[{"count":0,"href":"https:\/\/www.generationsanstabac.org\/en\/wp-json\/wp\/v2\/actualites\/20576\/revisions"}],"wp:featuredmedia":[{"embeddable":true,"href":"https:\/\/www.generationsanstabac.org\/en\/wp-json\/wp\/v2\/media\/10836"}],"wp:attachment":[{"href":"https:\/\/www.generationsanstabac.org\/en\/wp-json\/wp\/v2\/media?parent=20576"}],"wp:term":[{"taxonomy":"post_tag","embeddable":true,"href":"https:\/\/www.generationsanstabac.org\/en\/wp-json\/wp\/v2\/tags?post=20576"},{"taxonomy":"thematique","embeddable":true,"href":"https:\/\/www.generationsanstabac.org\/en\/wp-json\/wp\/v2\/thematique?post=20576"}],"curies":[{"name":"wp","href":"https:\/\/api.w.org\/{rel}","templated":true}]}}