{"id":20560,"date":"2022-01-12T09:00:32","date_gmt":"2022-01-12T08:00:32","guid":{"rendered":"https:\/\/www.generationsanstabac.org\/actualites\/israel-se-prepare-a-intensifier-sa-lutte-contre-le-tabagisme\/"},"modified":"2022-01-12T09:00:32","modified_gmt":"2022-01-12T08:00:32","slug":"israel-se-prepare-a-intensifier-sa-lutte-contre-le-tabagisme","status":"publish","type":"actualites","link":"https:\/\/www.generationsanstabac.org\/en\/actualites\/israel-se-prepare-a-intensifier-sa-lutte-contre-le-tabagisme\/","title":{"rendered":"Israel prepares to step up fight against smoking"},"content":{"rendered":"<p style=\"text-align: justify;\"><em>En Isra\u00ebl, un nouveau projet de loi sera soumis au Parlement, allant dans le sens d\u2019une plus forte r\u00e9glementation du tabagisme. Initi\u00e9 par la pr\u00e9sidente de la Commission de la sant\u00e9, il pr\u00e9voit notamment de r\u00e9duire l\u2019acc\u00e8s des jeunes g\u00e9n\u00e9rations au tabagisme, et d\u2019endiguer l\u2019influence de l\u2019industrie du tabac dans la d\u00e9cision publique. <\/em><\/p>\n<p style=\"text-align: justify;\">Isra\u00ebl semble d\u00e9termin\u00e9 \u00e0 intensifier ses efforts dans la lutte contre le tabagisme. Idit Silman, la pr\u00e9sidente de la Commission de la sant\u00e9 \u00e0 la Knesset \u2013le Parlement isra\u00e9lien, a indiqu\u00e9 souhaiter \u00e0 terme que le pays aille vers une interdiction totale du tabagisme, quand les conditions seront r\u00e9unies<a href=\"#_ftn1\" name=\"_ftnref1\">[1]<\/a>.<\/p>\n<h2 style=\"text-align: justify;\"><strong>Isra\u00ebl veut r\u00e9duire l\u2019acc\u00e8s et l\u2019exposition au tabagisme <\/strong><\/h2>\n<p style=\"text-align: justify;\">Le projet de loi d\u00e9pos\u00e9 par la pr\u00e9sidente de la Commission pourrait se traduire par une grande avanc\u00e9e dans la lutte isra\u00e9lienne contre le tabagisme. En effet, celui-ci pr\u00e9voit que l\u2019\u00e2ge l\u00e9gal pour acheter des produits du tabac soit relev\u00e9 \u00e0 21 ans. Par ailleurs, le projet de loi s\u2019attaque \u00e9galement \u00e0 r\u00e9duire l\u2019exposition de la population isra\u00e9lienne \u00e0 la fum\u00e9e de tabac, en proposant d\u2019interdire la consommation tabagique sur les balcons, apr\u00e8s r\u00e9vision du statut juridique de ces derniers. Par ailleurs, si la bonne application des lois anti-tabac est aujourd\u2019hui une pr\u00e9rogative des autorit\u00e9s locales, la pr\u00e9sidente de la Commission a annonc\u00e9 vouloir faire en sorte que la police puisse \u00eatre appel\u00e9e \u00e0 effectuer des contr\u00f4les, notamment pour assurer l&rsquo;effectivit\u00e9 de l&rsquo;interdiction de fumer dans les v\u00e9hicules.<\/p>\n<h2 style=\"text-align: justify;\"><strong>La lutte contre l\u2019ing\u00e9rence de l\u2019industrie du tabac au c\u0153ur du projet de loi<\/strong><\/h2>\n<p style=\"text-align: justify;\">Dans le m\u00eame temps, le projet de loi d\u2019Idit Silman vise \u00e0 r\u00e9glementer et limiter l\u2019influence des fabricants dans la d\u00e9cision publique, en interdisant les activit\u00e9s de lobbying de l\u2019industrie du tabac \u00e0 la Knesset. Les progr\u00e8s de la lutte contre le tabagisme subissent depuis une dizaine d\u2019ann\u00e9es un fort ralentissement, p\u00e9riode pendant laquelle la pr\u00e9valence tabagique a stagn\u00e9 aux alentours de 20% de la population. Or, une partie de ces difficult\u00e9s peuvent \u00eatre imput\u00e9es \u00e0 l\u2019activit\u00e9 d\u2019ing\u00e9rence de l\u2019industrie du tabac, qui a notamment permis de neutraliser un amendement proposant l\u2019interdiction totale de publicit\u00e9 en faveur du tabac il y a plusieurs ann\u00e9es. L\u2019\u00e9pid\u00e9mie tabagique frappe la population isra\u00e9lienne de mani\u00e8re in\u00e9gale, puisque si 12,6% des femmes sont fumeuses, cette proportion atteint 27,3% des hommes. De la m\u00eame mani\u00e8re, la communaut\u00e9 arabe en Isra\u00ebl est plus lourdement affect\u00e9e par le tabagisme (26,3%), que la communaut\u00e9 juive (18,4%)<a href=\"#_ftn2\" name=\"_ftnref2\">[2]<\/a>.<\/p>\n<p style=\"text-align: justify;\"><strong>Mots-cl\u00e9s : Isra\u00ebl, Commission de la sant\u00e9, Projet de loi, Knesset<br \/>\n<\/strong><\/p>\n<p style=\"text-align: justify;\"><strong><a href=\"https:\/\/www.generationsanstabac.org\/\">\u00a9G\u00e9n\u00e9ration Sans Tabac<\/a><\/strong><\/p>\n<p style=\"text-align: right;\"><b><i>FT<\/i><\/b><\/p>\n<hr \/>\n<p style=\"text-align: justify;\"><a href=\"#_ftnref1\" name=\"_ftn1\">[1]<\/a> The Jerusalem Post, <a href=\"https:\/\/www.jpost.com\/israel-news\/politics-and-diplomacy\/article-692066\">Knesset to take new steps against smoking<\/a>, 10\/01\/2022, (consult\u00e9 le 11\/01\/2022)<\/p>\n<p style=\"text-align: justify;\"><a href=\"#_ftnref2\" name=\"_ftn2\">[2]<\/a> State of Isra\u00ebl Ministry of State, <a href=\"https:\/\/www.health.gov.il\/English\/Topics\/KHealth\/smoking\/Pages\/SmokingRatesInIsrael.aspx\">Rates of Smoking in Isra\u00ebl<\/a>, (consult\u00e9 le 11\/01\/2022)<\/p>\n<p style=\"text-align: justify;\"><span style=\"color: #999999;\"><strong><a style=\"color: #999999;\" href=\"http:\/\/www.cnct.fr\/\" target=\"_blank\" rel=\"noopener noreferrer\">Comit\u00e9 National Contre le Tabagisme |<\/a><\/strong><\/span><\/p>\n","protected":false},"excerpt":{"rendered":"<p>En Isra\u00ebl, un nouveau projet de loi sera soumis au Parlement, allant dans le sens d\u2019une plus forte r\u00e9glementation du tabagisme. Initi\u00e9 par la pr\u00e9sidente de la Commission de la sant\u00e9, il pr\u00e9voit notamment de r\u00e9duire l\u2019acc\u00e8s des jeunes g\u00e9n\u00e9rations au tabagisme, et d\u2019endiguer l\u2019influence de l\u2019industrie du tabac dans la d\u00e9cision publique. Isra\u00ebl semble [&hellip;]<\/p>\n","protected":false},"featured_media":20025,"template":"","tags":[],"thematique":[491],"class_list":["post-20560","actualites","type-actualites","status-publish","has-post-thumbnail","hentry","thematique-politiques-publiques"],"acf":[],"_links":{"self":[{"href":"https:\/\/www.generationsanstabac.org\/en\/wp-json\/wp\/v2\/actualites\/20560","targetHints":{"allow":["GET"]}}],"collection":[{"href":"https:\/\/www.generationsanstabac.org\/en\/wp-json\/wp\/v2\/actualites"}],"about":[{"href":"https:\/\/www.generationsanstabac.org\/en\/wp-json\/wp\/v2\/types\/actualites"}],"version-history":[{"count":0,"href":"https:\/\/www.generationsanstabac.org\/en\/wp-json\/wp\/v2\/actualites\/20560\/revisions"}],"wp:featuredmedia":[{"embeddable":true,"href":"https:\/\/www.generationsanstabac.org\/en\/wp-json\/wp\/v2\/media\/20025"}],"wp:attachment":[{"href":"https:\/\/www.generationsanstabac.org\/en\/wp-json\/wp\/v2\/media?parent=20560"}],"wp:term":[{"taxonomy":"post_tag","embeddable":true,"href":"https:\/\/www.generationsanstabac.org\/en\/wp-json\/wp\/v2\/tags?post=20560"},{"taxonomy":"thematique","embeddable":true,"href":"https:\/\/www.generationsanstabac.org\/en\/wp-json\/wp\/v2\/thematique?post=20560"}],"curies":[{"name":"wp","href":"https:\/\/api.w.org\/{rel}","templated":true}]}}