{"id":20558,"date":"2022-01-11T08:44:00","date_gmt":"2022-01-11T07:44:00","guid":{"rendered":"https:\/\/www.generationsanstabac.org\/actualites\/europe-quelle-evolution-de-lepidemie-tabagique-depuis-1970\/"},"modified":"2022-01-11T08:44:00","modified_gmt":"2022-01-11T07:44:00","slug":"europe-quelle-evolution-de-lepidemie-tabagique-depuis-1970","status":"publish","type":"actualites","link":"https:\/\/www.generationsanstabac.org\/en\/actualites\/europe-quelle-evolution-de-lepidemie-tabagique-depuis-1970\/","title":{"rendered":"Europe: how has the tobacco epidemic evolved since 1970?"},"content":{"rendered":"<p style=\"text-align: justify;\"><em>Les dynamiques de consommation tabagique depuis quatre d\u00e9cennies sont tr\u00e8s variables en Europe. C\u2019est ce que montre une r\u00e9cente \u00e9tude publi\u00e9e dans la revue Tobaco Control, qui a compil\u00e9 les donn\u00e9es sur les trajectoires de consommation (pr\u00e9valence, intensit\u00e9 de consommation) de 41 pays et anciens pays europ\u00e9ens<a href=\"#_ftn1\" name=\"_ftnref1\"><strong>[1]<\/strong><\/a>, entre 1970 et 2015. <\/em><\/p>\n<p style=\"text-align: justify;\">Le mod\u00e8le de r\u00e9f\u00e9rence de compr\u00e9hension de l\u2019\u00e9volution de la consommation tabagique d\u00e9crit une dynamique r\u00e9currente, dite du \u00ab U invers\u00e9 \u00bb. Ainsi, la consommation tabagique commence d\u2019abord avec un faible niveau, puis augmente rapidement pendant deux \u00e0 trois d\u00e9cennies, en \u00e9tant notamment port\u00e9e par une forte pr\u00e9valence tabagique chez les hommes. Ensuite, la mise en place de politiques de lutte contre le tabagisme permet d\u2019atteindre successivement un plateau dans la consommation et un d\u00e9clin progressif de l\u2019\u00e9pid\u00e9mie tabagique<a href=\"#_ftn2\" name=\"_ftnref2\">[2]<\/a>.<\/p>\n<h2 style=\"text-align: justify;\"><strong>Un mod\u00e8le th\u00e9orique pour comprendre la dynamique g\u00e9n\u00e9rale de l\u2019\u00e9pid\u00e9mie tabagique <\/strong><\/h2>\n<p style=\"text-align: justify;\">Toutefois, l\u2019observation des dynamiques de consommation permet de nuancer ce mod\u00e8le, et montre une grande variabilit\u00e9 en fonction des pays, soumis \u00e0 des contextes g\u00e9opolitiques, \u00e9conomiques, g\u00e9ographiques, sociod\u00e9mographiques sp\u00e9cifiques. Par exemple, si la trajectoire en U invers\u00e9 a \u00e9t\u00e9 observ\u00e9e dans les anciens pays de l\u2019Union sovi\u00e9tique entre 1960 et 1992, la dissolution de l\u2019URSS en 1991 a \u00e9t\u00e9 suivie d\u2019une deuxi\u00e8me augmentation rapide de la consommation tabagique et de la mortalit\u00e9. Cette rupture dans la dynamique peut s\u2019expliquer par le bouleversement politique, social et \u00e9conomique \u00e0 l\u2019\u0153uvre en ex-URSS, se traduisant notamment par la privatisation de l\u2019industrie du tabac<a href=\"#_ftn3\" name=\"_ftnref3\">[3]<\/a>.<\/p>\n<h2 style=\"text-align: justify;\"><strong>Des dynamiques r\u00e9gionales in\u00e9gales en Europe<br \/>\n<\/strong><\/h2>\n<p style=\"text-align: justify;\">L\u2019\u00e9tude publi\u00e9e dans Tobacco Control montre que la quasi-totalit\u00e9 des pays d\u2019Europe du Nord, de l\u2019Ouest et du Sud ont connu une tendance de consommation tabagique stable ou \u00e0 la baisse. L\u2019Europe de l\u2019Est en revanche, caract\u00e9ris\u00e9e par une stabilisation de sa consommation tabagique jusqu\u2019aux ann\u00e9es 80, a travers\u00e9 une p\u00e9riode d\u2019augmentation g\u00e9n\u00e9ralis\u00e9e dans les ann\u00e9es 2000, suivie d\u2019une tendance \u00e0 la baisse dans les ann\u00e9es 2010. Enfin, la r\u00e9gion Sud-Est de l\u2019Europe est marqu\u00e9e par une tr\u00e8s forte inconstance de sa dynamique de consommation tabagique, alternant successivement des p\u00e9riodes de stabilit\u00e9, de hausses et de diminution pendant la p\u00e9riode \u00e9tudi\u00e9e.<\/p>\n<h2 style=\"text-align: justify;\"><strong>La grande variabilit\u00e9 de la consommation de tabac selon les pays <\/strong><\/h2>\n<p style=\"text-align: justify;\">L\u2019\u00e9tude souligne une tr\u00e8s grande variabilit\u00e9 des dynamiques de consommation entre les pays. La typologie la plus courante identifi\u00e9e par les auteurs de l\u2019\u00e9tude est celle du mod\u00e8le de \u00ab stabilit\u00e9 avec un seul d\u00e9clin \u00bb, que l\u2019on retrouve dans les pays scandinaves \u00e0 l\u2019exception de la Norv\u00e8ge, en Slov\u00e9nie, ainsi que dans les pays de l\u2019Ouest, comme les Pays-Bas, l\u2019Allemagne ou la France. Cette derni\u00e8re a en effet connu une globale stabilit\u00e9, suivie par une forte baisse au d\u00e9but des ann\u00e9es 2000, avec le premier Plan cancer de Jacques Chirac, conduisant aux premi\u00e8res hausses de taxes significatives sur les produits du tabac. D\u2019autres pays, \u00e0 l\u2019instar de l\u2019Irlande et de plusieurs pays d\u2019Europe centrale ont suivi un d\u00e9clin continu entre 1970 et 2015, tandis que d\u2019autres pays comme les pays de l\u2019ancienne Yougoslavie ont altern\u00e9 des p\u00e9riodes d\u2019augmentation et de stabilit\u00e9 de la consommation.<\/p>\n<h2 style=\"text-align: justify;\"><strong>La diminution de la consommation de tabac en Europe n\u2019est pas in\u00e9vitable <\/strong><\/h2>\n<p style=\"text-align: justify;\">Pour les auteurs de l\u2019\u00e9tude, ces donn\u00e9es permettent de nuancer l\u2019id\u00e9e d\u2019un d\u00e9clin g\u00e9n\u00e9ralis\u00e9 et in\u00e9vitable de la consommation tabagique suite \u00e0 la prise de conscience collective des risques li\u00e9s \u00e0 la consommation de tabac. L\u2019assurance d\u2019un d\u00e9clin naturel des niveaux de consommation tabagique peut conduire les d\u00e9cideurs politiques \u00e0 d\u00e9velopper un faux sentiment de s\u00e9curit\u00e9. En r\u00e9alit\u00e9, la diminution de la consommation tabagique ne r\u00e9pond pas \u00e0 une logique m\u00e9canique et in\u00e9vitable, mais est le r\u00e9sultat de politiques \u00e9prouv\u00e9es et constantes de sant\u00e9 publique.<\/p>\n<p><strong>Mots cl\u00e9s : Dynamiques de consommation, Europe<br \/>\n<\/strong><\/p>\n<p><strong><a href=\"https:\/\/www.generationsanstabac.org\/\">\u00a9G\u00e9n\u00e9ration Sans Tabac<\/a><\/strong><\/p>\n<p style=\"text-align: right;\"><b><i>FT<\/i><\/b><\/p>\n<hr \/>\n<p style=\"text-align: justify;\"><a href=\"#_ftnref1\" name=\"_ftn1\">[1]<\/a> Allemagne de l\u2019Est, URSS, Yougoslavie notamment<\/p>\n<p style=\"text-align: justify;\"><a href=\"#_ftnref2\" name=\"_ftn2\">[2]<\/a> Lopez AD, Collishaw NE, Piha T, A descriptive model of the cigarette epidemic in developed countries, Tobacco Control 1994;<strong>3:<\/strong>242.<\/p>\n<p style=\"text-align: justify;\"><a href=\"#_ftnref3\" name=\"_ftn3\">[3]<\/a> Poirier MJ, Lin G, Watson LK, et al, Classifying European cigarette consumption trajectories from 1970 to 2015, Tobacco Control Published Online First: 07 January 2022. doi: 10.1136\/tobaccocontrol-2021-056627<\/p>\n<p><span style=\"color: #999999;\"><strong><a style=\"color: #999999;\" href=\"http:\/\/www.cnct.fr\/\" target=\"_blank\" rel=\"noopener noreferrer\">Comit\u00e9 National Contre le Tabagisme |<\/a><\/strong><\/span><\/p>\n","protected":false},"excerpt":{"rendered":"<p>Les dynamiques de consommation tabagique depuis quatre d\u00e9cennies sont tr\u00e8s variables en Europe. C\u2019est ce que montre une r\u00e9cente \u00e9tude publi\u00e9e dans la revue Tobaco Control, qui a compil\u00e9 les donn\u00e9es sur les trajectoires de consommation (pr\u00e9valence, intensit\u00e9 de consommation) de 41 pays et anciens pays europ\u00e9ens[1], entre 1970 et 2015. Le mod\u00e8le de r\u00e9f\u00e9rence [&hellip;]<\/p>\n","protected":false},"featured_media":10806,"template":"","tags":[],"thematique":[474],"class_list":["post-20558","actualites","type-actualites","status-publish","has-post-thumbnail","hentry","thematique-sante"],"acf":[],"_links":{"self":[{"href":"https:\/\/www.generationsanstabac.org\/en\/wp-json\/wp\/v2\/actualites\/20558","targetHints":{"allow":["GET"]}}],"collection":[{"href":"https:\/\/www.generationsanstabac.org\/en\/wp-json\/wp\/v2\/actualites"}],"about":[{"href":"https:\/\/www.generationsanstabac.org\/en\/wp-json\/wp\/v2\/types\/actualites"}],"version-history":[{"count":0,"href":"https:\/\/www.generationsanstabac.org\/en\/wp-json\/wp\/v2\/actualites\/20558\/revisions"}],"wp:featuredmedia":[{"embeddable":true,"href":"https:\/\/www.generationsanstabac.org\/en\/wp-json\/wp\/v2\/media\/10806"}],"wp:attachment":[{"href":"https:\/\/www.generationsanstabac.org\/en\/wp-json\/wp\/v2\/media?parent=20558"}],"wp:term":[{"taxonomy":"post_tag","embeddable":true,"href":"https:\/\/www.generationsanstabac.org\/en\/wp-json\/wp\/v2\/tags?post=20558"},{"taxonomy":"thematique","embeddable":true,"href":"https:\/\/www.generationsanstabac.org\/en\/wp-json\/wp\/v2\/thematique?post=20558"}],"curies":[{"name":"wp","href":"https:\/\/api.w.org\/{rel}","templated":true}]}}