{"id":20552,"date":"2022-01-04T16:36:30","date_gmt":"2022-01-04T15:36:30","guid":{"rendered":"https:\/\/www.generationsanstabac.org\/actualites\/australie-poursuit-efforts-reduire-tabagisme-communautes-aborigenes-et-insulaires\/"},"modified":"2022-01-04T16:36:30","modified_gmt":"2022-01-04T15:36:30","slug":"australie-poursuit-efforts-reduire-tabagisme-communautes-aborigenes-et-insulaires","status":"publish","type":"actualites","link":"https:\/\/www.generationsanstabac.org\/en\/actualites\/australie-poursuit-efforts-reduire-tabagisme-communautes-aborigenes-et-insulaires\/","title":{"rendered":"Australia continues efforts to reduce smoking in Aboriginal and Islander communities"},"content":{"rendered":"<p style=\"text-align: justify;\"><em>Le gouvernement australien va investir 187,8 millions de dollars (environ 120 millions d\u2019euros) suppl\u00e9mentaires dans le programme <\/em><a href=\"https:\/\/tacklingsmoking.org.au\/\"><em>Tackling Indigenous Smoking<\/em><\/a><em> (TIS), con\u00e7u pour r\u00e9duire le tabagisme dans les communaut\u00e9s aborig\u00e8nes et insulaires du d\u00e9troit de Torres<a href=\"#_ftn1\" name=\"_ftnref1\"><strong>[1]<\/strong><\/a>.<\/em><\/p>\n<p style=\"text-align: justify;\">Le tabagisme est l\u2019un des principaux facteurs d\u2019in\u00e9galit\u00e9s de sant\u00e9 et de mortalit\u00e9 entre les aborig\u00e8nes et les insulaires du d\u00e9troit de Torres et les autres habitants d\u2019Australie. Environ 40% des adultes aborig\u00e8nes ont d\u00e9clar\u00e9 \u00eatre fumeurs en 2019 contre 11,6% des Australiens non autochtones.  Dans le cadre de la strat\u00e9gie nationale de pr\u00e9vention en mati\u00e8re de sant\u00e9, le gouvernement s&rsquo;est engag\u00e9 \u00e0  faire passer la pr\u00e9valence de tabagisme des aborig\u00e8nes et insulaires du d\u00e9troit de Torres en de\u00e7\u00e0 de 27% d&rsquo;ici 2030.<\/p>\n<h2 style=\"text-align: justify;\"><strong>Une pr\u00e9valence tabagique qui reste \u00e9lev\u00e9e chez les populations aborig\u00e8nes<\/strong><\/h2>\n<p style=\"text-align: justify;\">L&rsquo;enqu\u00eate nationale sur la sant\u00e9 des aborig\u00e8nes et des insulaires du d\u00e9troit de Torres 2018-19 montre une forte tendance \u00e0 la baisse de la pr\u00e9valence du tabagisme au cours des 15 derni\u00e8res ann\u00e9es, entra\u00eenant moins de maladies li\u00e9es au tabac et de nombreuses vies sauv\u00e9es (la pr\u00e9valence tabagique y \u00e9tait de 54,5% en 1994). Cependant, cette baisse du tabagisme n&rsquo;a pas \u00e9t\u00e9 uniforme d&rsquo;une r\u00e9gion \u00e0 l&rsquo;autre. Alors que la r\u00e9duction de la pr\u00e9valence du tabagisme est manifeste dans les zones urbaines, peu de changement sont intervenus parmi les populations des zones recul\u00e9es. Ainsi, environ 50% des habitants vivant dans les zones recul\u00e9es consomment quotidiennement du tabac contre 35% des personnes aborig\u00e8nes vivant dans les villes. La r\u00e9duction de la pr\u00e9valence du tabagisme dans les r\u00e9gions \u00e9loign\u00e9es est donc une priorit\u00e9 du programme \u00ab TIS \u00bb lequel pr\u00e9voit la promotion des services d\u2019aide \u00e0 l\u2019arr\u00eat du tabac, le soutien aux logements sans tabac ou encore la mise en place de campagnes de pr\u00e9vention cibl\u00e9es<a href=\"#_ftn2\" name=\"_ftnref2\">[2]<\/a>.<\/p>\n<p style=\"text-align: justify;\">Selon une \u00e9tude de l\u2019Universit\u00e9 nationale australienne<a href=\"#_ftn3\" name=\"_ftnref3\">[3]<\/a>, sur l\u2019ensemble des d\u00e9c\u00e8s touchant ces populations, le tabac intervient dans 37% des cas. Cette proportion atteint m\u00eame 50% des d\u00e9c\u00e8s \u00e0 partir de 45 ans.<\/p>\n<h2 style=\"text-align: justify;\"><strong>Les cons\u00e9quences d\u2019un marketing cibl\u00e9 de la part de l\u2019industrie du tabac<\/strong><\/h2>\n<p style=\"text-align: justify;\">Lors d\u2019une conf\u00e9rence de presse, le ministre de la sant\u00e9 australien, Greg Hunt a d\u00e9nonc\u00e9 le marketing cibl\u00e9 de l\u2019industrie du tabac \u00e0 l\u2019encontre des populations autochtones du pays, qu\u2019il a qualifi\u00e9 de \u00ab d\u00e9goutant \u00bb et \u00ab ind\u00e9cent \u00bb<a href=\"#_ftn4\" name=\"_ftnref4\">[4]<\/a>. L\u2019industrie du tabac a d\u00e9velopp\u00e9 ses ventes depuis des d\u00e9cennies aupr\u00e8s de ces populations en ayant recours \u00e0 des publicit\u00e9 cibl\u00e9es<a href=\"#_ftn5\" name=\"_ftnref5\">[5]<\/a>. R\u00e9cemment encore, Philip Morris a envoy\u00e9 des courriers \u00e0 des organisations aborig\u00e8nes faisant la promotion de son dispositif de tabac chauff\u00e9. De m\u00eame, la Fondation pour un monde sans fum\u00e9e, financ\u00e9e par Philip Morris International, a cibl\u00e9 les peuples autochtones en finan\u00e7ant le \u00ab Centre for Research Excellence: Indigenous Sovereignty and Smoking \u00bb \u00e0 Auckland.<\/p>\n<p style=\"text-align: justify;\">Cependant, les dirigeants aborig\u00e8nes et insulaires du d\u00e9troit de Torres se sont joints \u00e0 d&rsquo;autres chercheurs australiens sp\u00e9cialistes de la lutte antitabac pour appeler \u00e0 rejeter le financement de la Fondation ou tout autre financement de l&rsquo;industrie du tabac.<\/p>\n<p><strong>Mots-cl\u00e9s : Australie, arr\u00eat du tabac, aborig\u00e8nes, insulaires, marketing cibl\u00e9, TIS<\/strong><\/p>\n<p>Cr\u00e9dit photo : \u00a9LUIS ASCUI\/EPA\/Newscom\/MaxPPP<\/p>\n<p><strong><a href=\"https:\/\/www.generationsanstabac.org\/\">\u00a9G\u00e9n\u00e9ration Sans Tabac<\/a><\/strong><\/p>\n<p style=\"text-align: right;\"><b><i>AE<\/i><\/b><\/p>\n<hr \/>\n<p><a href=\"#_ftnref1\" name=\"_ftn1\">[1]<\/a> Communiqu\u00e9 de presse, <a href=\"https:\/\/www.health.gov.au\/ministers\/the-hon-greg-hunt-mp\/media\/188-million-to-extend-indigenous-anti-smoking-program\">$188 million to extend Indigenous anti-smoking program<\/a>, site du minist\u00e8re de la sant\u00e9 australien, 4 janvier 2022, consult\u00e9 le jour-m\u00eame<\/p>\n<p><a href=\"#_ftnref2\" name=\"_ftn2\">[2]<\/a> Thomas DP, Calma T. Tackling Indigenous smoking: a good news story in Australian tobacco control. Public Health Res Pract. 2020;30(3):e3032019.<\/p>\n<p><a href=\"#_ftnref3\" name=\"_ftn3\">[3]<\/a> Katherine A Thurber, Emily Banks, Grace Joshy, Kay Soga, Alexandra Marmor, Glen Benton, Sarah L White, Sandra Eades, Raglan Maddox, Tom Calma, Raymond Lovett, Tobacco smoking and mortality among Aboriginal and Torres Strait Islander adults in Australia, <em>International Journal of Epidemiology<\/em>, 2021;, dyaa274, <a href=\"https:\/\/doi.org\/10.1093\/ije\/dyaa274\">https:\/\/doi.org\/10.1093\/ije\/dyaa274<\/a><\/p>\n<p><a href=\"#_ftnref4\" name=\"_ftn4\">[4]<\/a> Jonathan Talbot, \u2018<a href=\"https:\/\/www.skynews.com.au\/australia-news\/politics\/disgusting-and-inappropriate-greg-hunt-evicerates-tobacco-companies-for-targeting-indigenous-australians\/news-story\/c3eb3bfa45728650a8527d1783b699ea\">Disgusting and inappropriate\u2019: Greg Hunt eviscerates tobacco companies for targeting Indigenous Australians<\/a>, Sky News, 3 janvier 2022, consult\u00e9 le 4 janvier 2022<\/p>\n<p><a href=\"#_ftnref5\" name=\"_ftn5\">[5]<\/a> Van der Sterren, A, Greenhalgh, EM, Knoche, D, &amp; Winstanley, MH 8.12 The tobacco industry and Indigenous communities. In Scollo, MM and Winstanley, MH [editors].<em>Tobacco in Australia: Facts and issues<\/em>. Melbourne: Cancer Council Victoria; 2016.<\/p>\n<p><span style=\"color: #999999;\"><strong><a style=\"color: #999999;\" href=\"http:\/\/www.cnct.fr\/\" target=\"_blank\" rel=\"noopener noreferrer\">Comit\u00e9 National Contre le Tabagisme |<\/a><\/strong><\/span><\/p>\n","protected":false},"excerpt":{"rendered":"<p>Le gouvernement australien va investir 187,8 millions de dollars (environ 120 millions d\u2019euros) suppl\u00e9mentaires dans le programme Tackling Indigenous Smoking (TIS), con\u00e7u pour r\u00e9duire le tabagisme dans les communaut\u00e9s aborig\u00e8nes et insulaires du d\u00e9troit de Torres[1]. Le tabagisme est l\u2019un des principaux facteurs d\u2019in\u00e9galit\u00e9s de sant\u00e9 et de mortalit\u00e9 entre les aborig\u00e8nes et les insulaires [&hellip;]<\/p>\n","protected":false},"featured_media":10796,"template":"","tags":[],"thematique":[491,474],"class_list":["post-20552","actualites","type-actualites","status-publish","has-post-thumbnail","hentry","thematique-politiques-publiques","thematique-sante"],"acf":[],"_links":{"self":[{"href":"https:\/\/www.generationsanstabac.org\/en\/wp-json\/wp\/v2\/actualites\/20552","targetHints":{"allow":["GET"]}}],"collection":[{"href":"https:\/\/www.generationsanstabac.org\/en\/wp-json\/wp\/v2\/actualites"}],"about":[{"href":"https:\/\/www.generationsanstabac.org\/en\/wp-json\/wp\/v2\/types\/actualites"}],"version-history":[{"count":0,"href":"https:\/\/www.generationsanstabac.org\/en\/wp-json\/wp\/v2\/actualites\/20552\/revisions"}],"wp:featuredmedia":[{"embeddable":true,"href":"https:\/\/www.generationsanstabac.org\/en\/wp-json\/wp\/v2\/media\/10796"}],"wp:attachment":[{"href":"https:\/\/www.generationsanstabac.org\/en\/wp-json\/wp\/v2\/media?parent=20552"}],"wp:term":[{"taxonomy":"post_tag","embeddable":true,"href":"https:\/\/www.generationsanstabac.org\/en\/wp-json\/wp\/v2\/tags?post=20552"},{"taxonomy":"thematique","embeddable":true,"href":"https:\/\/www.generationsanstabac.org\/en\/wp-json\/wp\/v2\/thematique?post=20552"}],"curies":[{"name":"wp","href":"https:\/\/api.w.org\/{rel}","templated":true}]}}