{"id":20549,"date":"2022-01-03T14:11:09","date_gmt":"2022-01-03T13:11:09","guid":{"rendered":"https:\/\/www.generationsanstabac.org\/actualites\/interdiction-de-vente-nicotine-filtre-comment-lirlande-veut-mettre-fin-au-tabagisme\/"},"modified":"2022-01-03T14:11:09","modified_gmt":"2022-01-03T13:11:09","slug":"interdiction-de-vente-nicotine-filtre-comment-lirlande-veut-mettre-fin-au-tabagisme","status":"publish","type":"actualites","link":"https:\/\/www.generationsanstabac.org\/en\/actualites\/interdiction-de-vente-nicotine-filtre-comment-lirlande-veut-mettre-fin-au-tabagisme\/","title":{"rendered":"Ban on sales, nicotine, filters: how Ireland wants to end smoking"},"content":{"rendered":"<p style=\"text-align: justify;\"><em>L\u2019Irlande semble d\u00e9cid\u00e9e \u00e0 intensifier la lutte contre le tabagisme pour les prochaines ann\u00e9es, et \u00e9value l\u2019opportunit\u00e9 de diff\u00e9rents sc\u00e9narios visant \u00e0 r\u00e9duire drastiquement la consommation tabagique dans le pays. Cette strat\u00e9gie d\u2019une Irlande sans tabac, d\u00e9cid\u00e9e par les pouvoirs publics en 2013, vise \u00e0 faire passer le taux de fumeurs sous la barre symbolique des 5% d\u2019ici 2025. <\/em><\/p>\n<p style=\"text-align: justify;\">Dans le cadre du programme strat\u00e9gique pour une Irlande sans tabac de 2022, le Health Service Executive (HSE), soit le syst\u00e8me de sant\u00e9 publique d\u2019Irlande, va mener au cours de l\u2019ann\u00e9e diff\u00e9rentes \u00e9tudes afin de proposer plusieurs mesures de lutte contre le tabagisme, et \u00e9valuer le degr\u00e9 de soutien de l\u2019opinion publique \u00e0 celles-ci<a href=\"#_ftn1\" name=\"_ftnref1\">[1]<\/a>.<\/p>\n<h2 style=\"text-align: justify;\"><strong>Une intensification des mesures de sant\u00e9 publique \u00e0 l\u2019\u00e9tude<\/strong><\/h2>\n<p style=\"text-align: justify;\">Parmi les propositions \u00e9voqu\u00e9es, le HSE envisage d\u2019interdire totalement la vente de tabac sur le territoire irlandais, ou de r\u00e9duire consid\u00e9rablement le nombre de points de ventes autoris\u00e9s \u00e0 commercialiser des produits du tabac, en le restreignant par exemple aux seules pharmacies. Le HSE \u00e9valuera \u00e9galement des mesures de r\u00e9glementation sur la composition des produits du tabac, comme la r\u00e9duction des niveaux de concentration nicotinique, destin\u00e9e \u00e0 rendre les produits moins addictifs, <a href=\"https:\/\/www.generationsanstabac.org\/article\/interdiction-filtres-cigarettes\/\">l\u2019interdiction des filtres, source majeure de pollution et sans justification sanitaire,<\/a> ou encore l\u2019apposition d\u2019avertissements sanitaires sur chaque cigarette.<\/p>\n<h2 style=\"text-align: justify;\"><strong>L\u2019Irlande envisage de faire payer l\u2019industrie du tabac<\/strong><\/h2>\n<p style=\"text-align: justify;\">Le r\u00f4le des fabricants dans l\u2019\u00e9pid\u00e9mie tabagique est par ailleurs soulign\u00e9 par le HSE. Ainsi, l\u2019une des options \u00e9valu\u00e9es viserait \u00e0 faire supporter les d\u00e9penses de sant\u00e9 li\u00e9es au tabagisme par les cigarettiers. Selon une \u00e9tude de 2016 r\u00e9alis\u00e9e par le HSE et relay\u00e9e par The Irish Times, la consommation active de tabac et le tabagisme passif co\u00fbteraient 172 millions d\u2019euros par an au syst\u00e8me de sant\u00e9 irlandais. Chaque ann\u00e9e, plus de 300 000 journ\u00e9es de lit et plus de 33 000 hospitalisations \u00e9taient attribuables \u00e0 des maladies li\u00e9es au tabac. Enfin, le HSE envisage \u00e9galement d\u2019interdire aux repr\u00e9sentants de l\u2019industrie du tabac de rencontrer des membres du gouvernement irlandais. Cette disposition irait ainsi plus loin que ce que pr\u00e9voit la Convention-cadre de l\u2019OMS pour la lutte antitabac (CCLAT), qui impose \u00e0 ses Parties de limiter les interactions entre l\u2019industrie du tabac et les pouvoirs publics au strict n\u00e9cessaire<a href=\"#_ftn2\" name=\"_ftnref2\">[2]<\/a>.<\/p>\n<h2 style=\"text-align: justify;\"><strong>La fin du tabagisme, un sc\u00e9nario de plus en plus cr\u00e9dible dans plusieurs pays <\/strong><\/h2>\n<p style=\"text-align: justify;\">L\u2019organisation de la fin d\u00e9finitive du tabagisme, \u00e9galement appel\u00e9e strat\u00e9gie du \u00ab End game \u00bb, est une option de plus en plus consid\u00e9r\u00e9e par les diff\u00e9rents pouvoirs publics du monde entier. En particulier, des pays comme l\u2019Australie ou la Nouvelle-Z\u00e9lande pr\u00e9voient de faire diminuer la pr\u00e9valence tabagique \u00e0 5% d\u2019ici 2025. En France, le pr\u00e9sident de la R\u00e9publique Emmanuel Macron a annonc\u00e9 vouloir une premi\u00e8re g\u00e9n\u00e9ration sans tabac en 2030 : au moins 95% des personnes \u00e2g\u00e9es de 18 ans \u00e0 cette date ne devraient \u00e0 cette date consommer aucun produit du tabac.<\/p>\n<p><strong>Mots cl\u00e9s : Irlande, End Game<br \/>\n<\/strong><\/p>\n<p><strong><a href=\"https:\/\/www.generationsanstabac.org\/\">\u00a9G\u00e9n\u00e9ration Sans Tabac<\/a><\/strong><\/p>\n<p style=\"text-align: right;\"><b><i>FT<\/i><\/b><\/p>\n<hr \/>\n<p style=\"text-align: justify;\"><a href=\"#_ftnref1\" name=\"_ftn1\">[1]<\/a> The Irish Times, <a href=\"https:\/\/www.irishtimes.com\/news\/health\/hse-considers-ban-on-sale-of-tobacco-in-state-1.4765676\">HSE considers ban on sale of tobacco in State<\/a>, 30\/12\/2021, (consult\u00e9 le 03\/01\/2022)<\/p>\n<p style=\"text-align: justify;\"><a href=\"#_ftnref2\" name=\"_ftn2\">[2]<\/a> Organisation mondiale de la sant\u00e9, <a href=\"https:\/\/www.who.int\/fctc\/text_download\/fr\/\">Convention-cadre pour la lutte antitabac<\/a>, 2003, (texte int\u00e9gral, fran\u00e7ais)<\/p>\n<p><span style=\"color: #999999;\"><strong><a style=\"color: #999999;\" href=\"http:\/\/www.cnct.fr\/\" target=\"_blank\" rel=\"noopener noreferrer\">Comit\u00e9 National Contre le Tabagisme |<\/a><\/strong><\/span><\/p>\n","protected":false},"excerpt":{"rendered":"<p>L\u2019Irlande semble d\u00e9cid\u00e9e \u00e0 intensifier la lutte contre le tabagisme pour les prochaines ann\u00e9es, et \u00e9value l\u2019opportunit\u00e9 de diff\u00e9rents sc\u00e9narios visant \u00e0 r\u00e9duire drastiquement la consommation tabagique dans le pays. Cette strat\u00e9gie d\u2019une Irlande sans tabac, d\u00e9cid\u00e9e par les pouvoirs publics en 2013, vise \u00e0 faire passer le taux de fumeurs sous la barre symbolique [&hellip;]<\/p>\n","protected":false},"featured_media":10790,"template":"","tags":[],"thematique":[491],"class_list":["post-20549","actualites","type-actualites","status-publish","has-post-thumbnail","hentry","thematique-politiques-publiques"],"acf":[],"_links":{"self":[{"href":"https:\/\/www.generationsanstabac.org\/en\/wp-json\/wp\/v2\/actualites\/20549","targetHints":{"allow":["GET"]}}],"collection":[{"href":"https:\/\/www.generationsanstabac.org\/en\/wp-json\/wp\/v2\/actualites"}],"about":[{"href":"https:\/\/www.generationsanstabac.org\/en\/wp-json\/wp\/v2\/types\/actualites"}],"version-history":[{"count":0,"href":"https:\/\/www.generationsanstabac.org\/en\/wp-json\/wp\/v2\/actualites\/20549\/revisions"}],"wp:featuredmedia":[{"embeddable":true,"href":"https:\/\/www.generationsanstabac.org\/en\/wp-json\/wp\/v2\/media\/10790"}],"wp:attachment":[{"href":"https:\/\/www.generationsanstabac.org\/en\/wp-json\/wp\/v2\/media?parent=20549"}],"wp:term":[{"taxonomy":"post_tag","embeddable":true,"href":"https:\/\/www.generationsanstabac.org\/en\/wp-json\/wp\/v2\/tags?post=20549"},{"taxonomy":"thematique","embeddable":true,"href":"https:\/\/www.generationsanstabac.org\/en\/wp-json\/wp\/v2\/thematique?post=20549"}],"curies":[{"name":"wp","href":"https:\/\/api.w.org\/{rel}","templated":true}]}}