{"id":20548,"date":"2021-12-23T14:35:50","date_gmt":"2021-12-23T13:35:50","guid":{"rendered":"https:\/\/www.generationsanstabac.org\/actualites\/malgre-la-pandemie-les-progres-de-la-lutte-antitabac-mondiale-sont-considerables-selon-loms\/"},"modified":"2021-12-23T14:35:50","modified_gmt":"2021-12-23T13:35:50","slug":"malgre-la-pandemie-les-progres-de-la-lutte-antitabac-mondiale-sont-considerables-selon-loms","status":"publish","type":"actualites","link":"https:\/\/www.generationsanstabac.org\/en\/actualites\/malgre-la-pandemie-les-progres-de-la-lutte-antitabac-mondiale-sont-considerables-selon-loms\/","title":{"rendered":"Despite the pandemic, progress in global tobacco control is &quot;considerable,&quot; says WHO"},"content":{"rendered":"<p style=\"text-align: justify;\"><em>Un rapport de l\u2019Organisation mondiale de la sant\u00e9 montre une \u00e9volution positive de la lutte contre le tabagisme \u00e0 l\u2019\u00e9chelle internationale, et ce malgr\u00e9 le contexte de pand\u00e9mie de Covid-19.  Selon l\u2019OMS, si cette tendance \u00e0 la baisse est encourageante, elle demeure cependant in\u00e9gale selon les r\u00e9gions. Ainsi, l\u2019acc\u00e9l\u00e9ration de la mise en place de mesures \u00e9prouv\u00e9es et pr\u00e9vues dans la Convention-cadre de l\u2019OMS pour la lutte antitabac (CCLAT) doit \u00eatre une \u00ab priorit\u00e9 et un pilier important de la sant\u00e9 publique \u00bb<a href=\"#_ftn1\" name=\"_ftnref1\"><strong>[1]<\/strong><\/a>. <\/em><\/p>\n<p style=\"text-align: justify;\">Selon l\u2019OMS, les politiques publiques mondiales ne se sont pas d\u00e9tourn\u00e9es de la lutte contre le tabagisme, mais ont au contraire r\u00e9alis\u00e9 des \u00ab progr\u00e8s consid\u00e9rables \u00bb, permettant une r\u00e9duction de la pr\u00e9valence tabagique dans 150 pays dans le monde.<\/p>\n<h2 style=\"text-align: justify;\"><strong>Une diminution de la pr\u00e9valence, mais pas du nombre de consommateurs<\/strong><\/h2>\n<p style=\"text-align: justify;\">Dans 60 pays, la dynamique de consommation tabagique leur permettra d\u2019atteindre un objectif de r\u00e9duction de la pr\u00e9valence de 30%, entre 2010 et 2025. Le nombre de pays pouvant atteindre cet objectif de sant\u00e9 publique a doubl\u00e9 depuis 2019. Toutefois, si le taux de fumeur diminue, la croissance d\u00e9mographique emp\u00eache que cette diminution de la pr\u00e9valence se traduise par une diminution du nombre de consommateurs. Selon l\u2019OMS, il est n\u00e9cessaire d\u2019intensifier la r\u00e9duction de la pr\u00e9valence tabagique pour renverser cette tendance. Par ailleurs, la lutte contre le tabagisme doit avoir une approche exhaustive sur les modes de consommation tabagique. En effet, selon le rapport, un tiers des consommateurs de tabac ne sont pas fumeurs de cigarettes, et privil\u00e9gient des modes de consommation alternatifs (cigares, pipes, tabac \u00e0 m\u00e2cher, snus, etc).<\/p>\n<h2 style=\"text-align: justify;\"><strong>En Europe, une situation en demi-teinte<\/strong><\/h2>\n<p style=\"text-align: justify;\">Dans la r\u00e9gion europ\u00e9enne de l\u2019OMS, environ 180 millions de personnes sont actuellement fumeuses, pour une pr\u00e9valence tabagique moyenne de 25%, soit trois points au-dessus du taux de fumeurs moyen mondial. Ce chiffre cache de fortes disparit\u00e9s de genre : en Europe, 18% des femmes sont actuellement fumeuses, contre 33% chez les hommes. Toutefois, les femmes en Europe sont les plus lentes du monde \u00e0 r\u00e9duire leur consommation tabagique, tandis que la r\u00e9gion europ\u00e9enne est la seule en mauvaise position pour r\u00e9duire la consommation des femmes de 30% d\u2019ici 2025. Pour cette raison, l\u2019OMS souligne <a href=\"https:\/\/alliancecontreletabac.org\/2021\/05\/27\/femmes-libres\/\">la n\u00e9cessit\u00e9 de davantage int\u00e9grer la question du genre dans les politiques antitabac<\/a>. La situation pour les jeunes g\u00e9n\u00e9rations est \u00e9galement plus d\u00e9grad\u00e9e en comparaison de la situation mondiale. On estime en effet que pr\u00e8s de 14% des gar\u00e7ons et 12% des filles sont aujourd\u2019hui fumeurs en Europe.<\/p>\n<p><strong>Mots cl\u00e9s : OMS, Covid, Pr\u00e9valence, Europe<br \/>\n<\/strong><\/p>\n<p><strong><a href=\"https:\/\/www.generationsanstabac.org\/\">\u00a9G\u00e9n\u00e9ration Sans Tabac<\/a><\/strong><\/p>\n<p style=\"text-align: right;\"><b><i>FT<\/i><\/b><\/p>\n<hr \/>\n<p style=\"text-align: justify;\"><a href=\"#_ftnref1\" name=\"_ftn1\">[1]<\/a> Organisation mondiale de la sant\u00e9, <a href=\"https:\/\/www.who.int\/publications\/i\/item\/9789240039322\">WHO global report on trends in prevalence of tobacco use 2000-2025, fourth edition<\/a>, 16\/11\/2021, (consult\u00e9 le 21\/12\/2021)<\/p>\n<p><span style=\"color: #999999;\"><strong><a style=\"color: #999999;\" href=\"http:\/\/www.cnct.fr\/\" target=\"_blank\" rel=\"noopener noreferrer\">Comit\u00e9 National Contre le Tabagisme |<\/a><\/strong><\/span><\/p>\n","protected":false},"excerpt":{"rendered":"<p>A report from the World Health Organization shows positive progress in the fight against tobacco use internationally, despite the Covid-19 pandemic.<\/p>","protected":false},"featured_media":10788,"template":"","tags":[],"thematique":[474],"class_list":["post-20548","actualites","type-actualites","status-publish","has-post-thumbnail","hentry","thematique-sante"],"acf":[],"_links":{"self":[{"href":"https:\/\/www.generationsanstabac.org\/en\/wp-json\/wp\/v2\/actualites\/20548","targetHints":{"allow":["GET"]}}],"collection":[{"href":"https:\/\/www.generationsanstabac.org\/en\/wp-json\/wp\/v2\/actualites"}],"about":[{"href":"https:\/\/www.generationsanstabac.org\/en\/wp-json\/wp\/v2\/types\/actualites"}],"version-history":[{"count":0,"href":"https:\/\/www.generationsanstabac.org\/en\/wp-json\/wp\/v2\/actualites\/20548\/revisions"}],"wp:featuredmedia":[{"embeddable":true,"href":"https:\/\/www.generationsanstabac.org\/en\/wp-json\/wp\/v2\/media\/10788"}],"wp:attachment":[{"href":"https:\/\/www.generationsanstabac.org\/en\/wp-json\/wp\/v2\/media?parent=20548"}],"wp:term":[{"taxonomy":"post_tag","embeddable":true,"href":"https:\/\/www.generationsanstabac.org\/en\/wp-json\/wp\/v2\/tags?post=20548"},{"taxonomy":"thematique","embeddable":true,"href":"https:\/\/www.generationsanstabac.org\/en\/wp-json\/wp\/v2\/thematique?post=20548"}],"curies":[{"name":"wp","href":"https:\/\/api.w.org\/{rel}","templated":true}]}}