{"id":20546,"date":"2021-12-17T13:36:46","date_gmt":"2021-12-17T12:36:46","guid":{"rendered":"https:\/\/www.generationsanstabac.org\/actualites\/allemagne-organisations-de-sante-appellent-a-renforcer-les-mesures-antitabac-pour-proteger-les-femmes\/"},"modified":"2021-12-17T13:36:46","modified_gmt":"2021-12-17T12:36:46","slug":"allemagne-organisations-de-sante-appellent-a-renforcer-les-mesures-antitabac-pour-proteger-les-femmes","status":"publish","type":"actualites","link":"https:\/\/www.generationsanstabac.org\/en\/actualites\/allemagne-organisations-de-sante-appellent-a-renforcer-les-mesures-antitabac-pour-proteger-les-femmes\/","title":{"rendered":"Germany: Organizations call for stronger anti-smoking measures to protect women"},"content":{"rendered":"<p style=\"text-align: justify;\"><em>Dans le cadre de la <\/em><a href=\"https:\/\/unfairtobacco.org\/neue-broschuere-frauenrechte-und-tabakkontrolle\/#\/\"><em>19e Conf\u00e9rence allemande pour la lutte antitabac<\/em><\/a><em>, 23 organisations de sant\u00e9, de d\u00e9veloppement et de lutte antitabac ont publi\u00e9 un rapport<a href=\"#_ftn1\" name=\"_ftnref1\"><strong>[1]<\/strong><\/a> sur le th\u00e8me des droits des femmes et de la lutte antitabac. Dans ce document, divers auteurs examinent les liens entre les droits des femmes, les objectifs de d\u00e9veloppement durable et la lutte antitabac et appellent l\u2019Allemagne \u00e0 renforcer ses mesures de lutte antitabac.  <\/em><\/p>\n<p style=\"text-align: justify;\">La culture et la consommation de tabac sont li\u00e9es \u00e0 de nombreuses violations des droits des femmes et vont \u00e0 l\u2019encontre des <a href=\"https:\/\/www.un.org\/sustainabledevelopment\/fr\/objectifs-de-developpement-durable\/\">Objectifs de D\u00e9veloppement Durable<\/a> (ODD). Les acteurs de sant\u00e9 et de d\u00e9fense des droits humains soulignent qu\u2019il en est de la responsabilit\u00e9 des \u00c9tats de faire respecter et de prot\u00e9ger les droits des femmes tels qui sont reconnus dans la <a href=\"https:\/\/www.ohchr.org\/fr\/professionalinterest\/pages\/cedaw.aspx\">Convention des Nations Unies sur l&rsquo;\u00e9limination de toutes les formes de discrimination \u00e0 l&rsquo;\u00e9gard des femmes<\/a> (CEDAW).<\/p>\n<h2 style=\"text-align: justify;\"><strong>Les femmes, cibles privil\u00e9gi\u00e9es de l\u2019industrie du tabac<\/strong><\/h2>\n<p style=\"text-align: justify;\">Les femmes traditionnellement consomment moins de tabac que les hommes, en particulier dans les pays \u00e0 revenu faible et interm\u00e9diaire, car la norme sociale n\u2019y a pas encore d\u00e9velopp\u00e9. Cependant, \u00e0 la faveur d\u2019une combinaison de facteurs : marketing cibl\u00e9 de l&rsquo;industrie, croissance d\u00e9mographique continue dans les pays \u00e0 revenu faible et interm\u00e9diaire, \u00e9volution des normes de genre, l\u2019augmentation de la consommation f\u00e9minine pourrait \u00eatre consid\u00e9rable en l\u2019absence d\u2019actions imm\u00e9diates.<\/p>\n<p style=\"text-align: justify;\">\u00c0 l\u2019\u00e9chelle mondiale, 5,5% des femmes de 15 ans et plus consomment des produits du tabac avec de grandes disparit\u00e9s selon les r\u00e9gions (17,5% en Europe, 10% sur le continent am\u00e9ricain contre 0,9% en Asie du Sud-Est ou 1,4% en Afrique). En Allemagne, 23% des femmes de plus de 15 ans fument et le nombre de d\u00e9c\u00e8s de femmes dus \u00e0 la consommation de tabac est pass\u00e9 de 43 000 en 2007 \u00e0 50 000 en 2017. En d\u00e9pit des cons\u00e9quences sanitaires majeures, l\u2019Allemagne ne dispose pas de mesures cl\u00e9s de lutte contre le tabagisme telles que des augmentations significatives des taxes sur le tabac, une l\u00e9gislation compl\u00e8te relatives aux lieux sans tabac, ainsi qu\u2019une interdiction de la publicit\u00e9, de la promotion et du parrainage du tabac.<\/p>\n<h2 style=\"text-align: justify;\"><strong>Les femmes restent les principales victimes du tabagisme passif<\/strong><\/h2>\n<p style=\"text-align: justify;\">Bien que l&rsquo;exposition \u00e0 la fum\u00e9e secondaire ait diminu\u00e9 du fait de la g\u00e9n\u00e9ralisation de mesures d\u2019interdiction de fumer \u00e0 l\u2019international, un tiers des femmes restent expos\u00e9es au tabagisme passif dans le monde contre 20% des hommes. La mortalit\u00e9 associ\u00e9e au tabagisme passif est significativement plus \u00e9lev\u00e9e chez ces derni\u00e8res : pr\u00e8s de 600 000 femmes d\u00e9c\u00e8dent chaque ann\u00e9e des suites de d\u00e9c\u00e8s li\u00e9s au tabagisme passif, soit plus du double du nombre d&rsquo;hommes.<\/p>\n<p style=\"text-align: justify;\">L&rsquo;usage du tabac et l\u2019exposition au tabagisme passif pr\u00e9sentent \u00e9galement des risques particuliers pour les femmes. Il favorise le d\u00e9veloppement du cancer du sein et du col de l&rsquo;ut\u00e9rus, r\u00e9duit la fertilit\u00e9 et entraine des complications pendant la grossesse. L&rsquo;exposition \u00e0 la fum\u00e9e secondaire pendant la grossesse peut en outre nuire \u00e0 l\u2019enfant \u00e0 na\u00eetre. En Allemagne, 20% des jeunes femmes \u00e2g\u00e9es de 18 \u00e0 29 ans sont expos\u00e9es quotidiennement au tabagisme passif<a href=\"#_ftn2\" name=\"_ftnref2\">[2]<\/a>. L&rsquo;Allemagne n&rsquo;a pas une l\u00e9gislation f\u00e9d\u00e9rale compl\u00e8te d\u2019interdiction de fumer mais renvoie en la mati\u00e8re \u00e0 des l\u00e9gislations diff\u00e9renci\u00e9es selon ses 16 \u00c9tats f\u00e9d\u00e9raux. On y d\u00e9nombre diff\u00e9rents types d&rsquo;exemptions et de lacunes, entra\u00eenant des niveaux de protection in\u00e9gaux contre l&rsquo;exposition \u00e0 la fum\u00e9e secondaire.<\/p>\n<h2 style=\"text-align: justify;\"><strong>Inclure le droit des femmes dans la lutte globale contre le tabagisme<\/strong><\/h2>\n<p style=\"text-align: justify;\">L&rsquo;Allemagne est \u00e0 la tra\u00eene dans la lutte antitabac et, plus de 15 ans apr\u00e8s avoir ratifi\u00e9 la <a href=\"http:\/\/apps.who.int\/iris\/bitstream\/handle\/10665\/42812\/9242591017.pdf;jsessionid=9B8FBC7C84A0AAE55EB7B4CAA7FF491B?sequence=1\">Convention-Cadre de l\u2019OMS<\/a>, elle ne dispose toujours pas d&rsquo;une strat\u00e9gie globale de lutte antitabac. Aussi pour r\u00e9duire efficacement et durablement la consommation de produits du tabac, les organisations de sant\u00e9 insistent sur l\u2019obligation du pays \u00e0 mettre en \u0153uvre les dispositions de la Convention-cadre pour la lutte antitabac, dont le pr\u00e9ambule fait r\u00e9f\u00e9rence \u00e0 la CEDAW, dans leur int\u00e9gralit\u00e9. Le rapport souligne l\u2019importance de s\u2019assurer que toutes les mesures de lutte antitabac atteignent les groupes particuli\u00e8rement touch\u00e9s et d\u00e9favoris\u00e9s tels que les femmes ayant un statut socio-\u00e9conomique d\u00e9favoris\u00e9. Le pourcentage de fumeurs parmi les femmes non-dipl\u00f4m\u00e9es est de pr\u00e8s de 48% (contre 19% des femmes ayant un dipl\u00f4me) en Allemagne<a href=\"#_ftn3\" name=\"_ftnref3\">[3]<\/a>.<\/p>\n<p style=\"text-align: justify;\">Cette d\u00e9marche s\u2019inscrit dans un mouvement. En mai 2021, plus de 50 organisations de sant\u00e9 publique et de la soci\u00e9t\u00e9 civile allemande avaient publi\u00e9 la \u00ab Strat\u00e9gie pour une Allemagne sans tabac 2040 \u00bb<a href=\"#_ftn4\" name=\"_ftnref4\">[4]<\/a>. Il s\u2019agissait d\u2019un appel au gouvernement \u00e0 mettre en \u0153uvre des mesures de lutte antitabac qui visent \u00e0 une g\u00e9n\u00e9ration sans tabac d\u2019ici 2040<a href=\"#_ftn5\" name=\"_ftnref5\">[5]<\/a>.<\/p>\n<p><strong>Mots cl\u00e9s : Allemagne, droits des femmes, lutte antitabac, CCLAT, CEDAW<\/strong><\/p>\n<p>Cr\u00e9dit photo : <strong>\u00a9<\/strong>Wolfram Steinberg\/picture alliance \/ Wolfram Stein\/MaxPPP<\/p>\n<p style=\"text-align: justify;\"><strong><a href=\"https:\/\/www.generationsanstabac.org\/\">\u00a9G\u00e9n\u00e9ration Sans Tabac<\/a><\/strong><\/p>\n<p style=\"text-align: right;\"><b><i>AE<\/i><\/b><\/p>\n<hr \/>\n<p><a href=\"#_ftnref1\" name=\"_ftn1\">[1]<\/a> Sonja von Eichborn, Katrin Schaller, Sabina Ulbricht, Caroline Renzulli, Mary Clare Rosemeyer, Debra Rosen, Mark Hurley, Farida Akhter, Brenda Chitindi, Viola Dannenmaier, <a href=\"https:\/\/unfairtobacco.org\/wp-content\/uploads\/2021\/12\/Frauenrechte_Tabakkontrolle_2021.pdf\">Frauenrechte und Tabakkontrolle:<\/a><\/p>\n<p><a href=\"https:\/\/unfairtobacco.org\/wp-content\/uploads\/2021\/12\/Frauenrechte_Tabakkontrolle_2021.pdf\">Das Recht auf eine tabakfreie Welt<\/a>, Unfairtobacco, d\u00e9cembre 2021<\/p>\n<p><a href=\"#_ftnref2\" name=\"_ftn2\">[2]<\/a> DKFZ 2020: Tabakatlas Deutschland 2020.<\/p>\n<p><a href=\"#_ftnref3\" name=\"_ftn3\">[3]<\/a> DKFZ 2020: Tabakatlas Deutschland 2020.<\/p>\n<p><a href=\"#_ftnref4\" name=\"_ftn4\">[4]<\/a> <a href=\"https:\/\/unfairtobacco.org\/wp-content\/uploads\/2021\/06\/Strategie-fuer-ein-tabakfreies-Deutschland-2040.pdf\">Strategie f\u00fcr ein tabakfreies Deutschland 2040<\/a>, Deutsches Krebsforschungszentrum, DKFZ, 31 mai 2021, consult\u00e9 le 16 d\u00e9cembre 2021<\/p>\n<p><a href=\"#_ftnref5\" name=\"_ftn5\">[5]<\/a> G\u00e9n\u00e9ration Sans Tabac, <a href=\"https:\/\/www.generationsanstabac.org\/actualites\/allemagne-defi-generation-sans-tabac-et-sans-nicotine-2040\/\">Allemagne : le d\u00e9fi d\u2019une g\u00e9n\u00e9ration sans tabac et sans nicotine d\u2019ici 2040<\/a>, 17 septembre 2021, consult\u00e9 le 16 d\u00e9cembre 2021<\/p>\n<p><span style=\"color: #999999;\"><strong><a style=\"color: #999999;\" href=\"http:\/\/www.cnct.fr\/\" target=\"_blank\" rel=\"noopener noreferrer\">Comit\u00e9 National Contre le Tabagisme |<\/a><\/strong><\/span><\/p>\n","protected":false},"excerpt":{"rendered":"<p>As part of the 19th German Tobacco Control Conference, 23 health, development and tobacco control organisations published a report on the topic of women&#039;s rights and tobacco control.<\/p>","protected":false},"featured_media":10784,"template":"","tags":[],"thematique":[491,474],"class_list":["post-20546","actualites","type-actualites","status-publish","has-post-thumbnail","hentry","thematique-politiques-publiques","thematique-sante"],"acf":[],"_links":{"self":[{"href":"https:\/\/www.generationsanstabac.org\/en\/wp-json\/wp\/v2\/actualites\/20546","targetHints":{"allow":["GET"]}}],"collection":[{"href":"https:\/\/www.generationsanstabac.org\/en\/wp-json\/wp\/v2\/actualites"}],"about":[{"href":"https:\/\/www.generationsanstabac.org\/en\/wp-json\/wp\/v2\/types\/actualites"}],"version-history":[{"count":0,"href":"https:\/\/www.generationsanstabac.org\/en\/wp-json\/wp\/v2\/actualites\/20546\/revisions"}],"wp:featuredmedia":[{"embeddable":true,"href":"https:\/\/www.generationsanstabac.org\/en\/wp-json\/wp\/v2\/media\/10784"}],"wp:attachment":[{"href":"https:\/\/www.generationsanstabac.org\/en\/wp-json\/wp\/v2\/media?parent=20546"}],"wp:term":[{"taxonomy":"post_tag","embeddable":true,"href":"https:\/\/www.generationsanstabac.org\/en\/wp-json\/wp\/v2\/tags?post=20546"},{"taxonomy":"thematique","embeddable":true,"href":"https:\/\/www.generationsanstabac.org\/en\/wp-json\/wp\/v2\/thematique?post=20546"}],"curies":[{"name":"wp","href":"https:\/\/api.w.org\/{rel}","templated":true}]}}