{"id":20540,"date":"2021-12-10T10:53:14","date_gmt":"2021-12-10T09:53:14","guid":{"rendered":"https:\/\/www.generationsanstabac.org\/actualites\/hausses-de-taxes-tabac-indispensables-baisse-consommation\/"},"modified":"2021-12-10T10:53:14","modified_gmt":"2021-12-10T09:53:14","slug":"hausses-de-taxes-tabac-indispensables-baisse-consommation","status":"publish","type":"actualites","link":"https:\/\/www.generationsanstabac.org\/en\/actualites\/hausses-de-taxes-tabac-indispensables-baisse-consommation\/","title":{"rendered":"Tax increases are essential but not enough to reduce tobacco consumption"},"content":{"rendered":"<p style=\"text-align: justify;\"><em>Une \u00e9tude r\u00e9alis\u00e9e par l&rsquo;Institut d&rsquo;\u00e9conomie de la sant\u00e9 de l&rsquo;Universit\u00e9 des sciences appliqu\u00e9es de Zurich<a href=\"#_ftn1\" name=\"_ftnref1\"><strong>[1]<\/strong><\/a> pour le compte de la Ligue pulmonaire et du Groupe de travail suisse sur la pr\u00e9vention du tabac s&rsquo;est pench\u00e9e sur la question de l&rsquo;effet des hausses de taxes sur le tabac sur le comportement tabagique. L&rsquo;\u00e9tude \u00e9tablit une comparaison entre pays europ\u00e9ens. Elle montre qu&rsquo;une augmentation de la fiscalit\u00e9 du tabac dans les pays ayant des mesures de lutte antitabac relativement strictes va de pair avec une pr\u00e9valence plus faible du tabagisme.<\/em><\/p>\n<p style=\"text-align: justify;\">L&rsquo;\u00e9tude comparative a utilis\u00e9 un ensemble complet de donn\u00e9es provenant de l\u2019OMS, de la Banque Mondiale ou encore du <a href=\"https:\/\/www.tobaccocontrolscale.org\/\">Tobacco Control Scale<\/a> (TCS) portant sur 27 pays europ\u00e9ens. Elle couvre la p\u00e9riode de 2010 \u00e0 2020.<\/p>\n<h2 style=\"text-align: justify;\"><strong>Le prix influe sur le comportement tabagique du fumeur<\/strong><\/h2>\n<p style=\"text-align: justify;\">Les r\u00e9sultats montrent que les fumeurs r\u00e9agissent aux augmentations des taxes sur le tabac quel que soit le pays. Dans les pays qui poss\u00e8dent un environnement favorable \u00e0 la consommation (par rapport au classement TCS de 2019 comme la Suisse ou l\u2019Allemagne), les fumeurs r\u00e9agissent aux augmentations des taxes sur le tabac en r\u00e9duisant leur consommation de cigarettes mais en n&rsquo;arr\u00eatant pas de fumer. Dans un pays appliquant des mesures antitabac plus compl\u00e8tes et plus strictes (comme le Royaume-Uni ou la Norv\u00e8ge), les fumeurs sont plus nombreux \u00e0 arr\u00eater de fumer lorsque les prix augmentent.<\/p>\n<p style=\"text-align: justify;\">Selon l&rsquo;Organisation mondiale de la sant\u00e9 (OMS), une augmentation significative des taxes et des prix des produits du tabac est la mesure la plus rentable pour r\u00e9duire la consommation de tabac. Le mod\u00e8le de calcul de l\u2019\u00e9tude a d\u00e9mont\u00e9 qu&rsquo;une hausse de 10% des prix peut entra\u00eener une baisse de la consommation allant jusqu&rsquo;\u00e0 9%.  L\u2019\u00e9tude confirme aussi que les hausses de taxes et de prix ont un effet plus important sur les jeunes : lorsque les prix augmentent, la consommation de tabac diminue deux \u00e0 trois fois plus chez les jeunes que chez les adultes. Des taxes et des prix plus \u00e9lev\u00e9s dissuadent \u00e9galement fortement les jeunes de commencer \u00e0 fumer.<\/p>\n<h2 style=\"text-align: justify;\"><strong>La hausse des taxes doit \u00eatre int\u00e9gr\u00e9e dans un arsenal complet de mesures<\/strong><\/h2>\n<p style=\"text-align: justify;\">Un ensemble de mesures de lutte antitabac est n\u00e9cessaire pour r\u00e9duire consid\u00e9rablement la pr\u00e9valence tabagique. Les augmentations significatives et r\u00e9guli\u00e8res de taxes sont n\u00e9cessaires mais pas suffisantes en tant que mesure individuelle. Les r\u00e9sultats d\u00e9montrent que dans les pays ayant des r\u00e9glementations strictes et compl\u00e8tes en mati\u00e8re de lutte antitabac (Europe du Nord et de l\u2019Ouest), la consommation a en moyenne baiss\u00e9 de 7% entre 2010 et 2020 contre en moyenne 3% dans les pays avec des mesures plus faibles (Europe du sud ou de l\u2019est).<\/p>\n<p style=\"text-align: justify;\">Le moyen le plus efficace de r\u00e9duire durablement la consommation de tabac consiste \u00e0 mettre en \u0153uvre des politiques globales et \u00e9prouv\u00e9es de lutte antitabac, ciblant \u00e0 la fois l\u2019offre et la demande comme celles \u00e9nonc\u00e9es dans la Convention-Cadre de l&rsquo;OMS (l\u2019interdiction de la publicit\u00e9 pour le tabac, le d\u00e9ploiement des lieux sans tabac, l\u2019interdiction des ar\u00f4mes, les avertissements sanitaires et les emballages sanitaires ou encore le remboursement des substituts nicotiniques etc.). Celles-ci permettent de favoriser et maintenir l\u2019arr\u00eat et pr\u00e9venir l\u2019entr\u00e9e dans le tabagisme des jeunes.<\/p>\n<h2 style=\"text-align: justify;\"><strong>La Suisse, un environnement favorable \u00e0 la consommation de tabac<\/strong><\/h2>\n<p style=\"text-align: justify;\">Les auteurs ont point\u00e9 en particulier la situation de la Suisse qui conna\u00eet une pr\u00e9valence \u00e9lev\u00e9e et stagnante depuis une d\u00e9cennie (passant de 27 \u00e0 24% de la population adulte entre 2010 et 2020).<\/p>\n<p style=\"text-align: justify;\">Le pays qui n\u2019a toujours pas ratifi\u00e9 la Convention-cadre de l\u2019Organisation mondiale de la sant\u00e9 pour la lutte antitabac (CCLAT) conna\u00eet une tr\u00e8s forte ing\u00e9rence de la part de l\u2019industrie du tabac. Les donn\u00e9es montrent que dans la plupart des pays de l\u2019UE, les mesures de lutte contre le tabagisme se sont renforc\u00e9es entre 2010 et 2020 et les taxes sur le tabac ont augment\u00e9 dans presque tous les pays. En 2020, la Suisse avait la plus faible charge fiscale totale pesant sur les cigarettes par rapport aux pays de l\u2019UE et n\u2019avait pas augment\u00e9 ses taxes depuis 2013. La marque de cigarettes actuellement la plus vendue (octobre 2021) co\u00fbte 8,50\u20ac par paquet de 20 cigarettes et les taxes repr\u00e9sentent 51,8 % du prix de vente, loin des 75% recommand\u00e9s par l\u2019OMS.  Les auteurs de l\u2019\u00e9tude appellent le gouvernement suisse \u00e0 augmenter les taxes sur le tabac et \u00e0 mettre en place un dispositif complet de mesures antitabac pour r\u00e9duire durablement la pr\u00e9valence tabagique.<\/p>\n<p style=\"text-align: justify;\"><strong>Mots cl\u00e9s : Suisse, fiscalit\u00e9, taxes, tabac, Europe, prix<\/strong><\/p>\n<p style=\"text-align: justify;\"><strong><a href=\"https:\/\/www.generationsanstabac.org\/\">\u00a9G\u00e9n\u00e9ration Sans Tabac<\/a><\/strong><\/p>\n<p style=\"text-align: right;\"><b><i>AE<\/i><\/b><\/p>\n<hr \/>\n<p style=\"text-align: justify;\"><a href=\"#_ftnref1\" name=\"_ftn1\">[1]<\/a> Andreas Kohler, Linda Vinci, Renato Mattli, <a href=\"https:\/\/www.lungenliga.ch\/fileadmin\/user_upload\/LLS\/01_MetaNavigation\/02_Medien\/Tabak\/Wirkung_von_Tabaksteuern_Schlussbericht.pdf\">Die Wirkung von Tabaksteuern \u2013 Die Schweiz im europ\u00e4ischen L\u00e4ndervergleich<\/a>, Winterthurer Institut f\u00fcr Gesundheits\u00f6konomie, School of Management and Law, ZHAW, 7 d\u00e9cembre 2021<\/p>\n<p><span style=\"color: #999999;\"><strong><a style=\"color: #999999;\" href=\"http:\/\/www.cnct.fr\/\" target=\"_blank\" rel=\"noopener noreferrer\">Comit\u00e9 National Contre le Tabagisme |<\/a><\/strong><\/span><\/p>\n","protected":false},"excerpt":{"rendered":"<p>The results of a Swiss study show that smokers respond to tobacco tax increases regardless of the country.<\/p>","protected":false},"featured_media":19761,"template":"","tags":[],"thematique":[491],"class_list":["post-20540","actualites","type-actualites","status-publish","has-post-thumbnail","hentry","thematique-politiques-publiques"],"acf":[],"_links":{"self":[{"href":"https:\/\/www.generationsanstabac.org\/en\/wp-json\/wp\/v2\/actualites\/20540","targetHints":{"allow":["GET"]}}],"collection":[{"href":"https:\/\/www.generationsanstabac.org\/en\/wp-json\/wp\/v2\/actualites"}],"about":[{"href":"https:\/\/www.generationsanstabac.org\/en\/wp-json\/wp\/v2\/types\/actualites"}],"version-history":[{"count":0,"href":"https:\/\/www.generationsanstabac.org\/en\/wp-json\/wp\/v2\/actualites\/20540\/revisions"}],"wp:featuredmedia":[{"embeddable":true,"href":"https:\/\/www.generationsanstabac.org\/en\/wp-json\/wp\/v2\/media\/19761"}],"wp:attachment":[{"href":"https:\/\/www.generationsanstabac.org\/en\/wp-json\/wp\/v2\/media?parent=20540"}],"wp:term":[{"taxonomy":"post_tag","embeddable":true,"href":"https:\/\/www.generationsanstabac.org\/en\/wp-json\/wp\/v2\/tags?post=20540"},{"taxonomy":"thematique","embeddable":true,"href":"https:\/\/www.generationsanstabac.org\/en\/wp-json\/wp\/v2\/thematique?post=20540"}],"curies":[{"name":"wp","href":"https:\/\/api.w.org\/{rel}","templated":true}]}}