{"id":20524,"date":"2021-11-18T12:00:48","date_gmt":"2021-11-18T11:00:48","guid":{"rendered":"https:\/\/www.generationsanstabac.org\/actualites\/la-non-conformite-des-cigarettiers-dans-la-lutte-contre-le-commerce-illicite\/"},"modified":"2021-11-18T12:00:48","modified_gmt":"2021-11-18T11:00:48","slug":"la-non-conformite-des-cigarettiers-dans-la-lutte-contre-le-commerce-illicite","status":"publish","type":"actualites","link":"https:\/\/www.generationsanstabac.org\/en\/actualites\/la-non-conformite-des-cigarettiers-dans-la-lutte-contre-le-commerce-illicite\/","title":{"rendered":"Cigarette manufacturers&#039; non-compliance in the fight against illicit trade"},"content":{"rendered":"<p style=\"text-align: justify;\"><em>L\u2019industrie n\u2019a pas respect\u00e9 la r\u00e9glementation europ\u00e9enne sur la tra\u00e7abilit\u00e9 des produits du tabac, comme le montre une r\u00e9cente enqu\u00eate men\u00e9e par des chercheurs et publi\u00e9e dans la revue Tobacco Control. Non pris au s\u00e9rieux par les fabricants, le syst\u00e8me de suivi et de tra\u00e7abilit\u00e9 r\u00e9pond pourtant initialement au besoin de lutter contre le commerce illicite des produits du tabac. <\/em><\/p>\n<p style=\"text-align: justify;\">Le 20 mai 2019, le syst\u00e8me de suivi et de tra\u00e7abilit\u00e9 des produits du tabac est devenu op\u00e9rationnel \u00e0 l\u2019\u00e9chelle de l\u2019Union europ\u00e9enne, avec une p\u00e9riode de transition d\u2019un an, permettant une installation progressive du dispositif. Des chercheurs ont ramass\u00e9 5727 paquets en Lituanie, entre septembre 2019 et septembre 2020, soit une p\u00e9riode \u00e0 cheval entre la p\u00e9riode de transition et l\u2019instauration d\u00e9finitive et obligatoire du syst\u00e8me, afin de v\u00e9rifier la bonne application de la r\u00e9glementation par les fabricants<a href=\"#_ftn1\" name=\"_ftnref1\">[1]<\/a>.<\/p>\n<h2 style=\"text-align: justify;\"><strong>Le syst\u00e8me de suivi et de tra\u00e7abilit\u00e9, un outil pour lutter contre le commerce illicite<\/strong><\/h2>\n<p style=\"text-align: justify;\">Suite \u00e0 la directive europ\u00e9enne des produits du tabac et apr\u00e8s un long processus de n\u00e9gociations, un syst\u00e8me de suivi et de tra\u00e7abilit\u00e9 des produits du tabac est devenu op\u00e9rationnel en mai 2019. Il impose notamment aux fabricants d\u2019apposer sur chaque emballage un identifiant unique, permettant de tracer chaque paquet, cartouches et autres conditionnements depuis sa sortie d\u2019usine jusqu\u2019au vendeur au d\u00e9tail. Par ce proc\u00e9d\u00e9, il est possible aux autorit\u00e9s de d\u00e9terminer \u00e0 quel moment de la cha\u00eene d\u2019approvisionnement le paquet de tabac sort du r\u00e9seau l\u00e9gal. Par ailleurs, le syst\u00e8me europ\u00e9en impose aux paquets de contenir un dispositif de s\u00e9curit\u00e9, compos\u00e9 d\u2019\u00e9l\u00e9ments visibles et invisibles, afin que l\u2019authenticit\u00e9 des produits puisse \u00eatre \u00e9tablie.<\/p>\n<h2 style=\"text-align: justify;\"><strong>La r\u00e9glementation europ\u00e9enne non appliqu\u00e9e par les fabricants <\/strong><\/h2>\n<p style=\"text-align: justify;\">Sur l\u2019ensemble des paquets ramass\u00e9s par les \u00e9quipes de recherche pendant la p\u00e9riode de transition, aucun ne comportait d\u2019identifiant unique. Entre juin et septembre 2020, soit apr\u00e8s la fin de la p\u00e9riode de transition, encore 32% des paquets ramass\u00e9s n\u2019avaient toujours pas d\u2019identifiants uniques. Si une grande partie de ces paquets \u00e9taient identifi\u00e9s comme illicites, 5,8% des paquets l\u00e9gaux trouv\u00e9s apr\u00e8s la p\u00e9riode de transition ne comportaient pas d\u2019identifiant unique non plus, contrairement \u00e0 la r\u00e9glementation europ\u00e9enne. Quatre mois apr\u00e8s la date limite, des chercheurs ont trouv\u00e9 des paquets de cigarettes non conformes. Pour les auteurs de l\u2019\u00e9tude, ces r\u00e9sultats d\u00e9montrent que l\u2019industrie du tabac n\u2019applique pas le syst\u00e8me de suivi et de tra\u00e7abilit\u00e9.<\/p>\n<h2 style=\"text-align: justify;\"><strong>L\u2019influence de l\u2019industrie dans le commerce illicite et la lutte contre le commerce illicite<\/strong><\/h2>\n<p style=\"text-align: justify;\">Ce retard de l\u2019industrie du tabac dans sa mise en conformit\u00e9 peut \u00e9galement d\u00e9montrer que les d\u00e9clarations publiques de l\u2019industrie du tabac de lutter contre le commerce illicite ne correspondent en r\u00e9alit\u00e9 qu\u2019\u00e0 un int\u00e9r\u00eat de fa\u00e7ade. Les \u00e9tudes montrent que les cigarettiers demeurent les premiers b\u00e9n\u00e9ficiaires de la contrebande, et que 98% des produits du tabac illicites consomm\u00e9s sont initialement issus des usines des fabricants l\u00e9gaux. Par ailleurs, de nombreuses preuves tendent \u00e9galement \u00e0 prouver que <a href=\"https:\/\/www.generationsanstabac.org\/actualites\/afrique-contrebande-philip-morris-terrorisme\/\">l\u2019industrie du tabac est encore impliqu\u00e9e dans l\u2019organisation et la facilitation du commerce illicite international de ses propres produits<\/a>. Si la mise en place d\u2019un syst\u00e8me de suivi et de tra\u00e7abilit\u00e9 est un outil indispensable pour lutter contre le commerce illicite des produits du tabac, le Protocole de l\u2019OMS recommande toutefois qu\u2019il soit int\u00e9gralement ind\u00e9pendant des cigarettiers. Or, la directive europ\u00e9enne n\u2019est pas conforme au protocole car elle permet aujourd\u2019hui aux fabricants de tabac de choisir eux-m\u00eames les entreprises destin\u00e9es \u00e0 recueillir les donn\u00e9es sur le stockage et les mouvements des produits du tabac. La directive leur permet \u00e9galement de choisir les auditeurs externes mandat\u00e9s pour les contr\u00f4ler.<\/p>\n<p><strong>Mots-cl\u00e9s : Lituanie, Contrebande, Commerce illicite, \u00e9tude, Syst\u00e8me de suivi et de tra\u00e7abilit\u00e9<br \/>\n<\/strong><\/p>\n<p><strong><a href=\"https:\/\/www.generationsanstabac.org\/\">\u00a9G\u00e9n\u00e9ration Sans Tabac<\/a><\/strong><\/p>\n<p style=\"text-align: right;\"><em><strong>FT<\/strong><\/em><\/p>\n<hr \/>\n<p><a href=\"#_ftnref1\" name=\"_ftn1\">[<\/a><a href=\"#_ftnref1\" name=\"_ftn1\">1]<\/a> Liutkute-Gumarov V, Ross H, Tobacco industry compliance with the EU track and tracing system in Lithuania, Tobacco Control Published Online First: 16 November 2021. doi: 10.1136\/tobaccocontrol-2021-056992<\/p>\n<p><span style=\"color: #999999;\"><strong><a style=\"color: #999999;\" href=\"http:\/\/www.cnct.fr\/\" target=\"_blank\" rel=\"noopener noreferrer\">Comit\u00e9 National Contre le Tabagisme |<\/a><\/strong><\/span><\/p>\n","protected":false},"excerpt":{"rendered":"<p>The industry has failed to comply with regulations on tobacco traceability, a tool to combat illicit trade.<\/p>","protected":false},"featured_media":10744,"template":"","tags":[],"thematique":[538],"class_list":["post-20524","actualites","type-actualites","status-publish","has-post-thumbnail","hentry","thematique-marches-paralleles"],"acf":[],"_links":{"self":[{"href":"https:\/\/www.generationsanstabac.org\/en\/wp-json\/wp\/v2\/actualites\/20524","targetHints":{"allow":["GET"]}}],"collection":[{"href":"https:\/\/www.generationsanstabac.org\/en\/wp-json\/wp\/v2\/actualites"}],"about":[{"href":"https:\/\/www.generationsanstabac.org\/en\/wp-json\/wp\/v2\/types\/actualites"}],"version-history":[{"count":0,"href":"https:\/\/www.generationsanstabac.org\/en\/wp-json\/wp\/v2\/actualites\/20524\/revisions"}],"wp:featuredmedia":[{"embeddable":true,"href":"https:\/\/www.generationsanstabac.org\/en\/wp-json\/wp\/v2\/media\/10744"}],"wp:attachment":[{"href":"https:\/\/www.generationsanstabac.org\/en\/wp-json\/wp\/v2\/media?parent=20524"}],"wp:term":[{"taxonomy":"post_tag","embeddable":true,"href":"https:\/\/www.generationsanstabac.org\/en\/wp-json\/wp\/v2\/tags?post=20524"},{"taxonomy":"thematique","embeddable":true,"href":"https:\/\/www.generationsanstabac.org\/en\/wp-json\/wp\/v2\/thematique?post=20524"}],"curies":[{"name":"wp","href":"https:\/\/api.w.org\/{rel}","templated":true}]}}