{"id":20505,"date":"2021-10-29T07:48:52","date_gmt":"2021-10-29T05:48:52","guid":{"rendered":"https:\/\/www.generationsanstabac.org\/actualites\/appel-arret-publicite-pour-pochettes-de-nicotine-reseaux-sociaux\/"},"modified":"2021-10-29T07:48:52","modified_gmt":"2021-10-29T05:48:52","slug":"appel-arret-publicite-pour-pochettes-de-nicotine-reseaux-sociaux","status":"publish","type":"actualites","link":"https:\/\/www.generationsanstabac.org\/en\/actualites\/appel-arret-publicite-pour-pochettes-de-nicotine-reseaux-sociaux\/","title":{"rendered":"100 health organizations call for end to nicotine pouch advertising on social media"},"content":{"rendered":"<p style=\"text-align: justify;\"><em>Dans une lettre adress\u00e9e aux dirigeants de Facebook\/Instagram, TikTok et Twitter le 26 octobre 2021, plus de cent organisations de sant\u00e9 leur demandent de prendre des mesures similaires \u00e0 celles adopt\u00e9es pour les cigarettes, les cigarettes \u00e9lectroniques et le tabac \u00e0 chauffer\/griller. <\/em><\/p>\n<p style=\"text-align: justify;\">Les pochettes de nicotine (en anglais \u00ab pouches \u00bb) font partie des nouveaux produits sans fum\u00e9e activement promus par l\u2019industrie du tabac, dans un contexte o\u00f9 les cigarettes fum\u00e9es connaissent une diminution. D\u00e9clinaison sans tabac du principe du snus, ces pochettes \u00e0 glisser entre les l\u00e8vres et la gencive contiennent une poudre \u00e0 base de nicotine de synth\u00e8se ou de nicotine de tabac \u00ab purifi\u00e9e \u00bb. Profitant du flou juridique qui entoure encore les produits de nicotine sans fum\u00e9e dans de nombreux pays, les industriels utilisent les r\u00e9seaux sociaux pour diffuser des publicit\u00e9s et recruter des influenceurs qui incitent \u00e0 consommer ces produits<a href=\"#_ftn1\" name=\"_ftnref1\">[1]<\/a>.<\/p>\n<h2 style=\"text-align: justify;\"><strong>Un marketing tourn\u00e9 vers les jeunes <\/strong><\/h2>\n<p style=\"text-align: justify;\">Pour parer \u00e0 cette situation, une centaine d\u2019organisations de sant\u00e9 provenant de 53 pays vient d\u2019adresser une <a href=\"https:\/\/www.takeapart.org\/wp-content\/uploads\/2021\/10\/Sign-on_nicotine-pouch-policy-10-26.pdf\">lettre<\/a> aux dirigeants de Facebook\/Instagram, TikTok et Twitter pour leur demander de ne pas mettre en avant ces produits sur leurs plateformes en les interdisant de toute forme de promotion. Ces organisations rappellent que tous les produits \u00e0 base de nicotine sont tr\u00e8s addictifs et qu\u2019ils ont des cons\u00e9quences n\u00e9gatives sur la formation du cerveau \u00e0 l\u2019adolescence. Elles pointent que le marketing des pochettes de nicotine est particuli\u00e8rement tourn\u00e9 vers les jeunes, \u00e0 l\u2019aide d\u2019une imagerie, d\u2019ar\u00f4mes et d\u2019emballages attrayants, l\u2019industrie du tabac s\u2019effor\u00e7ant de renouveler sa client\u00e8le. Or, les moins de 24 ans constituent 40% de l\u2019audience des influenceurs promouvant les pochettes de nicotine, laquelle couvre au total 537 millions de personnes<a href=\"#_ftn2\" name=\"_ftnref2\">[2]<\/a>. S\u2019appuyant sur une \u00e9tude interne de British American Tobacco (BAT), les auteurs du courrier soulignent que la moiti\u00e9 des primo-utilisateurs de produits de la nicotine oraux sont des non-fumeurs, ce qui contredit l\u2019argument selon lequel ces produits seraient avant tout destin\u00e9s aux fumeurs souhaitant sortir du tabagisme.<\/p>\n<p style=\"text-align: justify;\">D\u00e9j\u00e0, en mai 2019, 125 organisations de sant\u00e9 avaient interpell\u00e9 les m\u00eames r\u00e9seaux sociaux en leur demandant d\u2019interdire la publicit\u00e9 pour les cigarettes, les cigarettes \u00e9lectroniques et le tabac \u00e0 chauffer\/griller. Les r\u00e9seaux sociaux ont depuis tenu compte de cette alerte et ont exclu ces produits de leur politique commerciale. A ce jour, seul Snapchat a opt\u00e9 pour l\u2019interdiction compl\u00e8te de publicit\u00e9 pour tous les produits de la nicotine.<\/p>\n<h2 style=\"text-align: justify;\"><strong>BAT en pointe sur le march\u00e9 des pochettes de nicotine<\/strong><\/h2>\n<p style=\"text-align: justify;\">Si Altria, Imperial Brands et Japan Tobacco International produisent eux-m\u00eames des pochettes de nicotine, BAT est le fabricant qui communique le plus sur ce segment de march\u00e9, essentiellement sur les r\u00e9seaux sociaux, et en est devenu le leader. BAT confirme sur son site que le public des pays \u00e0 faibles et moyens revenus compose son c\u0153ur de cible pour ce march\u00e9, entre autres parce que leur usage ne n\u00e9cessite pas d\u2019\u00e9lectricit\u00e9, comme c\u2019est le cas pour les dispositifs \u00e9lectroniques<a href=\"#_ftn3\" name=\"_ftnref3\">[3]<\/a>. Rebaptis\u00e9es Velo apr\u00e8s avoir \u00e9t\u00e9 lanc\u00e9es sous le nom de Lift, ses pochettes de nicotine se vendent aussi tr\u00e8s bien aux Etats-Unis o\u00f9 elles sont fortement consomm\u00e9es par les jeunes et les adolescents, au point d\u2019inqui\u00e9ter les acteurs de sant\u00e9<a href=\"#_ftn4\" name=\"_ftnref4\">[4]<\/a>.<\/p>\n<p style=\"text-align: justify;\">Plusieurs pays ont d\u00e9j\u00e0 pris des mesures vari\u00e9es contre les pochettes de nicotine. Leur vente et leur importation sont ainsi interdites en Allemagne, en Russie, en Nouvelle-Z\u00e9lande, au Kazakhstan, en Lituanie et \u00e0 Singapour. Elles sont class\u00e9es comme substances v\u00e9n\u00e9neuses en Australie, \u00e0 Hong-Kong et en Malaisie. Elles sont rang\u00e9es parmi les produits du tabac en Cor\u00e9e du Sud et en Ouzb\u00e9kistan. Elles ne sont enfin accessibles que sur prescription m\u00e9dicale au Canada, en Finlande, au Japon, au Chili, en Malaisie, en Afrique du Sud et \u00e0 Taiwan. Autant de r\u00e9glementations qui sugg\u00e8rent que ces produits de la nicotine sont loin d\u2019\u00eatre inoffensifs pour la sant\u00e9.<\/p>\n<p><strong>Mots-cl\u00e9s : pouches, r\u00e9seaux sociaux, sachet de nicotine, Velo, Lift, BAT.<\/strong><\/p>\n<p><strong><a href=\"https:\/\/www.generationsanstabac.org\/\">\u00a9G\u00e9n\u00e9ration Sans Tabac<\/a><\/strong><\/p>\n<p style=\"text-align: right;\"><em><strong>MF<\/strong><\/em><\/p>\n<hr \/>\n<p>&nbsp;<\/p>\n<p><a href=\"#_ftnref1\" name=\"_ftn1\">[1]<\/a> <a href=\"https:\/\/www.tobaccofreekids.org\/media\/2021\/nicotine-pouch-marketing-examples\"><em>N<\/em><em>icotine pouch marketing examples<\/em><\/a>, Campaign for Tobacco-Free Kids, publi\u00e9 le 26 octobre 2021, consult\u00e9 le 27 octobre 2021.<\/p>\n<p><a href=\"#_ftnref2\" name=\"_ftn2\">[2]<\/a> <a href=\"https:\/\/www.tobaccofreekids.org\/press-releases\/2021_10_26_nicotine-pouch-ads-social-media\"><em>Over 100 Organizations Call on Social Media Companies to End Nicotine Pouch Advertising, Including by Paid Influencers<\/em><\/a>, Campaign for Tobacco-Free Kids, publi\u00e9 le 26 octobre 2021, consult\u00e9 le 27 octobre 2021.<\/p>\n<p><a href=\"#_ftnref3\" name=\"_ftn3\">[3]<\/a> <a href=\"https:\/\/www.bat.com\/snus\"><em>Modern and traditional oral <\/em>products<\/a>, British American Tobacco, consult\u00e9 le 27 octobre 2021.<\/p>\n<p><a href=\"#_ftnref4\" name=\"_ftn4\">[4]<\/a> <a href=\"https:\/\/www.generationsanstabac.org\/actualites\/etats-unis-inquietude-consommation-sachets-nicotine\/\"><em>\u00c9tats-Unis : inqui\u00e9tude autour de la consommation des sachets de nicotine<\/em><\/a>, G\u00e9n\u00e9ration Sans Tabac, publi\u00e9 le 12 f\u00e9vrier 2021, consult\u00e9 le 27 octobre 2021.<\/p>\n<p><span style=\"color: #999999;\"><strong><a style=\"color: #999999;\" href=\"http:\/\/www.cnct.fr\/\" target=\"_blank\" rel=\"noopener noreferrer\">Comit\u00e9 National Contre le Tabagisme |<\/a><\/strong><\/span><\/p>\n","protected":false},"excerpt":{"rendered":"<p>Nicotine pouches are among the new smoke-free products actively promoted by the tobacco industry.<\/p>","protected":false},"featured_media":10712,"template":"","tags":[],"thematique":[507,516],"class_list":["post-20505","actualites","type-actualites","status-publish","has-post-thumbnail","hentry","thematique-marketing-publicite","thematique-nouveaux-produits"],"acf":[],"_links":{"self":[{"href":"https:\/\/www.generationsanstabac.org\/en\/wp-json\/wp\/v2\/actualites\/20505","targetHints":{"allow":["GET"]}}],"collection":[{"href":"https:\/\/www.generationsanstabac.org\/en\/wp-json\/wp\/v2\/actualites"}],"about":[{"href":"https:\/\/www.generationsanstabac.org\/en\/wp-json\/wp\/v2\/types\/actualites"}],"version-history":[{"count":0,"href":"https:\/\/www.generationsanstabac.org\/en\/wp-json\/wp\/v2\/actualites\/20505\/revisions"}],"wp:featuredmedia":[{"embeddable":true,"href":"https:\/\/www.generationsanstabac.org\/en\/wp-json\/wp\/v2\/media\/10712"}],"wp:attachment":[{"href":"https:\/\/www.generationsanstabac.org\/en\/wp-json\/wp\/v2\/media?parent=20505"}],"wp:term":[{"taxonomy":"post_tag","embeddable":true,"href":"https:\/\/www.generationsanstabac.org\/en\/wp-json\/wp\/v2\/tags?post=20505"},{"taxonomy":"thematique","embeddable":true,"href":"https:\/\/www.generationsanstabac.org\/en\/wp-json\/wp\/v2\/thematique?post=20505"}],"curies":[{"name":"wp","href":"https:\/\/api.w.org\/{rel}","templated":true}]}}