{"id":20466,"date":"2021-09-17T08:14:33","date_gmt":"2021-09-17T06:14:33","guid":{"rendered":"https:\/\/www.generationsanstabac.org\/actualites\/allemagne-defi-generation-sans-tabac-et-sans-nicotine-2040\/"},"modified":"2021-09-17T08:14:33","modified_gmt":"2021-09-17T06:14:33","slug":"allemagne-defi-generation-sans-tabac-et-sans-nicotine-2040","status":"publish","type":"actualites","link":"https:\/\/www.generationsanstabac.org\/en\/actualites\/allemagne-defi-generation-sans-tabac-et-sans-nicotine-2040\/","title":{"rendered":"Germany: The challenge of a generation without tobacco and nicotine by 2040"},"content":{"rendered":"<p style=\"text-align: justify;\"><em>Environ 127 000 personnes d\u00e9c\u00e8dent chaque ann\u00e9e en Allemagne des cons\u00e9quences de leur tabagisme. En d\u00e9pit de ses engagements et obligations internationales en ratifiant la Convention-Cadre de l\u2019OMS il y a plus de 15 ans, la situation ne s\u2019am\u00e9liore pas. En mai 2021, plus de 50 organisations de sant\u00e9 publique et de la soci\u00e9t\u00e9 civile ont publi\u00e9 la \u00ab Strat\u00e9gie pour une Allemagne sans tabac 2040 \u00bb<a href=\"#_ftn1\" name=\"_ftnref1\"><strong>[1]<\/strong><\/a>. Il s&rsquo;agit d&rsquo;un appel au gouvernement \u00e0 mettre en \u0153uvre des mesures de lutte antitabac qui visent \u00e0 une g\u00e9n\u00e9ration sans tabac d\u2019ici 2040.<\/em><\/p>\n<p style=\"text-align: justify;\">L\u2019objectif d\u2019une Allemagne sans tabac signifie que moins de 5% des adultes de plus de 18 ans et moins de 2% des adolescents consomment des produits du tabac et de la nicotine d&rsquo;ici 2040. Le document de strat\u00e9gie \u00e9nonce dix mesures concr\u00e8tes de lutte antitabac et fournit un calendrier pour leur mise en \u0153uvre.<\/p>\n<h2 style=\"text-align: justify;\"><strong>Le fardeau du tabagisme en Allemagne<\/strong><\/h2>\n<p style=\"text-align: justify;\">Le pays est \u00e0 la derni\u00e8re place du classement europ\u00e9en des politiques de lutte antitabac portant sur 36 pays<a href=\"#_ftn2\" name=\"_ftnref2\">[2]<\/a>: aucun autre pays europ\u00e9en ne fait moins pour r\u00e9duire la consommation de tabac et mettre en \u0153uvre les mesures \u00e9prouv\u00e9es de la <a href=\"https:\/\/www.who.int\/fctc\/text_download\/fr\/\">CCLAT<\/a>. Ainsi les taxes sur le tabac n\u2019ont pas \u00e9t\u00e9 augment\u00e9es de fa\u00e7on significative et efficace depuis 2007, aucune l\u00e9gislation globale ne concerne les espaces sans tabac\/fum\u00e9e et les lois appliqu\u00e9es comportent des exemptions importantes ; L\u2019Allemagne est \u00e9galement longtemps rest\u00e9 le seul pays de l\u2019UE autorisant la publicit\u00e9 pour le tabac par panneaux d\u2019affichage.<\/p>\n<p style=\"text-align: justify;\">Le besoin d\u2019une politique publique efficace en mati\u00e8re de lutte contre le tabagisme est d\u2019autant plus indispensable que le pays est l&rsquo;un des dix pays au monde comptant le plus grand nombre de fumeurs. Plus d\u2019un Allemand sur cinq, \u00e2g\u00e9 de plus de 18 ans, est fumeur (23% de la population). Des diff\u00e9rences notables sont observ\u00e9es entre les diff\u00e9rents L\u00e4nder (21% en Sarre et 28% dans le Mecklembourg-Pom\u00e9ranie-Occidentale). Chaque ann\u00e9e, le tabagisme est \u00e0 l\u2019origine de 85 000 cas de cancer et de 127 000 d\u00e9c\u00e8s en Allemagne, cela correspond \u00e0 un d\u00e9c\u00e8s toutes les quatre minutes.  Outre le co\u00fbt sanitaire et social car la consommation de tabac concerne notamment les plus d\u00e9munis, le co\u00fbt du tabac pour la soci\u00e9t\u00e9 allemande a \u00e9t\u00e9 \u00e9valu\u00e9 \u00e0 97 milliards d&rsquo;euros par an. Enfin, il entrave les objectifs du d\u00e9veloppement durable.<\/p>\n<h2 style=\"text-align: justify;\"><strong>Un arsenal de 10 mesures pour parvenir \u00e0 une g\u00e9n\u00e9ration sans tabac et sans nicotine<\/strong><\/h2>\n<p style=\"text-align: justify;\">La strat\u00e9gie repose sur les dispositions qui ont prouv\u00e9 leur efficacit\u00e9, r\u00e9unies dans la Convention-Cadre de l\u2019OMS :<\/p>\n<ol style=\"text-align: justify;\">\n<li><strong>Augmenter significativement les taxes sur le tabac chaque ann\u00e9e<\/strong> : Les augmentations des taxes sur le tabac, qui entra\u00eenent une hausse significative des prix, r\u00e9duisent la consommation et donc diminuent durablement le co\u00fbt du tabac pour la soci\u00e9t\u00e9.<\/li>\n<li><strong>Accompagner les fumeurs dans l&rsquo;arr\u00eat du tabac<\/strong> et assurer une prise en charge des traitements. Actuellement, seulement 20% des fumeurs font au moins une tentative d&rsquo;arr\u00eat par an dans le pays.<\/li>\n<li><strong>Interdire compl\u00e8tement la publicit\u00e9 en faveur du tabac<\/strong> et de la nicotine et introduire le <strong>paquet neutre<\/strong>: L&rsquo;industrie du tabac en Allemagne investit plus de 200 millions d&rsquo;euros par an dans des campagnes de marketing, principalement dans la publicit\u00e9 de ses produits.<\/li>\n<li><strong>R\u00e9duire consid\u00e9rablement l\u2019accessibilit\u00e9 des produits du tabac et de la nicotine<\/strong>: Il existe environ 390 000 points de vente de produits du tabac en Allemagne : supermarch\u00e9s, stations-service, kiosques, pharmacies, papeteries, distributeurs automatiques et magasins sp\u00e9cialis\u00e9s.<\/li>\n<li><strong>Prot\u00e9ger efficacement contre le tabagisme passif et cr\u00e9er des espaces publics sans tabac :<\/strong> Seuls trois \u00c9tats f\u00e9d\u00e9raux (la Bavi\u00e8re, la Rh\u00e9nanie du Nord-Westphalie et la Sarre) ont des l\u00e9gislations compl\u00e8tes pour prot\u00e9ger d\u2019une exposition au tabagisme passif. Dans la plupart des Land, les fumoirs sont autoris\u00e9s sur les lieux de travail et l\u2019on peut fumer sur les aires de jeux des enfants.<\/li>\n<li><strong>Veiller au respect des droits des enfants en ce qui concerne le tabac<\/strong> et am\u00e9liorer la protection des mineurs : L&rsquo;\u00e2ge minimum d&rsquo;achat pour les produits du tabac et de la nicotine devrait \u00eatre port\u00e9 \u00e0 21 ans. Des \u00e9tudes montrent que retarder l&rsquo;acc\u00e8s l\u00e9gal r\u00e9duit la pr\u00e9valence du tabagisme chez les adolescents et les jeunes adultes.<\/li>\n<li><strong>Mener des campagnes r\u00e9guli\u00e8res de sensibilisation aux risques<\/strong> de la consommation du tabac : Les campagnes devraient non seulement se concentrer sur la pr\u00e9sentation des dangers du tabac, <strong>mais aussi sur celle des strat\u00e9gies des fabricants de tabac<\/strong>. Ceci contribuerait \u00e0 la d\u00e9normalisation de la consommation de ces produits et de son industrie. Actuellement le budget pour les campagnes de communication, avec 2,9 millions d&rsquo;euros par an de fonds public, est insuffisant.<\/li>\n<li><strong>Soutenir \u00e0 la fois les initiatives de lutte antitabac et les alternatives \u00e0 la culture du tabac<\/strong> dans le cadre de la coop\u00e9ration au d\u00e9veloppement.<\/li>\n<li><strong>Prot\u00e9ger efficacement les d\u00e9cisions politiques de l&rsquo;influence des fabricants de tabac<\/strong> et de leurs alli\u00e9s : Le lobby de l\u2019industrie du tabac est notamment tr\u00e8s puissant en Allemagne et influence grandement les d\u00e9cisions publiques. En t\u00e9moigne la r\u00e9cente loi sur la fiscalit\u00e9 du tabac dont les mesures sont favorables \u00e0 cette industrie.<\/li>\n<li><strong>R\u00e9viser, adapter et d\u00e9velopper r\u00e9guli\u00e8rement les mesures de lutte antitabac<\/strong>: Un suivi et une \u00e9valuation r\u00e9guli\u00e8re des mesures mises en \u0153uvre sont essentiels pour les adapter, les renforcer si besoin.<\/li>\n<\/ol>\n<h2 style=\"text-align: justify;\"><strong>Allemagne sans tabac, sans nicotine d&rsquo;ici 2040 : une contribution importante aux ODD<\/strong><\/h2>\n<p style=\"text-align: justify;\">En 2015, les membres des Nations Unies ont adopt\u00e9 le programme de d\u00e9veloppement durable \u00e0 l&rsquo;horizon 2030, intitul\u00e9 <a href=\"https:\/\/www.un.org\/sustainabledevelopment\/fr\/development-agenda\/\">Agenda 2030<\/a>. En mati\u00e8re de politique de sant\u00e9, le troisi\u00e8me objectif, ODD 3 : Sant\u00e9 et bien-\u00eatre, est pr\u00e9curseur. Il vise entre autres \u00e0 mieux pr\u00e9venir la propagation des maladies non transmissibles (MNT) telles que les maladies cardiovasculaires, les maladies pulmonaires et les cancers. \u00c9tant donn\u00e9 que le tabagisme est le facteur de risque le plus important pour ces maladies, la r\u00e9duction de la consommation de tabac contribue de mani\u00e8re significative \u00e0 la r\u00e9alisation de l&rsquo;ODD 3. Dans cet objectif, la mise en \u0153uvre de la Convention-cadre de l&rsquo;OMS pour la lutte antitabac (CCLAT) est d\u00e9sign\u00e9e comme l&rsquo;instrument le plus important.<\/p>\n<p style=\"text-align: justify;\">L&rsquo;Allemagne est \u00e9galement l&rsquo;un des plus grands exportateurs mondiaux de cigarettes et importe chaque ann\u00e9e environ 150 000 tonnes de tabac brut des pays producteurs du tabac. Dans ces pays, la culture et la production de tabac entravent la r\u00e9alisation d&rsquo;autres ODD, notamment la lutte contre la pauvret\u00e9 (Objectif 1) ou la mise en \u0153uvre de conditions de travail d\u00e9centes (Objectif 8). De plus, l&rsquo;industrie du tabac cr\u00e9e une empreinte \u00e9cologique importante et endommage ainsi les \u00e9cosyst\u00e8mes (Objectifs 13, 14, 15). Pour atteindre les objectifs de durabilit\u00e9, la sortie de la culture du tabac et la mise en place de culture de substitution \u00e9conomiquement viables est une \u00e9tape importante. Elle est en effet susceptible d\u2019assurer pour les personnes actuellement concern\u00e9es par la culture du tabac de meilleures conditions de vie et de travail.<\/p>\n<p style=\"text-align: justify;\">Susceptible de vous int\u00e9resser : <a href=\"https:\/\/www.generationsanstabac.org\/actualites\/allemagne-le-lobby-du-tabac-derriere-la-nouvelle-loi-sur-la-fiscalite\/\">Allemagne : le lobby du tabac derri\u00e8re la nouvelle loi sur la fiscalit\u00e9<\/a><\/p>\n<p><strong>Mots cl\u00e9s : Allemagne, G\u00e9n\u00e9ration Sans tabac, 2040, ODD<\/strong><\/p>\n<p><strong><a href=\"https:\/\/www.generationsanstabac.org\/\">\u00a9G\u00e9n\u00e9ration Sans Tabac<\/a><\/strong><\/p>\n<p style=\"text-align: right;\"><strong><em>AE<\/em><\/strong><\/p>\n<hr \/>\n<p><a href=\"#_ftnref1\" name=\"_ftn1\">[1]<\/a> <a href=\"https:\/\/unfairtobacco.org\/wp-content\/uploads\/2021\/06\/Strategie-fuer-ein-tabakfreies-Deutschland-2040.pdf\">Strategie f\u00fcr ein tabakfreies Deutschland 2040<\/a>, Deutsches Krebsforschungszentrum, DKFZ, 31 mai 2021<\/p>\n<p><a href=\"#_ftnref2\" name=\"_ftn2\">[2]<\/a> G\u00e9n\u00e9ration Sans Tabac, <a href=\"https:\/\/www.generationsanstabac.org\/actualites\/atlas-2020-du-tabac-en-allemagne-situation-preoccupante\/\">Atlas 2020 du tabac en Allemagne : situation pr\u00e9occupante<\/a>, 23 d\u00e9cembre 2020, consult\u00e9 le 16 septembre 2021<\/p>\n<p><span style=\"color: #999999;\"><strong><a style=\"color: #999999;\" href=\"http:\/\/www.cnct.fr\/\" target=\"_blank\" rel=\"noopener noreferrer\">Comit\u00e9 National Contre le Tabagisme |<\/a><\/strong><\/span><\/p>\n","protected":false},"excerpt":{"rendered":"<p>The goal of a tobacco-free Germany means that fewer than 5% of the population will be using tobacco and nicotine products by 2040.<\/p>","protected":false},"featured_media":19565,"template":"","tags":[],"thematique":[474],"class_list":["post-20466","actualites","type-actualites","status-publish","has-post-thumbnail","hentry","thematique-sante"],"acf":[],"_links":{"self":[{"href":"https:\/\/www.generationsanstabac.org\/en\/wp-json\/wp\/v2\/actualites\/20466","targetHints":{"allow":["GET"]}}],"collection":[{"href":"https:\/\/www.generationsanstabac.org\/en\/wp-json\/wp\/v2\/actualites"}],"about":[{"href":"https:\/\/www.generationsanstabac.org\/en\/wp-json\/wp\/v2\/types\/actualites"}],"version-history":[{"count":0,"href":"https:\/\/www.generationsanstabac.org\/en\/wp-json\/wp\/v2\/actualites\/20466\/revisions"}],"wp:featuredmedia":[{"embeddable":true,"href":"https:\/\/www.generationsanstabac.org\/en\/wp-json\/wp\/v2\/media\/19565"}],"wp:attachment":[{"href":"https:\/\/www.generationsanstabac.org\/en\/wp-json\/wp\/v2\/media?parent=20466"}],"wp:term":[{"taxonomy":"post_tag","embeddable":true,"href":"https:\/\/www.generationsanstabac.org\/en\/wp-json\/wp\/v2\/tags?post=20466"},{"taxonomy":"thematique","embeddable":true,"href":"https:\/\/www.generationsanstabac.org\/en\/wp-json\/wp\/v2\/thematique?post=20466"}],"curies":[{"name":"wp","href":"https:\/\/api.w.org\/{rel}","templated":true}]}}