{"id":20459,"date":"2021-09-07T07:32:47","date_gmt":"2021-09-07T05:32:47","guid":{"rendered":"https:\/\/www.generationsanstabac.org\/actualites\/stratageme-industrie-tabac-autour-de-la-baisse-des-prix\/"},"modified":"2021-09-07T07:32:47","modified_gmt":"2021-09-07T05:32:47","slug":"stratageme-industrie-tabac-autour-de-la-baisse-des-prix","status":"publish","type":"actualites","link":"https:\/\/www.generationsanstabac.org\/en\/actualites\/stratageme-industrie-tabac-autour-de-la-baisse-des-prix\/","title":{"rendered":"Tobacco industry&#039;s ploy to lower prices"},"content":{"rendered":"<p style=\"text-align: justify;\"><em>Depuis le 1<sup>er<\/sup> septembre 2021, en France, certains paquets de cigarettes sont repass\u00e9s sous le seuil de 10 \u20ac, tandis que d\u2019autres augmentaient l\u00e9g\u00e8rement. Une tactique des industriels du tabac pour s\u00e9duire les plus jeunes et contourner les politiques de hausse des taxes r\u00e9duisant l\u2019initiation et le nombre de fumeurs. <\/em><\/p>\n<p style=\"text-align: justify;\">La presse fran\u00e7aise a largement relay\u00e9 les baisses de prix (-10 ou -20 centimes) qu\u2019ont affich\u00e9 le 1<sup>er<\/sup> septembre quelques marques de cigarettes, leur assurant ainsi une publicit\u00e9 aussi bien gratuite qu\u2019ill\u00e9gale. Cette baisse de prix n\u2019est pourtant que tr\u00e8s partielle, ne touchant que certaines r\u00e9f\u00e9rences au sein d\u2019une m\u00eame marque tandis que d\u2019autres connaissent une l\u00e9g\u00e8re hausse, la plupart des prix restant inchang\u00e9s<a href=\"#_ftn1\" name=\"_ftnref1\">[1]<\/a>. Une man\u0153uvre des industriels du tabac qui se joue \u00e0 plusieurs niveaux, \u00e0 la fois aupr\u00e8s des consommateurs, des pouvoirs publics et de leurs propres concurrents.<\/p>\n<h2 style=\"text-align: justify;\"><strong>Une baisse tr\u00e8s relative, pour pallier l\u2019effritement du march\u00e9<\/strong><\/h2>\n<p style=\"text-align: justify;\">L\u2019un des objectifs de cette baisse de prix est de cr\u00e9er des produits d\u2019appel, tout particuli\u00e8rement \u00e0 l\u2019attention des jeunes et des milieux populaires, dont le budget est plus serr\u00e9. En passant certaines r\u00e9f\u00e9rences en de\u00e7\u00e0 du seuil psychologique de 10 \u20ac, les fabricants cherchent \u00e0 regonfler un march\u00e9 de la cigarette qui s\u2019effrite un peu plus chaque ann\u00e9e. Ils consentent donc \u00e0 r\u00e9duire l\u00e9g\u00e8rement leur marge en diminuant leur prix de vente afin de renouveler et de conserver leur public, tout en creusant un \u00e9cart qui les rend plus attractifs face \u00e0 leurs concurrents. Ces quelques baisses sont en partie compens\u00e9es par des augmentations sur les produits dits \u00ab premium \u00bb. Une strat\u00e9gie qui, selon British American Tobacco (BAT, propri\u00e9taire de Lucky Strike, Camel, Vogue, Rothmans\u2026), serait cens\u00e9e illustrer <em>\u00ab une guerre des prix entre cigarettiers \u00bb<a href=\"#_ftn2\" name=\"_ftnref2\"><strong>[2]<\/strong><\/a>,<\/em> mais qui ressemble plut\u00f4t \u00e0 une op\u00e9ration quasi-publicitaire, afin de faire parler de soi.<\/p>\n<h2 style=\"text-align: justify;\"><strong>Un contournement des politiques fiscales<\/strong><\/h2>\n<p style=\"text-align: justify;\"><em>\u00ab Ce ne sont pas des variations d\u00e9cid\u00e9es par les autorit\u00e9s sanitaires ou fiscales, mais une d\u00e9marche des industriels pour contourner l\u2019augmentation r\u00e9guli\u00e8re des prix \u00bb<\/em>, pr\u00e9cise Lo\u00efc Josseran, pr\u00e9sident de l\u2019Alliance Contre le Tabac (ACT)<a href=\"#_ftn3\" name=\"_ftnref3\">[3]<\/a>. Cette relative baisse des prix s\u2019effectue dans un contexte o\u00f9 le Minist\u00e8re des Comptes publics a \u00e9voqu\u00e9 un moratoire des augmentations des taxes sur le tabac en 2021 et 2022, que l\u2019industrie entend bien concr\u00e9tiser et mettre \u00e0 profit. De nombreux pays ont cependant pu v\u00e9rifier que des augmentations significatives et r\u00e9guli\u00e8res du prix du tabac, par le biais d\u2019une augmentation des taxes et des droits d\u2019accises, constituent l\u2019un des meilleurs moyens de r\u00e9duire le nombre de fumeurs. C\u2019est donc aussi pour contrer la politique du prix fort que les industriels du tabac cherchent \u00e0 briser le seuil des 10 \u20ac, alors que les associations de sant\u00e9 publique pr\u00e9conisent un paquet \u00e0 15 \u20ac en 2025 dans l\u2019optique de parvenir \u00e0 une g\u00e9n\u00e9ration sans tabac d\u2019ici 2030. Cette attitude d\u00e9montre aussi qu\u2019ils sont loin de renoncer aux profits g\u00e9n\u00e9r\u00e9s par les cigarettes \u00ab combustibles \u00bb, malgr\u00e9 des discours rassurants annon\u00e7ant la fin du tabac fum\u00e9. Lorsque les m\u00e9dias citent les marques de cigarettes et leur variation de prix, les cigarettiers s\u2019offrent au passage une publicit\u00e9 totalement ill\u00e9gale et touchent le public le plus large.<\/p>\n<p style=\"text-align: justify;\">L\u2019un des pr\u00e9jug\u00e9s les plus tenaces sur la fiscalit\u00e9, encore partag\u00e9 par 56% des Fran\u00e7ais<a href=\"#_ftn4\" name=\"_ftnref4\">[4]<\/a>, est de consid\u00e9rer le tabac comme une manne financi\u00e8re pour l\u2019Etat. Les droits per\u00e7us sur les ventes ne s\u2019\u00e9l\u00e8vent pourtant qu\u2019\u00e0 16 milliards d\u2019euros en 2020<a href=\"#_ftn5\" name=\"_ftnref5\">[5]<\/a> tandis que les seuls soins m\u00e9dicaux sont chiffr\u00e9s \u00e0 26 milliards d\u2019euros, soit une perte annuelle de 10 \u00e0 13 milliards d\u2019euros pour les finances publiques. Les \u00e9conomies r\u00e9alis\u00e9es sur les retraites, argument souvent avanc\u00e9, ne permettent quant \u00e0 elle que d\u2019\u00e9conomiser 1,8 milliard d\u2019euros, tandis que le co\u00fbt social total du tabagisme est estim\u00e9 \u00e0 120 milliards d\u2019euros<a href=\"#_ftn6\" name=\"_ftnref6\">[6]<\/a>.<\/p>\n<p><strong>Mots-cl\u00e9s :  prix du tabac, taxes, contournement, ACT, fiscalit\u00e9<\/strong><\/p>\n<p style=\"text-align: justify;\"><strong><a href=\"https:\/\/www.generationsanstabac.org\/\">\u00a9G\u00e9n\u00e9ration Sans Tabac<\/a><\/strong><\/p>\n<p style=\"text-align: right;\"><em><strong>MF<\/strong><\/em><\/p>\n<hr \/>\n<p><a href=\"#_ftnref1\" name=\"_ftn1\">[1]<\/a> Journal Officiel, <a href=\"https:\/\/www.legifrance.gouv.fr\/jorf\/id\/JORFTEXT000043934229\"><em>Arr\u00eat\u00e9 du 23 juillet 2021 portant homologation des prix de vente au d\u00e9tail des tabacs manufactur\u00e9s en France, \u00e0 l&rsquo;exclusion des d\u00e9partements d&rsquo;outre-mer<\/em><\/a><em>, <\/em>JORF n\u00b00187 du 13 ao\u00fbt 2021, consult\u00e9 le 3 septembre 2021.<\/p>\n<p><a href=\"#_ftnref2\" name=\"_ftn2\">[2]<\/a> Da Sois J, Le Figaro, <a href=\"https:\/\/www.lefigaro.fr\/conso\/cigarettes-pourquoi-le-prix-de-certains-paquets-est-en-baisse-20210901\"><em>Cigarettes : pourquoi le prix de certains paquets est en baisse<\/em><\/a><em>, <\/em>publi\u00e9 le 1<sup>er<\/sup> septembre 2021, consult\u00e9 le 3 septembre 2021.<\/p>\n<p><a href=\"#_ftnref3\" name=\"_ftn3\">[3]<\/a> Lerouge S, La Croix, <a href=\"https:\/\/www.la-croix.com\/Economie\/Baisse-prix-tabac-tendance-strategie-marketing-2021-09-01-1201173304\"><em>Baisse du prix du tabac : tendance ou strat\u00e9gie marketing ?<\/em><\/a>, publi\u00e9 le 1<sup>er<\/sup> septembre 2021, consult\u00e9 le 3 septembre 2021.<\/p>\n<p><a href=\"#_ftnref4\" name=\"_ftn4\">[4]<\/a> BVA, <a href=\"https:\/\/www.bva-group.com\/sondages\/indicateurs-de-lact-1-francais-tabac\/\"><em>Les indicateurs de l\u2019ACT #1 \u2013 enque\u0302te trimestrielle re\u0301alise\u0301e en novembre par BVA pour l\u2019ACT sur la perception du tabac en France<\/em><\/a><em>. <\/em>, publi\u00e9 le 14 d\u00e9cembre 2020, consult\u00e9 le 3 septembre 2021.<\/p>\n<p><a href=\"#_ftnref5\" name=\"_ftn5\">[5]<\/a> Laboureix JP (dir.), <em><a href=\"https:\/\/www.securite-sociale.fr\/files\/live\/sites\/SSFR\/files\/medias\/CCSS\/2020\/RAPPORT%20CCSS-Sept%202020.pdf\">Les comptes de la s\u00e9curit\u00e9 sociale<\/a><\/em>,  rapport, tome 1, septembre 2020, 312 p.<\/p>\n<p><a href=\"#_ftnref6\" name=\"_ftn6\">[6]<\/a> Kopp P, <a href=\"https:\/\/www.ofdt.fr\/publications\/collections\/rapports\/rapports-d-etudes\/rapports-detudes-ofdt-parus-en-2015\/le-cout-social-des-drogues-en-france-decembre-2015\/\"><em>Le co\u00fbt social des drogues en France<\/em><\/a>, OFDT, d\u00e9cembre 2015, 75 p.<\/p>\n<p><span style=\"color: #999999;\"><strong><a style=\"color: #999999;\" href=\"http:\/\/www.cnct.fr\/\" target=\"_blank\" rel=\"noopener noreferrer\">Comit\u00e9 National Contre le Tabagisme |<\/a><\/strong><\/span><\/p>\n","protected":false},"excerpt":{"rendered":"<p>One of the aims of this reduction in the price of tobacco is to create attractive products aimed at young people and working-class backgrounds.<\/p>","protected":false},"featured_media":10634,"template":"","tags":[],"thematique":[499],"class_list":["post-20459","actualites","type-actualites","status-publish","has-post-thumbnail","hentry","thematique-lobby"],"acf":[],"_links":{"self":[{"href":"https:\/\/www.generationsanstabac.org\/en\/wp-json\/wp\/v2\/actualites\/20459","targetHints":{"allow":["GET"]}}],"collection":[{"href":"https:\/\/www.generationsanstabac.org\/en\/wp-json\/wp\/v2\/actualites"}],"about":[{"href":"https:\/\/www.generationsanstabac.org\/en\/wp-json\/wp\/v2\/types\/actualites"}],"version-history":[{"count":0,"href":"https:\/\/www.generationsanstabac.org\/en\/wp-json\/wp\/v2\/actualites\/20459\/revisions"}],"wp:featuredmedia":[{"embeddable":true,"href":"https:\/\/www.generationsanstabac.org\/en\/wp-json\/wp\/v2\/media\/10634"}],"wp:attachment":[{"href":"https:\/\/www.generationsanstabac.org\/en\/wp-json\/wp\/v2\/media?parent=20459"}],"wp:term":[{"taxonomy":"post_tag","embeddable":true,"href":"https:\/\/www.generationsanstabac.org\/en\/wp-json\/wp\/v2\/tags?post=20459"},{"taxonomy":"thematique","embeddable":true,"href":"https:\/\/www.generationsanstabac.org\/en\/wp-json\/wp\/v2\/thematique?post=20459"}],"curies":[{"name":"wp","href":"https:\/\/api.w.org\/{rel}","templated":true}]}}