{"id":20454,"date":"2021-09-01T13:34:15","date_gmt":"2021-09-01T11:34:15","guid":{"rendered":"https:\/\/www.generationsanstabac.org\/actualites\/covid-19-tabagisme-et-cancer-les-liaisons-dangereuses\/"},"modified":"2021-09-01T13:34:15","modified_gmt":"2021-09-01T11:34:15","slug":"covid-19-tabagisme-et-cancer-les-liaisons-dangereuses","status":"publish","type":"actualites","link":"https:\/\/www.generationsanstabac.org\/en\/actualites\/covid-19-tabagisme-et-cancer-les-liaisons-dangereuses\/","title":{"rendered":"Covid 19, smoking and cancer: dangerous connections"},"content":{"rendered":"<p style=\"text-align: justify;\"><em>Un article publi\u00e9 le 16 ao\u00fbt dans The Lancet Respiratory Medicine souligne une hausse inqui\u00e9tante du nombre d\u2019incidences et de d\u00e9c\u00e8s dus \u00e0 des cancers de la trach\u00e9e, des bronches, du poumon et du larynx. Dans un \u00e9ditorial paru dans la m\u00eame revue m\u00e9dicale, des chercheurs insistent sur la n\u00e9cessit\u00e9 de lutter plus intens\u00e9ment contre le tabagisme mondial<a href=\"#_ftn1\" name=\"_ftnref1\"><strong>[1]<\/strong><\/a>. <\/em><\/p>\n<p style=\"text-align: justify;\">L\u2019article rapporte les derni\u00e8res donn\u00e9es mondiales sur l\u2019incidence et la mortalit\u00e9 des cancers de la trach\u00e9e, du larynx, des bronches et des poumons entre 1990 et 2009. Au niveau mondial, 2,26 millions de nouveaux cas ont \u00e9t\u00e9 recens\u00e9s, 2,04 millions de morts et 45,9 millions d\u2019ann\u00e9es d&rsquo;esp\u00e9rance de vie corrig\u00e9e de l&rsquo;incapacit\u00e9 (EVCI), c\u2019est-\u00e0-dire le nombre d\u2019ann\u00e9es en bonne sant\u00e9 perdues<a href=\"#_ftn2\" name=\"_ftnref2\">[2]<\/a>.<\/p>\n<h2 style=\"text-align: justify;\"><strong>Les cat\u00e9gories d\u00e9favoris\u00e9es et les femmes en premi\u00e8re ligne<\/strong><\/h2>\n<p style=\"text-align: justify;\">Ces chiffres ont notamment augment\u00e9 aupr\u00e8s des cat\u00e9gories socio-\u00e9conomiques d\u00e9favoris\u00e9es et des femmes, suivant la trajectoire des sch\u00e9mas et des niveaux de consommation tabagique mondiaux. Sans surprise, le tabagisme est la premi\u00e8re charge mondiale de morbidit\u00e9<a href=\"#_ftn3\" name=\"_ftnref3\">[3]<\/a>, en \u00e9tant \u00e0 l\u2019origine de 76,2% des d\u00e9c\u00e8s par cancer de la trach\u00e9e, des bronches et du poumon chez les hommes, et 38,9% chez les femmes. Ces derni\u00e8res sont \u00e9galement particuli\u00e8rement expos\u00e9es \u00e0 cette cat\u00e9gorie de cancers, notamment en raison de la pollution de l&rsquo;air domestique et de la pollution par les particules ambiantes. Ces facteurs de risque ont \u00e9t\u00e9 class\u00e9s comme la premi\u00e8re cause de charge de morbidit\u00e9 dans certaines r\u00e9gions d&rsquo;Afrique et d&rsquo;Asie. Toutefois, les chiffres pr\u00e9sent\u00e9s sont ant\u00e9rieurs \u00e0 la Covid-19, alors qu\u2019il est d\u00e9sormais \u00e9tabli que la pand\u00e9mie a eu un impact n\u00e9gatif sur le diagnostic et le traitement pr\u00e9coces des cancers, comme celui du poumon. Par ailleurs, la recherche montre que les cat\u00e9gories socio-\u00e9conomiques d\u00e9favoris\u00e9es ont \u00e9t\u00e9 affect\u00e9es de mani\u00e8re disproportionn\u00e9e en mati\u00e8re de risque de maladie pulmonaire et dans l\u2019acc\u00e8s aux structures de sant\u00e9.<\/p>\n<h2 style=\"text-align: justify;\"><strong>Covid-19, tabagisme et industrie du tabac<\/strong><\/h2>\n<p style=\"text-align: justify;\">L\u2019infection au coronavirus et les cancers du poumon partageant un certain nombre de sympt\u00f4mes (toux persistante, essoufflement, etc), les diagnostics de ces cancers ont pu en \u00eatre encore davantage retard\u00e9s. Comme le souligne The Lancet, la pand\u00e9mie de Covid-19 aurait pu \u00eatre saisie comme une opportunit\u00e9 de r\u00e9duire la pr\u00e9valence tabagique dans le monde, par des campagnes concert\u00e9es de sensibilisation, un meilleur accompagnement et l\u2019utilisation de la technologie num\u00e9rique. Pourtant, selon les chiffres de l\u2019Action on Smoking and Health, si les premiers mois de la pand\u00e9mie se sont traduits par une baisse de la consommation au Royaume-Uni, cette derni\u00e8re semble avoir augment\u00e9 au cours de 2021.<\/p>\n<p style=\"text-align: justify;\">Parmi les \u00e9l\u00e9ments d\u2019explication de cette hausse, les chercheurs avancent notamment les effets du stress, d\u2019un sentiment d\u2019ennui et d\u2019isolement associ\u00e9 aux p\u00e9riodes de confinement. Par ailleurs, la controverse sur le r\u00f4le soi-disant protecteur de la nicotine a contribu\u00e9 \u00e0 semer une certaine confusion et \u00e0 affaiblir les politiques de contr\u00f4le du tabac. Enfin, les compagnies de tabac ont rapidement vu dans la pand\u00e9mie une opportunit\u00e9 mercantile, faisant pression pour que leurs produits soient consid\u00e9r\u00e9s comme \u00ab essentiels \u00bb et fournissant \u00e0 plusieurs pays \u00e0 forte pr\u00e9valence tabagique du mat\u00e9riel de protection, faisant valoir la responsabilit\u00e9 sociale des entreprises. Ces strat\u00e9gies ont \u00e9galement contribu\u00e9 \u00e0 retarder l\u2019adoption de mesures essentielles de luttes contre le tabagisme, report\u00e9es en raison du contexte de pand\u00e9mie et des op\u00e9rations de communication pour am\u00e9liorer leur image publique.<\/p>\n<h2 style=\"text-align: justify;\"><strong>R\u00e9pondre \u00e0 une urgence sanitaire mondiale <\/strong><\/h2>\n<p style=\"text-align: justify;\">Plusieurs organismes de sant\u00e9 ont propos\u00e9 des strat\u00e9gies pour r\u00e9pondre \u00e0 la situation actuelle. L\u2019European Respiratory Society et 27 autres organisations ont ainsi interpell\u00e9 la Commission sp\u00e9ciale du Parlement europ\u00e9en sur la lutte contre le cancer. L\u2019objectif est de permettre une augmentation de 20% du diagnostic pr\u00e9coce du cancer du poumon, de mettre en place des campagnes de sensibilisation, de promouvoir des programmes europ\u00e9ens et de relier les expertises entre elles gr\u00e2ce \u00e0 des centres multidisciplinaires d\u2019excellence.<\/p>\n<p style=\"text-align: justify;\">La situation sanitaire en mati\u00e8re de cancer est pourtant particuli\u00e8rement probl\u00e9matique en Europe, avec un million de cas de cancer non diagnostiqu\u00e9s, 100 millions de tests de d\u00e9pistage non effectu\u00e9s, une personne sur deux pr\u00e9sentant des sympt\u00f4mes non hospitalis\u00e9e en urgence, et une personne sur cinq ne recevant pas le traitement n\u00e9cessaire. Comme l\u2019avance The Lancet, les chiffres dans les pays \u00e0 faibles et moyens niveaux de revenus seront probablement pires.<\/p>\n<p style=\"text-align: justify;\">La pand\u00e9mie de Covid-19, en plus d\u2019aggraver la charge mondiale de morbidit\u00e9 pour les cancers respiratoires, a mis en \u00e9vidence l\u2019importance des in\u00e9galit\u00e9s sanitaires dans le monde, qui continuent aujourd\u2019hui \u00e0 cro\u00eetre. Selon les auteurs, l\u2019explosion des technologies num\u00e9riques auraient pu \u00eatre davantage mise \u00e0 profit en cherchant \u00e0 atteindre les personnes \u00e0 hauts risques et servant d\u2019outil de lutte contre le tabagisme mondial.<\/p>\n<p><strong>Mots cl\u00e9s : Cancer, COVID, Etude<br \/>\n<\/strong><\/p>\n<p><strong><a href=\"https:\/\/www.generationsanstabac.org\/\">\u00a9G\u00e9n\u00e9ration Sans Tabac<\/a><\/strong><\/p>\n<p style=\"text-align: right;\"><em><strong>FT<\/strong><\/em><\/p>\n<hr \/>\n<p style=\"text-align: justify;\"><a href=\"#_ftnref1\" name=\"_ftn1\">[1]<\/a> The Lancet Respiratory Medicine, <a href=\"https:\/\/doi.org\/10.1016\/S2213-2600(21)00373-8\">COVID-19, smoking, and cancer: a dangerous liaison<\/a>, 16\/08\/2021, (consult\u00e9 le 01\/09\/2021)<\/p>\n<p style=\"text-align: justify;\"><a href=\"#_ftnref2\" name=\"_ftn2\">[2]<\/a> The Lancet Respiratory Medicine, <a href=\"https:\/\/www.thelancet.com\/journals\/lanres\/article\/PIIS2213-2600(21)00164-8\/fulltext#seccestitle10\">Global, regional, and national burden of respiratory tract cancers and associated risk factors from 1990 to 2019: a systematic analysis for the Global Burden of Disease Study 2019<\/a>, 16\/08.2021, (consult\u00e9 le 01\/09\/2021)<\/p>\n<p style=\"text-align: justify;\"><a href=\"#_ftnref3\" name=\"_ftn3\">[3]<\/a> Mobilis\u00e9 par l\u2019Organisation mondiale de la sant\u00e9, la charge de morbidit\u00e9 est un concept visant \u00e0 \u00e9valuer l\u2019impact des probl\u00e8mes de sant\u00e9 en quantifiant la perte de vie en bonne sant\u00e9 d\u2019une population.<\/p>\n<p><span style=\"color: #999999;\"><strong><a style=\"color: #999999;\" href=\"http:\/\/www.cnct.fr\/\" target=\"_blank\" rel=\"noopener noreferrer\">Comit\u00e9 National Contre le Tabagisme |<\/a><\/strong><\/span><\/p>\n","protected":false},"excerpt":{"rendered":"<p>An article published on August 16 in The Lancet Respiratory Medicine highlights a worrying increase in the number of cases and deaths from cancers of the trachea, bronchus, lung, and larynx. In an editorial published in the same medical journal, researchers emphasize the need to intensify efforts to combat global tobacco use.<\/p>","protected":false},"featured_media":19732,"template":"","tags":[],"thematique":[474],"class_list":["post-20454","actualites","type-actualites","status-publish","has-post-thumbnail","hentry","thematique-sante"],"acf":[],"_links":{"self":[{"href":"https:\/\/www.generationsanstabac.org\/en\/wp-json\/wp\/v2\/actualites\/20454","targetHints":{"allow":["GET"]}}],"collection":[{"href":"https:\/\/www.generationsanstabac.org\/en\/wp-json\/wp\/v2\/actualites"}],"about":[{"href":"https:\/\/www.generationsanstabac.org\/en\/wp-json\/wp\/v2\/types\/actualites"}],"version-history":[{"count":0,"href":"https:\/\/www.generationsanstabac.org\/en\/wp-json\/wp\/v2\/actualites\/20454\/revisions"}],"wp:featuredmedia":[{"embeddable":true,"href":"https:\/\/www.generationsanstabac.org\/en\/wp-json\/wp\/v2\/media\/19732"}],"wp:attachment":[{"href":"https:\/\/www.generationsanstabac.org\/en\/wp-json\/wp\/v2\/media?parent=20454"}],"wp:term":[{"taxonomy":"post_tag","embeddable":true,"href":"https:\/\/www.generationsanstabac.org\/en\/wp-json\/wp\/v2\/tags?post=20454"},{"taxonomy":"thematique","embeddable":true,"href":"https:\/\/www.generationsanstabac.org\/en\/wp-json\/wp\/v2\/thematique?post=20454"}],"curies":[{"name":"wp","href":"https:\/\/api.w.org\/{rel}","templated":true}]}}