{"id":20448,"date":"2021-08-25T12:46:10","date_gmt":"2021-08-25T10:46:10","guid":{"rendered":"https:\/\/www.generationsanstabac.org\/actualites\/tolle-autour-du-rachat-de-vectura-par-philip-morris\/"},"modified":"2021-08-25T12:46:10","modified_gmt":"2021-08-25T10:46:10","slug":"tolle-autour-du-rachat-de-vectura-par-philip-morris","status":"publish","type":"actualites","link":"https:\/\/www.generationsanstabac.org\/en\/actualites\/tolle-autour-du-rachat-de-vectura-par-philip-morris\/","title":{"rendered":"Philip Morris&#039;s Vectura Acquisition Causes Uproar"},"content":{"rendered":"<p style=\"text-align: justify;\"><em>Le rachat du laboratoire britannique Vectura par Philip Morris International (PMI) n\u2019a \u00e9t\u00e9 conclu le 12 ao\u00fbt dernier qu\u2019au prix d\u2019une surench\u00e8re et d\u2019une forte pol\u00e9mique avec les acteurs de sant\u00e9 publique. <\/em><\/p>\n<p style=\"text-align: justify;\">La bataille financi\u00e8re pour le rachat du laboratoire Vectura a commenc\u00e9 en mai 2021 avec une proposition du fonds d\u2019investissement am\u00e9ricain Carlyle. Philip Morris avait rench\u00e9ri le 9 juillet avec une offre de 948 millions de livres, sur laquelle Carlyle avait fait une contre-offre. C\u2019est finalement PMI qui l\u2019a emport\u00e9 le 12 ao\u00fbt en d\u00e9boursant 1,1 milliard de livres (1,3 milliard d\u2019Euros) pour s\u2019offrir un fleuron pharmaceutique des maladies respiratoires. Les actionnaires de Vectura ont n\u00e9anmoins soixante jours pour ent\u00e9riner cette d\u00e9cision.<\/p>\n<h2 style=\"text-align: justify;\"><strong>La sant\u00e9 publique mise en danger <\/strong><\/h2>\n<p style=\"text-align: justify;\">Sp\u00e9cialiste du traitement de l\u2019asthme, de la broncho-pneumopathie chronique obstructive (BPCO) et des maladies respiratoires, Vectura produit des traitements pharmaceutiques et des inhalateurs pour l\u2019asthme. Un partenariat avec la soci\u00e9t\u00e9 britannique Inspira doit prochainement l\u2019amener \u00e0 pr\u00e9senter un nouveau m\u00e9dicament par inhalation contre la COVID-19<a href=\"#_ftn1\" name=\"_ftnref1\">[1]<\/a>. Le rachat de Vectura permet ainsi non seulement \u00e0 Philip Morris de continuer son implantation dans le secteur m\u00e9dical apr\u00e8s le rachat de Fertin Pharma<a href=\"#_ftn2\" name=\"_ftnref2\">[2]<\/a>, mais place aussi la multinationale dans une situation o\u00f9 elle vendra \u00e0 la fois des milliards de cigarettes et les outils m\u00e9dicaux pour soigner les maladies provoqu\u00e9es par le tabagisme.<\/p>\n<p style=\"text-align: justify;\">Cette antinomie a vivement fait r\u00e9agir les acteurs de sant\u00e9 d\u2019outre-Manche, qui consid\u00e8rent cette acquisition comme un scandale de sant\u00e9 publique. Fin juillet, l\u2019Universit\u00e9 de Nothingham avait mis en garde son partenaire Vectura contre les cons\u00e9quences acad\u00e9miques de son rachat, estimant, tout comme l\u2019Imperial College London, le King\u2019s College London ou l\u2019University College London, que sa charte ne pouvait accepter de conduire des recherches en collaboration avec des repr\u00e9sentants de l\u2019industrie du tabac<a href=\"#_ftn3\" name=\"_ftnref3\">[3]<\/a>. Le rapprochement avec PMI pourrait ainsi priver Vectura de fonds de recherche, mais aussi de publications et de conf\u00e9rences scientifiques, ce qui risque de nuire profond\u00e9ment \u00e0 la renomm\u00e9e de cette soci\u00e9t\u00e9.<\/p>\n<p style=\"text-align: justify;\">Une coalition d\u2019associations nationales et internationales (British Lung Foundation, Action for Smoking and Health, American Lung Association) a demand\u00e9 au gouvernement britannique d\u2019emp\u00eacher la transaction au nom du respect de l\u2019article 5.3 de la Convention-Cadre pour la lutte antitabac (CCLAT), ratifi\u00e9 par le Royaume-Uni d\u00e8s 2004. Jusqu\u2019\u00e0 la derni\u00e8re minute, cette coalition a tent\u00e9 de peser sur la d\u00e9cision du conseil d\u2019administration en l\u2019invitant \u00e0 faire <em>\u00ab le bon choix \u00e9thique \u00bb<\/em>, avant que ce dernier ne tranche \u00e0 l\u2019unanimit\u00e9 le 12 ao\u00fbt en faveur de PMI pour des motifs strictement financiers<a href=\"#_ftn4\" name=\"_ftnref4\">[4]<\/a>.<\/p>\n<h2 style=\"text-align: justify;\"><strong>Quels enseignements tirer du rachat de Vectura ?  <\/strong><\/h2>\n<p style=\"text-align: justify;\">Le rachat de Vectura pose de nombreux probl\u00e8mes, \u00e0 la fois \u00e9thiques, en jouant la carte du profit sur tous les tableaux, diplomatiques, en contrevenant \u00e0 l\u2019article 5.3 de la CCLAT, mais aussi financiers, en pla\u00e7ant certains fonds d\u2019investissement dans une situation d\u00e9licate. Les fonds d\u2019investissement proposant des fonds d\u2019actions \u00e9thiques auront ainsi du mal \u00e0 conserver leurs parts dans Vectura. La pr\u00e9sence d\u2019un cigarettier parmi ses administrateurs pourrait ainsi co\u00fbter cher \u00e0 Vectura, dont le cours de l\u2019action s\u2019est r\u00e9cemment gonfl\u00e9 de 30%.<\/p>\n<p style=\"text-align: justify;\">Les efforts des dirigeants de Vectura et de PMI pour tenter de convaincre que la soci\u00e9t\u00e9 Vectura restera \u00ab ind\u00e9pendante \u00bb et constituera une \u00ab unit\u00e9 autonome \u00bb n\u2019ont rassur\u00e9 personne, l\u2019industrie du tabac \u00e9tant une habitu\u00e9e de la d\u00e9sinformation et des promesses non tenues. <em>\u00ab Acheter une entreprise m\u00e9dicale, ou m\u00eame plusieurs, ne fait pas de PMI un acteur de sant\u00e9 \u00bb<\/em>, soulignait l\u2019organisation STOP en commentant le rachat de Vectura. Le discours en apparence volontariste, tenu par PMI et sa Fondation pour un monde sans fum\u00e9e, appelant \u00e0 \u00ab interdire le tabac \u00bb et \u00e0 se poser en interlocuteur sur les questions de sant\u00e9, est ainsi en permanence contredit par les faits : s\u2019il d\u00e9veloppe de colossaux efforts pour vendre ses produits de tabac chauff\u00e9\/grill\u00e9 dans les pays occidentaux, PMI n\u00e9gocie en m\u00eame temps sa licence pour b\u00e2tir une nouvelle usine de cigarettes en Egypte<a href=\"#_ftn5\" name=\"_ftnref5\">[5]<\/a>.<\/p>\n<p style=\"text-align: justify;\">Cette contradiction flagrante devrait au contraire inciter les Etats \u00e0 prendre les cigarettiers au mot et \u00e0 engager plus nettement des politiques visant \u00e0 faire rapidement interdire le tabac fum\u00e9, sans attendre 2035, plut\u00f4t que de ne l\u2019envisager qu\u2019une fois effectu\u00e9e la transition vers les autres produits de tabac, suppos\u00e9ment moins nocifs. Les consid\u00e9rables moyens financiers de l\u2019industrie du tabac pourraient quant \u00e0 eux \u00eatre consacr\u00e9s \u00e0 l\u2019impliquer davantage, au titre du principe pollueur \u2013 payeur et de la responsabilit\u00e9 \u00e9largie des producteurs, dans la r\u00e9paration des dommages sanitaires et environnementaux qu\u2019elle occasionne.<\/p>\n<p style=\"text-align: justify;\"><strong>Mots-cl\u00e9s : Vectura, Fertin Pharma, PMI, CCLAT<\/strong><\/p>\n<p style=\"text-align: justify;\"><strong><a href=\"https:\/\/www.generationsanstabac.org\/\">\u00a9G\u00e9n\u00e9ration Sans Tabac<\/a><\/strong><\/p>\n<p style=\"text-align: right;\"><strong><em>MF<\/em><\/strong><\/p>\n<hr \/>\n<p style=\"text-align: justify;\"><a href=\"#_ftnref1\" name=\"_ftn1\">[1]<\/a> PL\/AFP, BFM Business, <a href=\"https:\/\/www.bfmtv.com\/economie\/entreprises\/philip-morris-rachete-le-specialiste-des-inhalateurs-medicaux-vectura_AD-202108130303.html\"><em>Philip Morris rach\u00e8te le sp\u00e9cialiste des inhalateurs m\u00e9dicaux vectura<\/em><\/a><em>, <\/em>publi\u00e9 le 13 ao\u00fbt 2021, (consult\u00e9 le 16 ao\u00fbt 2021).<\/p>\n<p style=\"text-align: justify;\"><a href=\"#_ftnref2\" name=\"_ftn2\">[2]<\/a> G\u00e9n\u00e9ration Sans Tabac, <a href=\"https:\/\/www.generationsanstabac.org\/?s=cannabis\"><em>Philip Morris rach\u00e8te Fertin Pharma, un sp\u00e9cialiste des substituts nicotiniques<\/em><\/a><em>,  <\/em>publi\u00e9 le 5 juillet 2021, (consult\u00e9 le 23 juillet 2021)<\/p>\n<p style=\"text-align: justify;\"><a href=\"#_ftnref3\" name=\"_ftn3\">[3]<\/a> Boland H, The Telegraph, <a href=\"https:\/\/www.telegraph.co.uk\/business\/2021\/08\/01\/vectura-risks-university-research-block-philip-morris-takeover\/\"><em>Vectura risks university research block after Philip Morris takeover<\/em><\/a><em>, <\/em>publi\u00e9 le 1<sup>er<\/sup> ao\u00fbt 2021, (consult\u00e9 le 16 ao\u00fbt 2021)<\/p>\n<p style=\"text-align: justify;\"><a href=\"#_ftnref4\" name=\"_ftn4\">[4]<\/a> Kollewe J, Neate R, The Guardian, <a href=\"https:\/\/www.theguardian.com\/business\/2021\/aug\/12\/pressure-grows-on-vectura-board-to-reject-philip-morris-takeover-bid\"><em>Vectura board unanimously accepts Philip Morris\u2019s controversial takeover bid<\/em><\/a><em>, p<\/em>ubli\u00e9 le 12 ao\u00fbt 2021, (consult\u00e9 le 16 ao\u00fbt 2021)<\/p>\n<p style=\"text-align: justify;\"><a href=\"#_ftnref5\" name=\"_ftn5\">[5]<\/a> STOP, <a href=\"https:\/\/exposetobacco.org\/news\/vectura-pmi-takeover\/\"><em>The World\u2019s Biggest Tobacco Company Has No Business in Health<\/em><\/a>, publi\u00e9 le 13 ao\u00fbt 2021, (consult\u00e9 le 16 ao\u00fbt 2021)<\/p>\n<p style=\"text-align: justify;\"><span style=\"color: #999999;\"><strong><a style=\"color: #999999;\" href=\"http:\/\/www.cnct.fr\/\" target=\"_blank\" rel=\"noopener noreferrer\">Comit\u00e9 National Contre le Tabagisme |<\/a><\/strong><\/span><\/p>\n","protected":false},"excerpt":{"rendered":"<p>The acquisition of the British laboratory Vectura by Philip Morris International (PMI) was only concluded on August 12th at the cost of a bidding war and a strong controversy with public health stakeholders.<\/p>","protected":false},"featured_media":20442,"template":"","tags":[],"thematique":[499,474],"class_list":["post-20448","actualites","type-actualites","status-publish","has-post-thumbnail","hentry","thematique-lobby","thematique-sante"],"acf":[],"_links":{"self":[{"href":"https:\/\/www.generationsanstabac.org\/en\/wp-json\/wp\/v2\/actualites\/20448","targetHints":{"allow":["GET"]}}],"collection":[{"href":"https:\/\/www.generationsanstabac.org\/en\/wp-json\/wp\/v2\/actualites"}],"about":[{"href":"https:\/\/www.generationsanstabac.org\/en\/wp-json\/wp\/v2\/types\/actualites"}],"version-history":[{"count":0,"href":"https:\/\/www.generationsanstabac.org\/en\/wp-json\/wp\/v2\/actualites\/20448\/revisions"}],"wp:featuredmedia":[{"embeddable":true,"href":"https:\/\/www.generationsanstabac.org\/en\/wp-json\/wp\/v2\/media\/20442"}],"wp:attachment":[{"href":"https:\/\/www.generationsanstabac.org\/en\/wp-json\/wp\/v2\/media?parent=20448"}],"wp:term":[{"taxonomy":"post_tag","embeddable":true,"href":"https:\/\/www.generationsanstabac.org\/en\/wp-json\/wp\/v2\/tags?post=20448"},{"taxonomy":"thematique","embeddable":true,"href":"https:\/\/www.generationsanstabac.org\/en\/wp-json\/wp\/v2\/thematique?post=20448"}],"curies":[{"name":"wp","href":"https:\/\/api.w.org\/{rel}","templated":true}]}}