{"id":20420,"date":"2021-07-06T08:44:55","date_gmt":"2021-07-06T06:44:55","guid":{"rendered":"https:\/\/www.generationsanstabac.org\/actualites\/danemark-adoption-paquet-neutre-certains-produits-tabac-vapotage\/"},"modified":"2021-07-06T08:44:55","modified_gmt":"2021-07-06T06:44:55","slug":"danemark-adoption-paquet-neutre-certains-produits-tabac-vapotage","status":"publish","type":"actualites","link":"https:\/\/www.generationsanstabac.org\/en\/actualites\/danemark-adoption-paquet-neutre-certains-produits-tabac-vapotage\/","title":{"rendered":"Denmark: adoption of plain packaging for certain tobacco and vaping products"},"content":{"rendered":"<p style=\"text-align: justify;\"><em>Le Parlement danois a adopt\u00e9 en d\u00e9cembre 2020 un amendement \u00e0 la loi nationale sur le tabac<a href=\"#_ftn1\" name=\"_ftnref1\"><strong>[1]<\/strong><\/a>, \u00e9tablissant une obligation de garantir que \u00ab chaque unit\u00e9 de conditionnement et tout emballage des produits du tabac soit standardis\u00e9 \u00bb. Cette exigence ne s&rsquo;applique pas aux cigares, au tabac \u00e0 pipe et au tabac chauff\u00e9\/grill\u00e9 mais par d\u00e9cret<\/em><a href=\"#_ftn2\" name=\"_ftnref2\">[2]<\/a><em>, elle est \u00e9tendue aux flacons de recharge pour les cigarettes \u00e9lectroniques avec et sans nicotine.<\/em><\/p>\n<p style=\"text-align: justify;\">Le paquet neutre pour les cigarettes et le tabac \u00e0 rouler ainsi que pour les produits \u00e0 fumer \u00e0 base de plantes entrera en vigueur au niveau de la production le 1er juillet 2021. La mesure sera rendue obligation \u00e0 la vente au d\u00e9tail \u00e0 partir du 1er avril 2022. Pour les cigarettes \u00e9lectroniques et les flacons de recharge (avec ou sans nicotine), la disposition entrera en vigueur le 1er octobre 2021 pour la fabrication et le 1er octobre 2022 pour la commercialisation au d\u00e9tail.<\/p>\n<h2 style=\"text-align: justify;\"><strong>Une mesure qui a fait ses preuves dans le monde<\/strong><\/h2>\n<p style=\"text-align: justify;\">Le paquet neutre pour les produits du tabac fait partie des mesures recommand\u00e9es dans les directives d\u2019application <a href=\"https:\/\/www.who.int\/fctc\/treaty_instruments\/article_11_fr.pdf?ua=1\">l&rsquo;article 11 de la Convention-Cadre pour la lutte antitabac<\/a> (CCLAT) de l&rsquo;OMS portant sur le conditionnement et l&rsquo;\u00e9tiquetage des produits du tabac et \u00e9galement dans <a href=\"https:\/\/www.who.int\/fctc\/guidelines\/article_13_fr.pdf?ua=1\">celles relatives \u00e0 l\u2019interdiction de toute forme de publicit\u00e9 en faveur de ces produits<\/a>. Ses objectifs sont nombreux :<\/p>\n<p style=\"text-align: justify;\">&#8211; augmenter la visibilit\u00e9 et l&rsquo;efficacit\u00e9 des mises en garde sanitaires.<\/p>\n<p style=\"text-align: justify;\">&#8211; pr\u00e9venir les techniques d&#8217;emballages qui sugg\u00e8rent que certains produits sont moins nocifs que d&rsquo;autres ;<\/p>\n<p style=\"text-align: justify;\">&#8211; r\u00e9duire l&rsquo;attractivit\u00e9 des produits du tabac ;<\/p>\n<p style=\"text-align: justify;\">&#8211; \u00e9liminer l&rsquo;effet des emballages de tabac en tant que forme de publicit\u00e9 et de promotion.<\/p>\n<p style=\"text-align: justify;\">Le Danemark sera le 9<sup>\u00e8me<\/sup> pays en Europe et le 18<sup>\u00e8me<\/sup> dans le monde \u00e0 introduire le paquet neutre pour les produits du tabac.<\/p>\n<table style=\"height: 1349px;\" width=\"981\">\n<tbody>\n<tr>\n<td width=\"302\"><\/td>\n<td colspan=\"2\" width=\"604\">\n<p style=\"text-align: center;\"><strong>INTRODUCTION<\/strong><\/p>\n<\/td>\n<\/tr>\n<tr>\n<td style=\"text-align: center;\" width=\"302\"><strong>PAYS<\/strong><\/td>\n<td style=\"text-align: center;\" width=\"302\"><strong>Au niveau de la fabrication<\/strong><\/td>\n<td width=\"302\">\n<p style=\"text-align: center;\"><strong>Au niveau de la vente<\/strong><\/p>\n<\/td>\n<\/tr>\n<tr>\n<td width=\"302\"><\/td>\n<td width=\"302\"><\/td>\n<td width=\"302\"><\/td>\n<\/tr>\n<tr>\n<td width=\"302\">Australie<\/td>\n<td width=\"302\">1<sup>er<\/sup> octobre 2012<\/td>\n<td width=\"302\">1<sup>er<\/sup> d\u00e9cembre 2012<\/td>\n<\/tr>\n<tr>\n<td width=\"302\">France<\/td>\n<td width=\"302\">20 mai 2016<\/td>\n<td width=\"302\">1<sup>er<\/sup> janvier 2017<\/td>\n<\/tr>\n<tr>\n<td width=\"302\">Royaume-Uni<\/td>\n<td width=\"302\">20 mai 2016<\/td>\n<td width=\"302\">20 mai 2017<\/td>\n<\/tr>\n<tr>\n<td width=\"302\">Nouvelle-Z\u00e9lande<\/td>\n<td width=\"302\">14 mars 2018<\/td>\n<td width=\"302\">6 juin 2018<\/td>\n<\/tr>\n<tr>\n<td width=\"302\">Norv\u00e8ge<\/td>\n<td width=\"302\">1<sup>er<\/sup> juillet 2017<\/td>\n<td width=\"302\">1<sup>er<\/sup> juillet 2018<\/td>\n<\/tr>\n<tr>\n<td width=\"302\">Irlande<\/td>\n<td width=\"302\">30 septembre 2017<\/td>\n<td width=\"302\">20 septembre 2018<\/td>\n<\/tr>\n<tr>\n<td width=\"302\">Tha\u00eflande<\/td>\n<td width=\"302\">10 septembre 2019<\/td>\n<td width=\"302\">8 d\u00e9cembre 2019<\/td>\n<\/tr>\n<tr>\n<td width=\"302\">Uruguay<\/td>\n<td width=\"302\">21 d\u00e9cembre 2019<\/td>\n<td width=\"302\">21 d\u00e9cembre 2019<\/td>\n<\/tr>\n<tr>\n<td width=\"302\">Arabie Saoudite<\/td>\n<td width=\"302\">23 ao\u00fbt 2019<\/td>\n<td width=\"302\">1<sup>er<\/sup> janvier 2020<\/td>\n<\/tr>\n<tr>\n<td width=\"302\">Slov\u00e9nie<\/td>\n<td width=\"302\">1<sup>er<\/sup> janvier 2020<\/td>\n<td width=\"302\">1<sup>er<\/sup> janvier 2020<\/td>\n<\/tr>\n<tr>\n<td width=\"302\">Turquie<\/td>\n<td width=\"302\">5 d\u00e9cembre 2019<\/td>\n<td width=\"302\">5 janvier 2020<\/td>\n<\/tr>\n<tr>\n<td width=\"302\">Isra\u00ebl<\/td>\n<td width=\"302\">8 janvier 2020<\/td>\n<td width=\"302\">8 janvier 2020<\/td>\n<\/tr>\n<tr>\n<td width=\"302\">Canada<\/td>\n<td width=\"302\">9 novembre 2019<\/td>\n<td width=\"302\">7 f\u00e9vrier 2020<\/td>\n<\/tr>\n<tr>\n<td width=\"302\">Singapour<\/td>\n<td width=\"302\">1<sup>er<\/sup> juillet 2020<\/td>\n<td width=\"302\">1<sup>er<\/sup> juillet 2020<\/td>\n<\/tr>\n<tr>\n<td width=\"302\">Belgique<\/td>\n<td width=\"302\">1<sup>er<\/sup> juillet 2020<\/td>\n<td width=\"302\">1<sup>er<\/sup> janvier 2021<\/td>\n<\/tr>\n<tr>\n<td width=\"302\">Pays-Bas<\/td>\n<td width=\"302\">1<sup>er<\/sup> octobre 2020<\/td>\n<td width=\"302\">1<sup>er<\/sup> octobre 2021<\/td>\n<\/tr>\n<tr>\n<td width=\"302\">Hongrie<\/td>\n<td width=\"302\">1<sup>er<\/sup> janvier 2022<\/td>\n<td width=\"302\">1<sup>er<\/sup> janvier 2022<\/td>\n<\/tr>\n<tr>\n<td width=\"302\">Danemark<\/td>\n<td width=\"302\">1<sup>er<\/sup> juillet 2021<\/td>\n<td width=\"302\">1<sup>er<\/sup> avril 2022<\/td>\n<\/tr>\n<\/tbody>\n<\/table>\n<p style=\"text-align: justify;\">En France, une enqu\u00eate<a name=\"_ftnref5\"><\/a> de l\u2019Inserm et de l\u2019INCA<a href=\"#_ftn3\" name=\"_ftnref3\">[3]<\/a>, depuis l\u2019instauration du paquet neutre en 2017, a en particulier soulign\u00e9 une am\u00e9lioration de la perception de la dangerosit\u00e9 du tabagisme par les adolescents apr\u00e8s l\u2019entr\u00e9e en vigueur de la mesure (83,9% en 2017, contre 78,9% en 2016). Les jeunes fumeurs apparaissent \u00e9galement \u00ab <em>moins attach\u00e9s \u00e0 leur marque de tabac<\/em> \u00bb en 2017 (23,9%), par rapport \u00e0 2016 (34,3%). Selon une enqu\u00eate de Sant\u00e9 Publique France<a href=\"#_ftn4\" name=\"_ftnref4\">[4]<\/a>, la part de fumeurs qui d\u00e9clarent que l\u2019aspect de leur paquet de cigarettes leur pla\u00eet a \u00e9t\u00e9 divis\u00e9e par trois entre 2017 (16 %) et 2016 (53 %), avant l\u2019entr\u00e9e en vigueur de la mesure.<\/p>\n<p style=\"text-align: justify;\">Au Royaume-Uni, dans une \u00e9tude publi\u00e9e dans la revue Tobacco Control<a href=\"#_ftn5\" name=\"_ftnref5\">[5]<\/a>, des chercheurs montrent que l\u2019adoption du paquet neutre associ\u00e9 \u00e0 une hausse des taxes sur les produits du tabac les moins chers a permis de r\u00e9duire consid\u00e9rablement les volumes des ventes de tabac dans le pays.<\/p>\n<h2 style=\"text-align: justify;\"><strong>Le Danemark, avant-gardiste dans la r\u00e9glementation sur les produits du vapotage<\/strong><\/h2>\n<p style=\"text-align: justify;\">Un seul pays \u2013 Isra\u00ebl \u2013 a jusqu&rsquo;\u00e0 pr\u00e9sent instaur\u00e9 l\u2019emballage neutre pour cigarettes \u00e9lectroniques (dispositif et liquides\/recharges). Les Pays-Bas pr\u00e9voient d&rsquo;exiger un emballage neutre pour les cigarettes \u00e9lectroniques en 2022<a href=\"#_ftn6\" name=\"_ftnref6\">[6]<\/a>.<\/p>\n<p style=\"text-align: justify;\">En d\u00e9cembre 2020<a href=\"#_ftn7\" name=\"_ftnref7\">[7]<\/a>, le Danemark a adopt\u00e9 des r\u00e9glementations strictes pour les produits du vapotage. Outre un emballage neutre pour les e-liquides, le pays introduira une taxe de 0,27 cts d\u2019euros par ml pour les liquides, qui devrait faire passer le tarif d\u2019un flacon de 10 ml, d\u2019environ 4 \u20ac aujourd\u2019hui, \u00e0 pr\u00e8s de 7 \u20ac.  Est \u00e9galement pr\u00e9vue une interdiction des ar\u00f4mes autres que le tabac et le menthol pour les cigarettes \u00e9lectroniques et une interdiction compl\u00e8te de la publicit\u00e9. Cette interdiction inclut l\u2019interdiction des \u00e9tals des produits qui ne pourront plus \u00eatre expos\u00e9s \u00e0 la vue du public sur les lieux de vente, \u00e0 compter du 1<sup>er<\/sup> avril 2022. Sur les sites marchands, il sera interdit de faire des promotions pour les produits tout comme il est aujourd\u2019hui interdit d\u2019afficher les photos des produits ainsi que les avis des clients. La seule possibilit\u00e9 pour les vendre en ligne se fait dor\u00e9navant sous la forme d\u2019une liste, sans photos ni graphiques, la mesure \u00e9tant d\u00e9j\u00e0 en vigueur.<\/p>\n<p style=\"text-align: justify;\"><img fetchpriority=\"high\" decoding=\"async\" class=\"alignnone wp-image-4248 \" src=\"https:\/\/www.generationsanstabac.org\/wp-content\/uploads\/2024\/07\/vuse-bat-danemark-1024x508.png\" alt=\"vuse-bat-danemark\" width=\"796\" height=\"395\" \/><\/p>\n<p style=\"text-align: justify;\">Figure 1 &#8211; Capture d&rsquo;\u00e9cran du site internet Vuse Danemark (BAT)<\/p>\n<p style=\"text-align: justify;\"><strong>Mots cl\u00e9s : Danemark, Paquet neutre, Emballage neutre, R\u00e9glementations, Vapotage<\/strong><\/p>\n<p>Cr\u00e9dit photo : <a href=\"https:\/\/ncdalliance.org\/news-events\/news\/today-is-world-no-tobacco-day-get-ready-for-plain-packaging\" target=\"_blank\" rel=\"noopener\">NCD Alliance<\/a><\/p>\n<p style=\"text-align: justify;\"><strong><a href=\"https:\/\/www.generationsanstabac.org\/\">\u00a9G\u00e9n\u00e9ration Sans Tabac<\/a><\/strong><\/p>\n<p style=\"text-align: right;\"><em><strong>A.E<\/strong><\/em><\/p>\n<hr \/>\n<p style=\"text-align: justify;\"><a href=\"#_ftnref1\" name=\"_ftn1\">[1]<\/a> <a href=\"https:\/\/www.retsinformation.dk\/eli\/lta\/2020\/2071\">Amendement modifiant la loi sur l&rsquo;interdiction de la publicit\u00e9 pour le tabac<\/a>, etc., la loi sur les produits du tabac, etc., la loi sur les cigarettes \u00e9lectroniques, etc. et diverses autres lois (LOV nr 2071 du 21\/12\/2020)<\/p>\n<p style=\"text-align: justify;\"><a href=\"#_ftnref2\" name=\"_ftn2\">[2]<\/a> D\u00e9cret ex\u00e9cutif sur la standardisation des emballages des cigarettes \u00e9lectroniques et des flacons de recharge avec et sans nicotine (BEK n\u00b0 699 du 19\/04\/2021)<\/p>\n<p style=\"text-align: justify;\"><a href=\"#_ftnref3\" name=\"_ftn3\">[3]<\/a> F. El-Khoury et al. \u00ab Plain tobacco packaging, increased graphic health warnings and adolescents\u2019 perceptions and initiation of smoking: DePICT, a French nationwide study \u00bb BMJ Tobbaco Control, novembre 2018. doi:<a href=\"http:\/\/dx.doi.org\/10.1136\/tobaccocontrol-2018-054573\">10.1136\/tobaccocontrol-2018-054573<\/a><\/p>\n<p style=\"text-align: justify;\"><a href=\"#_ftnref4\" name=\"_ftn4\">[4]<\/a> Pasquereau A, Andler R, Guignard R, Richard JB, Nguyen\u2011Thanh V et les groupes Barom\u00e8tre de Sant\u00e9 publique France 2016 et 2017. Perception du paquet de cigarettes par les fumeurs avant et apr\u00e8s la mise en place du paquet neutre. R\u00e9sultats des Barom\u00e8tres de Sant\u00e9 publique France 2016 et 2017. Saint\u2011Maurice : Sant\u00e9 publique France, 2019. 10 p.<\/p>\n<p style=\"text-align: justify;\"><a href=\"#_ftnref5\" name=\"_ftn5\">[5]<\/a> Hiscock R, Augustin NH, Branston JR<em>, et al<\/em> Longitudinal evaluation of the impact of standardised packaging and minimum excise tax on tobacco sales and industry revenue in the UK <em>Tobacco Control <\/em>Published Online First: 12 July 2020. doi: 10.1136\/tobaccocontrol-2019-055387<\/p>\n<p style=\"text-align: justify;\"><a href=\"#_ftnref6\" name=\"_ftn6\">[6]<\/a> <a href=\"https:\/\/untobaccocontrol.org\/impldb\/the-netherlands-implementation-of-plain-packaging-from-01-10-2020\/\">Site internet de la Convention-Cadre<\/a>, The Netherlands: Implementation of plain packaging from 01\/10\/2020, consult\u00e9 le 5 juillet 2021<\/p>\n<p style=\"text-align: justify;\"><a href=\"#_ftnref7\" name=\"_ftn7\">[7]<\/a> <a href=\"https:\/\/www.retsinformation.dk\/eli\/lta\/2020\/2071\">Amendement modifiant la loi sur l&rsquo;interdiction de la publicit\u00e9 pour le tabac<\/a>, etc., la loi sur les produits du tabac, etc., la loi sur les cigarettes \u00e9lectroniques, etc. et diverses autres lois (LOV nr 2071 du 21\/12\/2020)<\/p>\n<p style=\"text-align: justify;\"><span style=\"color: #999999;\"><strong><a style=\"color: #999999;\" href=\"http:\/\/www.cnct.fr\/\" target=\"_blank\" rel=\"noopener noreferrer\">Comit\u00e9 National Contre le Tabagisme |<\/a><\/strong><\/span><\/p>\n","protected":false},"excerpt":{"rendered":"<p>In December 2020, the Danish Parliament adopted an amendment to the Danish Tobacco Act, establishing a requirement to ensure that &quot;every single-pack and every packaging of tobacco products is standardized.&quot; This requirement does not apply to cigars, pipe tobacco, and heated\/roasted tobacco, but by decree, it has been extended to refill containers for e-cigarettes with and without nicotine.<\/p>","protected":false},"featured_media":20422,"template":"","tags":[],"thematique":[491],"class_list":["post-20420","actualites","type-actualites","status-publish","has-post-thumbnail","hentry","thematique-politiques-publiques"],"acf":[],"_links":{"self":[{"href":"https:\/\/www.generationsanstabac.org\/en\/wp-json\/wp\/v2\/actualites\/20420","targetHints":{"allow":["GET"]}}],"collection":[{"href":"https:\/\/www.generationsanstabac.org\/en\/wp-json\/wp\/v2\/actualites"}],"about":[{"href":"https:\/\/www.generationsanstabac.org\/en\/wp-json\/wp\/v2\/types\/actualites"}],"version-history":[{"count":0,"href":"https:\/\/www.generationsanstabac.org\/en\/wp-json\/wp\/v2\/actualites\/20420\/revisions"}],"wp:featuredmedia":[{"embeddable":true,"href":"https:\/\/www.generationsanstabac.org\/en\/wp-json\/wp\/v2\/media\/20422"}],"wp:attachment":[{"href":"https:\/\/www.generationsanstabac.org\/en\/wp-json\/wp\/v2\/media?parent=20420"}],"wp:term":[{"taxonomy":"post_tag","embeddable":true,"href":"https:\/\/www.generationsanstabac.org\/en\/wp-json\/wp\/v2\/tags?post=20420"},{"taxonomy":"thematique","embeddable":true,"href":"https:\/\/www.generationsanstabac.org\/en\/wp-json\/wp\/v2\/thematique?post=20420"}],"curies":[{"name":"wp","href":"https:\/\/api.w.org\/{rel}","templated":true}]}}